{"id":37718,"date":"2011-08-03T15:36:51","date_gmt":"2011-08-03T12:36:51","guid":{"rendered":"http:\/\/www.korhanyilmaz.com\/?p=37718"},"modified":"2011-08-03T20:32:17","modified_gmt":"2011-08-03T17:32:17","slug":"yargiclari-dinleyen-mufettise-sorusturma","status":"publish","type":"post","link":"http:\/\/www.korhanyilmaz.com\/?p=37718","title":{"rendered":"Yarg\u0131\u00e7lar\u0131 dinleyen m\u00fcfetti\u015fe soru\u015fturma&#8230;"},"content":{"rendered":"<p style=\"text-align: justify;\"><a href=\"http:\/\/www.korhanyilmaz.com\/wp-content\/uploads\/2011\/08\/3015.jpg\"  class=\"lightview\"><img loading=\"lazy\" decoding=\"async\" class=\"aligncenter size-full wp-image-37719\" title=\"\" src=\"http:\/\/www.korhanyilmaz.com\/wp-content\/uploads\/2011\/08\/3015.jpg\" alt=\"\" width=\"300\" height=\"225\" \/><\/a><\/p>\n<p style=\"text-align: justify;\">Dan\u0131\u015ftay 5. Daire, hakim ve savc\u0131lar\u0131n telefonlar\u0131n\u0131n dinlenmesi nedeniyle tart\u0131\u015fma konusu olan ve 12 Eyl\u00fcl&#8217;deki anayasa de\u011fi\u015fikli\u011fi ile HSYK&#8217;ya ba\u011flanmas\u0131na karar verilen Tefti\u015f Kurulu Ba\u015fkanl\u0131\u011f\u0131&#8217;n\u0131n uygulamalar\u0131 nedeniyle soru\u015fturulmas\u0131 gerekti\u011fine h\u00fckmetti.<\/p>\n<p style=\"text-align: justify;\">Dan\u0131\u015ftay, Adalet Bakanl\u0131\u011f\u0131&#8217;n\u0131n, YARSAV ve eski YARSAV Ba\u015fkan\u0131 \u00d6mer Faruk Emina\u011fao\u011flu&#8217;nun Tefti\u015f Kurulu ile ilgili \u015fikayetlerini i\u015fleme koymama karar\u0131n\u0131 hukuka ayk\u0131r\u0131 bularak iptal etti. <!--more--><\/p>\n<p style=\"text-align: justify;\"><a href=\"http:\/\/www.korhanyilmaz.com\/wp-content\/uploads\/2011\/08\/3017.jpg\"  class=\"lightview\"><img loading=\"lazy\" decoding=\"async\" class=\"alignleft size-full wp-image-37720\" style=\"margin-left: 15px; margin-right: 15px;\" src=\"http:\/\/www.korhanyilmaz.com\/wp-content\/uploads\/2011\/08\/3017.jpg\" alt=\"\" width=\"292\" height=\"202\" \/><\/a>Dan\u0131\u015ftay, bu kararla birlikte, Adalet Bakanl\u0131\u011f\u0131 Tefti\u015f Kurulu Y\u00f6netmeli\u011fi&#8217;nde yer alan, hakim ve savc\u0131lar\u0131n telefonlar\u0131n\u0131n m\u00fcfetti\u015flerce dinlenmesine olanak sa\u011flayan d\u00fczenlemeyi de iptal etti. Karara g\u00f6re, Tefti\u015f Kurulu&#8217;nun Ba\u015fkan\u0131, yard\u0131mc\u0131lar\u0131 ve birinci s\u0131n\u0131f m\u00fcfetti\u015fleri hakk\u0131nda soru\u015fturma ba\u015flat\u0131lmas\u0131 gerekiyor. Ancak, bu isimlerin t\u00fcm\u00fc hakk\u0131nda soru\u015fturma a\u00e7\u0131lmas\u0131 zorunlu oldu\u011fundan, bu soru\u015fturmay\u0131 kimin y\u00fcr\u00fctece\u011fi de soru i\u015faretleri yaratt\u0131.<\/p>\n<p style=\"text-align: justify;\"><strong>Emina\u011fao\u011flu ba\u015fvurdu<\/strong><\/p>\n<p style=\"text-align: justify;\">Tefti\u015f Kurulu Ba\u015fkanl\u0131\u011f\u0131&#8217;nca, Ergenekon yap\u0131lanmas\u0131 ile ba\u011flant\u0131l\u0131 oldu\u011fu iddias\u0131yla soru\u015fturulan Emina\u011fao\u011flu&#8217;nun Yarg\u0131tay binas\u0131ndaki dahili telefonu ve cep telefonlar\u0131, Tefti\u015f Kurulu Y\u00f6netmeli\u011fi&#8217;ne konulan bir d\u00fczenleme esas al\u0131narak dinlenmi\u015fti.<\/p>\n<p style=\"text-align: justify;\">Ergenekon savc\u0131lar\u0131n\u0131n y\u00fcr\u00fctt\u00fc\u011f\u00fc soru\u015fturmadan aklanmas\u0131n\u0131n ard\u0131ndan, Tefti\u015f Kurulu karar\u0131yla telefonlar\u0131n\u0131n dinlenmesine itiraz eden Emina\u011fao\u011flu ve YARSAV, y\u00f6netmeli\u011fin iptali ve dinleme yapan t\u00fcm m\u00fcfetti\u015flerin soru\u015fturulmas\u0131 i\u00e7in bakanl\u0131\u011fa ba\u015fvurdu. Bakanl\u0131\u011f\u0131n ba\u015fvuruyu yan\u0131ts\u0131z b\u0131rakmas\u0131 \u00fczerine, YARSAV ve Emina\u011fao\u011flu, Dan\u0131\u015ftay&#8217;da dava a\u00e7t\u0131.<\/p>\n<p style=\"text-align: justify;\"><strong>Temel h\u00fcrriyetler<\/strong><\/p>\n<p style=\"text-align: justify;\">Dan\u0131\u015ftay 5. Daire, daha \u00f6nce y\u00fcr\u00fctmesi durdurulan, m\u00fcfetti\u015flere h\u00e2kim karar\u0131yla telefon dinleme yetkisi veren d\u00fczenlemeyi iptal etti. Kararda, Anayasa Mahkemesi&#8217;nin, telefonlar\u0131n dinlenmesine y\u00f6nelik, &#8220;Dinleme, anayasan\u0131n ki\u015fi dokunulmazl\u0131\u011f\u0131, \u00f6zel hayat\u0131n korunmas\u0131 haberle\u015fme h\u00fcrriyeti, d\u00fc\u015f\u00fcnce h\u00fcrriyeti gibi bir\u00e7ok temel hak ve h\u00fcrriyetle ilgili ilkeleriyle do\u011frudan ilgilidir&#8221; yorumu an\u0131msat\u0131ld\u0131.<\/p>\n<p style=\"text-align: justify;\">Kararda, kanunlarda bulunmayan dinleme yetkisinin, m\u00fcfetti\u015flere y\u00f6netmelikle verilemeyece\u011fi ifade edildi. Karara g\u00f6re, Tefti\u015f Kurulu Ba\u015fkanl\u0131\u011f\u0131&#8217;n\u0131n y\u00f6netimi ve birinci s\u0131n\u0131f m\u00fcfetti\u015fleri hakk\u0131nda soru\u015fturma ba\u015flat\u0131lacak. \u0130ddialar ciddi bulunursa, ikinci soru\u015fturma s\u00fcrecine ge\u00e7ilecek.<\/p>\n<p style=\"text-align: justify;\">YARSAV ve Emina\u011fao\u011flu, Tefti\u015f Kurulu y\u00f6neticileri ile birinci s\u0131n\u0131f m\u00fcfetti\u015fleri, usule uygun olmayan bi\u00e7imde dinleme kararlar\u0131 ald\u0131rtt\u0131klar\u0131 iddias\u0131yla su\u00e7lam\u0131\u015ft\u0131. Su\u00e7 duyurular\u0131nda, baz\u0131 dinleme kararlar\u0131nda hakk\u0131nda dinleme talebinde bulunulan ki\u015filerin isimlerinin yer almad\u0131\u011f\u0131, su\u00e7 hanesine &#8220;faili me\u00e7hul&#8221; ifadesi yaz\u0131larak dinleme kararlar\u0131 al\u0131nd\u0131\u011f\u0131, dinleme kararlar\u0131n\u0131n m\u00fcfetti\u015flerin dinleme yetkisinin bulunmad\u0131\u011f\u0131 h\u00e2kim ya da savc\u0131 olmayan ki\u015filere kar\u015f\u0131 da uyguland\u0131\u011f\u0131, soru\u015fturma raporlar\u0131n\u0131n i\u00e7eri\u011finin s\u0131zd\u0131r\u0131ld\u0131\u011f\u0131 gibi iddialar yer al\u0131yor.<\/p>\n<p style=\"text-align: justify;\"><a href=\"http:\/\/www.cnnturk.com\/2011\/turkiye\/08\/03\/yargiclari.dinleyen.mufettise.sorusturma\/624982.0\/index.html\" target=\"_blank\">Kaynak : CNN T\u00dcRK<\/a><\/p>\n","protected":false},"excerpt":{"rendered":"<p style=\"text-align: justify;\">\n<p style=\"text-align: justify;\">Dan\u0131\u015ftay 5. Daire, hakim ve savc\u0131lar\u0131n telefonlar\u0131n\u0131n dinlenmesi nedeniyle tart\u0131\u015fma konusu olan ve 12 Eyl\u00fcl&#8217;deki anayasa de\u011fi\u015fikli\u011fi ile HSYK&#8217;ya ba\u011flanmas\u0131na karar verilen Tefti\u015f Kurulu Ba\u015fkanl\u0131\u011f\u0131&#8217;n\u0131n uygulamalar\u0131 nedeniyle soru\u015fturulmas\u0131 gerekti\u011fine h\u00fckmetti.<\/p>\n<p style=\"text-align: justify;\">Dan\u0131\u015ftay, Adalet Bakanl\u0131\u011f\u0131&#8217;n\u0131n, YARSAV ve eski YARSAV Ba\u015fkan\u0131 \u00d6mer Faruk Emina\u011fao\u011flu&#8217;nun Tefti\u015f Kurulu ile ilgili \u015fikayetlerini i\u015fleme koymama <\/p>\n","protected":false},"author":1,"featured_media":0,"comment_status":"open","ping_status":"open","sticky":false,"template":"","format":"standard","meta":{"footnotes":""},"categories":[105],"tags":[],"class_list":["post-37718","post","type-post","status-publish","format-standard","hentry","category-gundem","odd"],"_links":{"self":[{"href":"http:\/\/www.korhanyilmaz.com\/index.php?rest_route=\/wp\/v2\/posts\/37718","targetHints":{"allow":["GET"]}}],"collection":[{"href":"http:\/\/www.korhanyilmaz.com\/index.php?rest_route=\/wp\/v2\/posts"}],"about":[{"href":"http:\/\/www.korhanyilmaz.com\/index.php?rest_route=\/wp\/v2\/types\/post"}],"author":[{"embeddable":true,"href":"http:\/\/www.korhanyilmaz.com\/index.php?rest_route=\/wp\/v2\/users\/1"}],"replies":[{"embeddable":true,"href":"http:\/\/www.korhanyilmaz.com\/index.php?rest_route=%2Fwp%2Fv2%2Fcomments&post=37718"}],"version-history":[{"count":0,"href":"http:\/\/www.korhanyilmaz.com\/index.php?rest_route=\/wp\/v2\/posts\/37718\/revisions"}],"wp:attachment":[{"href":"http:\/\/www.korhanyilmaz.com\/index.php?rest_route=%2Fwp%2Fv2%2Fmedia&parent=37718"}],"wp:term":[{"taxonomy":"category","embeddable":true,"href":"http:\/\/www.korhanyilmaz.com\/index.php?rest_route=%2Fwp%2Fv2%2Fcategories&post=37718"},{"taxonomy":"post_tag","embeddable":true,"href":"http:\/\/www.korhanyilmaz.com\/index.php?rest_route=%2Fwp%2Fv2%2Ftags&post=37718"}],"curies":[{"name":"wp","href":"https:\/\/api.w.org\/{rel}","templated":true}]}}