{"id":37700,"date":"2011-08-03T13:30:50","date_gmt":"2011-08-03T10:30:50","guid":{"rendered":"http:\/\/www.korhanyilmaz.com\/?p=37700"},"modified":"2011-08-03T14:37:00","modified_gmt":"2011-08-03T11:37:00","slug":"arinc-basbakan-dogru-yere-oturdu","status":"publish","type":"post","link":"http:\/\/www.korhanyilmaz.com\/?p=37700","title":{"rendered":"Ar\u0131n\u00e7: Ba\u015fbakan do\u011fru yere oturdu"},"content":{"rendered":"<p style=\"text-align: justify;\"><a href=\"http:\/\/www.korhanyilmaz.com\/wp-content\/uploads\/2011\/08\/3014.jpg\"  class=\"lightview\"><img loading=\"lazy\" decoding=\"async\" class=\"aligncenter size-full wp-image-37701\" title=\"\" src=\"http:\/\/www.korhanyilmaz.com\/wp-content\/uploads\/2011\/08\/3014.jpg\" alt=\"\" width=\"335\" height=\"201\" \/><\/a><\/p>\n<p style=\"text-align: justify;\">Ba\u015fbakan Yard\u0131mc\u0131s\u0131 ve h\u00fck\u00fcmet s\u00f6zc\u00fcs\u00fc B\u00fclent Ar\u0131n\u00e7, Ba\u015fbakan Erdo\u011fan&#8217;\u0131n YA\u015e toplant\u0131s\u0131nda tek ba\u015f\u0131na oturmas\u0131n\u0131 &#8220;Ba\u015fbakan do\u011fru yerde oturdu&#8221; yorumunda bulundu. Gazetecilerin sorular\u0131n\u0131 yan\u0131tlayan Ar\u0131n\u00e7 s\u00f6zlerine \u015f\u00f6yle devam etti:<\/p>\n<p style=\"text-align: justify;\">Do\u011fru olan ba\u015fkan\u0131n tek ba\u015f\u0131na ba\u015fkanl\u0131k etmesidir. Mesela Ben MGK\u2019ya kat\u0131l\u0131yorum. MGK\u2019n\u0131n ba\u015f\u0131 Cumhurba\u015fkan\u0131\u2019d\u0131r. Cumhurba\u015fkan\u0131 otururken yan\u0131nda biri oluyor mu? <!--more--><\/p>\n<p style=\"text-align: justify;\">Bug\u00fcne kadar belki yanl\u0131\u015f bir g\u00f6r\u00fcnt\u00fc vard\u0131 ama bu g\u00f6r\u00fcnt\u00fc art\u0131k olmas\u0131 gerekti\u011fi yerde kendini g\u00f6steriyor. Kanun kime ba\u015fkanl\u0131k hakk\u0131n\u0131 verdiyse o hakk\u0131n\u0131 kullan\u0131yor. <span style=\"text-decoration: underline;\">Anadolu&#8217;da bir tabir vard\u0131r. <strong>Bir k\u00f6yde iki muhtar olmaz<\/strong> diye.<\/span> Bende hakk\u0131m olsa yan\u0131mda birinin olmas\u0131n\u0131 istemem. Say\u0131n Ba\u015fbakan\u0131m\u0131z\u0131n b\u00f6yle bir toplant\u0131 d\u00fczeninde oturmas\u0131n\u0131 \u00e7ok do\u011fal kar\u015f\u0131lamak laz\u0131m.<\/p>\n<p style=\"text-align: justify;\"><strong>TER\u00d6R OLAYLARI<\/strong><\/p>\n<p style=\"text-align: justify;\">Ter\u00f6re kar\u015f\u0131 T\u00fcrkiye\u2019de vicdan\u0131n olan herkes b\u00fcy\u00fck bir ac\u0131 duyar ve ter\u00f6r\u00fc lanetle k\u0131nar. Ac\u0131lar ve feryatlar, g\u00f6zya\u015flar\u0131 birbirine kar\u0131\u015f\u0131yor. Bundan dolay\u0131 hepimiz yaral\u0131y\u0131z. H\u00fck\u00fcmete d\u00fc\u015fen g\u00f6rev ter\u00f6rle m\u00fccadele etmektir. Biz de her g\u00fcn \u00e7arelerimizi, tedbirlerimizi artt\u0131r\u0131yoruz. Ama bu sald\u0131rlar beklenmedik yerde beklenmedik \u015fekilde kar\u015f\u0131m\u0131za \u00e7\u0131k\u0131yor ama bununla m\u00fccadele edece\u011fiz.<\/p>\n<p style=\"text-align: justify;\"><strong>SUR\u0130YE\u2019DEK\u0130 OLAYLAR: ZULMEDEN DOSTUMUZ OLAMAZ<\/strong><\/p>\n<p style=\"text-align: justify;\">Suriye\u2019de ya\u015fananlar \u00e7ok ac\u0131. Ayn\u0131 co\u011frafyan\u0131n insan\u0131y\u0131z. Son 10 y\u0131lda kom\u015fuluk ili\u015fkileri geli\u015fti. Suriye huzur i\u00e7inde, \u00f6zg\u00fcrl\u00fck i\u00e7inde ya\u015fas\u0131n istiyoruz. H\u00fck\u00fcmetimiz bizim Suriye h\u00fck\u00fcmetine tavsiyemiz \u015fu oldu: Halk\u0131n taleplerine kulak verin. Demokrasiyi g\u00fc\u00e7lendirin. Otokritik bir y\u00f6netim de\u011fil demokratik bir y\u00f6netim kurun.<\/p>\n<p style=\"text-align: justify;\">B\u00fclent Ar\u0131n\u00e7 olarak s\u00f6yl\u00fcyorum. Hama\u2019da ya\u015fananlar olaylar tam bir zul\u00fcmd\u00fcr. Bu zulme g\u00f6nl\u00fcm\u00fcz raz\u0131 de\u011fil. Bu zulm\u00fc yapan kim olursa olsun dostumuz olamaz. Ramazan g\u00fcn\u00fcnde insanlar\u0131n \u00fczerine tankla y\u00fcr\u00fcmeyi d\u00fc\u015f\u00fcnemiyoruz. Esad\u2019a s\u00f6yleyeyim: Siz zulmediyorsunuz. Zalimleri Allah da sevmez kul da. Bu zulme destek olanlara da yaz\u0131klar olsun.<\/p>\n<p style=\"text-align: justify;\"><strong>\u0130NTERNET ANDICI DAVASI<\/strong><\/p>\n<p style=\"text-align: justify;\">En son gelinen nokta: \u0130nternet and\u0131c\u0131 do\u011frudur. Mahkeme de herhalde bu ifadeyi en do\u011fru \u015fekilde de\u011ferlendirecektir.<\/p>\n<p style=\"text-align: justify;\"><strong>TER\u00d6RLE M\u00dcCADELEDE POL\u0130S\u0130N G\u00d6REVLEND\u0130R\u0130LMES\u0130<\/strong><\/p>\n<p style=\"text-align: justify;\">Asker askeri g\u00f6revlerini yerine getirecek, polis kendine verilen g\u00f6revleri yapacak. \u00d6nemli olan ter\u00f6rle m\u00fccadeledir.<\/p>\n<p style=\"text-align: justify;\"><a href=\"http:\/\/www.hurriyet.com.tr\/gundem\/18403695.asp?gid=381\" target=\"_blank\">Kaynak : H\u00fcrriyet.com.tr<\/a><\/p>\n","protected":false},"excerpt":{"rendered":"<p style=\"text-align: justify;\">\n<p style=\"text-align: justify;\">Ba\u015fbakan Yard\u0131mc\u0131s\u0131 ve h\u00fck\u00fcmet s\u00f6zc\u00fcs\u00fc B\u00fclent Ar\u0131n\u00e7, Ba\u015fbakan Erdo\u011fan&#8217;\u0131n YA\u015e toplant\u0131s\u0131nda tek ba\u015f\u0131na oturmas\u0131n\u0131 &#8220;Ba\u015fbakan do\u011fru yerde oturdu&#8221; yorumunda bulundu. Gazetecilerin sorular\u0131n\u0131 yan\u0131tlayan Ar\u0131n\u00e7 s\u00f6zlerine \u015f\u00f6yle devam etti:<\/p>\n<p style=\"text-align: justify;\">Do\u011fru olan ba\u015fkan\u0131n tek ba\u015f\u0131na ba\u015fkanl\u0131k etmesidir. Mesela Ben MGK\u2019ya kat\u0131l\u0131yorum. MGK\u2019n\u0131n ba\u015f\u0131 Cumhurba\u015fkan\u0131\u2019d\u0131r. Cumhurba\u015fkan\u0131 otururken yan\u0131nda biri oluyor mu? <\/p>\n","protected":false},"author":1,"featured_media":0,"comment_status":"open","ping_status":"open","sticky":false,"template":"","format":"standard","meta":{"footnotes":""},"categories":[105],"tags":[],"class_list":["post-37700","post","type-post","status-publish","format-standard","hentry","category-gundem","odd"],"_links":{"self":[{"href":"http:\/\/www.korhanyilmaz.com\/index.php?rest_route=\/wp\/v2\/posts\/37700","targetHints":{"allow":["GET"]}}],"collection":[{"href":"http:\/\/www.korhanyilmaz.com\/index.php?rest_route=\/wp\/v2\/posts"}],"about":[{"href":"http:\/\/www.korhanyilmaz.com\/index.php?rest_route=\/wp\/v2\/types\/post"}],"author":[{"embeddable":true,"href":"http:\/\/www.korhanyilmaz.com\/index.php?rest_route=\/wp\/v2\/users\/1"}],"replies":[{"embeddable":true,"href":"http:\/\/www.korhanyilmaz.com\/index.php?rest_route=%2Fwp%2Fv2%2Fcomments&post=37700"}],"version-history":[{"count":0,"href":"http:\/\/www.korhanyilmaz.com\/index.php?rest_route=\/wp\/v2\/posts\/37700\/revisions"}],"wp:attachment":[{"href":"http:\/\/www.korhanyilmaz.com\/index.php?rest_route=%2Fwp%2Fv2%2Fmedia&parent=37700"}],"wp:term":[{"taxonomy":"category","embeddable":true,"href":"http:\/\/www.korhanyilmaz.com\/index.php?rest_route=%2Fwp%2Fv2%2Fcategories&post=37700"},{"taxonomy":"post_tag","embeddable":true,"href":"http:\/\/www.korhanyilmaz.com\/index.php?rest_route=%2Fwp%2Fv2%2Ftags&post=37700"}],"curies":[{"name":"wp","href":"https:\/\/api.w.org\/{rel}","templated":true}]}}