{"id":37696,"date":"2011-08-03T13:21:41","date_gmt":"2011-08-03T10:21:41","guid":{"rendered":"http:\/\/www.korhanyilmaz.com\/?p=37696"},"modified":"2011-08-03T14:25:22","modified_gmt":"2011-08-03T11:25:22","slug":"3-aylik-oglumu-koltuga-vura-vura-oldurdu","status":"publish","type":"post","link":"http:\/\/www.korhanyilmaz.com\/?p=37696","title":{"rendered":"&#8216;3 ayl\u0131k o\u011flumu koltu\u011fa vura vura \u00f6ld\u00fcrd\u00fc&#8217;"},"content":{"rendered":"<p style=\"text-align: center;\"><a href=\"http:\/\/www.korhanyilmaz.com\/wp-content\/uploads\/2011\/08\/2011-08-03_142439.jpg\"  class=\"lightview\"><img loading=\"lazy\" decoding=\"async\" class=\"aligncenter size-full wp-image-37697\" src=\"http:\/\/www.korhanyilmaz.com\/wp-content\/uploads\/2011\/08\/2011-08-03_142439.jpg\" alt=\"\" width=\"386\" height=\"238\" \/><\/a><\/p>\n<p style=\"text-align: justify;\">ESK\u0130\u015eEH\u0130R\u2019de 27 ya\u015f\u0131ndaki A.\u00d6., 3 ayl\u0131k o\u011flunu a\u011flad\u0131\u011f\u0131 i\u00e7in tokat at\u0131p koltu\u011fa f\u0131rlatarak \u00f6l\u00fcm\u00fcne neden oldu\u011fu iddias\u0131yla tutuklu yarg\u0131lan\u0131yor. 21 ya\u015f\u0131ndaki \u0130.\u00d6, \u00f6m\u00fcr boyu hapis cezas\u0131 istemiyle yarg\u0131lanan e\u015fi A.\u00d6.\u2019den \u015fikayet\u00e7i oldu\u011funu s\u00f6yleyerek &#8220;Eve alkoll\u00fc geldi. \u00c7ocuk a\u011flay\u0131nca tokat att\u0131, susmay\u0131nca bir ka\u00e7 kez koltu\u011fa f\u0131rlatt\u0131&#8221; dedi.<!--more--><\/p>\n<p style=\"text-align: justify;\">3 Haziran 2011 tarihinde meydana gelen olayda, al\u0131nan bilgilere g\u00f6re A.\u00d6. ile e\u015fi \u0130.\u00d6., &#8220;O\u011flumuzun kafas\u0131 be\u015fik demirleri aras\u0131na s\u0131k\u0131\u015ft\u0131&#8221; diyerek \u00e7ocuklar\u0131n\u0131 Eski\u015fehir Do\u011fum ve \u00c7ocuk Hastal\u0131klar\u0131 Hastanesi\u2019ne g\u00f6t\u00fcrd\u00fc. Doktorlar\u0131n ilk m\u00fcdahaleyi yap\u0131p solunum cihaz\u0131na ba\u011flad\u0131klar\u0131 3 ayl\u0131k bebek kuv\u00f6ze konularak ambulansla Eski\u015fehir Osmangazi \u00dcniversitesi (EOG\u00dc) Hastanesi\u2019ne sevk edildi. Tedavi alt\u0131na al\u0131nan bebek11 Haziran 2011 tarihinde kurtar\u0131lamayarak \u00f6ld\u00fc.<\/p>\n<p style=\"text-align: justify;\">Yap\u0131lan otopside bebe\u011fin \u2019Genel beden travmas\u0131na ba\u011fl\u0131 kafa kemiklerinde k\u0131r\u0131kla karakterize beyin ve akci\u011fer kanamas\u0131 sonucu \u00f6l\u00fcm\u2019 oldu\u011fu belirlendi.<\/p>\n<p style=\"text-align: justify;\"><strong>ANNE OLAYI SAVCIYA ANLATTI<\/strong><\/p>\n<p style=\"text-align: justify;\">Anne \u0130.\u00d6., n\u00f6bet\u00e7i cumhuriyet savc\u0131s\u0131na e\u015finden korktu\u011fu i\u00e7in \u00e7ocu\u011funun kafas\u0131n\u0131n be\u015fik demirleri aras\u0131na s\u0131k\u0131\u015ft\u0131\u011f\u0131n\u0131 s\u00f6yledi\u011fi, ancak bebe\u011finin \u00f6l\u00fcm\u00fcne e\u015finin neden oldu\u011funu \u00f6ne s\u00fcrd\u00fc. \u0130.\u00d6., e\u015finin \u00e7ocu\u011funun a\u011flamas\u0131na sinirlenip \u00f6nce tokat att\u0131\u011f\u0131n\u0131, daha sonra bir-ka\u00e7 kez koltu\u011fa f\u0131rlatt\u0131\u011f\u0131n\u0131 iddia etti. Su\u00e7lamalar\u0131 kabul etmeyen baba A. \u00d6. \u00e7\u0131kar\u0131ld\u0131\u011f\u0131 mahkemece tutuklanarak Eski\u015fehir H Tipi Cezaevi\u2019ne g\u00f6nderildi.<\/p>\n<p style=\"text-align: justify;\">O\u011flunun \u00f6l\u00fcm\u00fcne neden oldu\u011fu iddias\u0131yla tutuklanan A.\u00d6.\u2019n\u00fcn yarg\u0131lanmas\u0131na Eski\u015fehir 2\u2019nci A\u011f\u0131r Ceza Mahkemesi\u2019nde ba\u015fland\u0131. \u00d6m\u00fcr boyu hapis istemiyle yarg\u0131lanan A.\u00d6.su\u00e7lamalar\u0131 kabul etmedi. Baba \u00d6., &#8220;Su\u00e7lamalar\u0131 kabul etmiyorum. Benim o\u011flum 7.5 ayl\u0131kken erken do\u011fum sonucunda d\u00fcnyaya geldi 55 g\u00fcn hastanede yatt\u0131, anjio oldu. Ben kesinlikle \u00e7ocu\u011fumu \u00f6ld\u00fcrecek bir \u015fey yapmad\u0131m&#8221; dedi.<\/p>\n<p style=\"text-align: justify;\">Duru\u015fmada e\u015finden \u015fikayet\u00e7i oldu\u011funu s\u00f6yleyen \u0130l.\u00d6. ise olay g\u00fcn\u00fc e\u015finin eve alkoll\u00fc geldi\u011fini, a\u011flamas\u0131na sinirlendi\u011fi \u00e7ocu\u011funa \u00f6nce tokat at\u0131p daha sonra da bir-ka\u00e7 kez kanepeye f\u0131rlatt\u0131\u011f\u0131n\u0131 \u00f6ne s\u00fcrd\u00fc. Anne \u0130l.\u00d6. \u015fu iddialarda bulundu:<\/p>\n<p style=\"text-align: justify;\">&#8220;Kocam alkoll\u00fc olarak eve geldi. O\u011flumuz M.C\u2019yi kuca\u011f\u0131na ald\u0131. M.C. a\u011flamaya ba\u015flay\u0131nca tokat att\u0131. Susmamas\u0131 \u00fczerine \u00e7ocu\u011fu yakla\u015f\u0131k bir metreden koltu\u011fa f\u0131rlatt\u0131. A\u011flamaya devam etmesi \u00fczerine bir kez daha f\u0131rlatt\u0131. Bu arada \u00e7ocuk bay\u0131ld\u0131. Biz de kendisine gelmesi i\u00e7in \u0131l\u0131k suyla y\u0131kad\u0131k. Bir-ka\u00e7 saat kendisine gelmesini bekledik. Ancak gelmeyince onu hastaneye g\u00f6t\u00fcrd\u00fck.&#8221;<\/p>\n<p style=\"text-align: justify;\">Eski\u015fehir 2\u2019inci A\u011f\u0131r Ceza Mahkemesi san\u0131k A.\u00d6.\u2019in tutukluluk halinin devam\u0131na karar vererek duru\u015fmay\u0131 erteledi.<\/p>\n<p style=\"text-align: justify;\"><a href=\"http:\/\/www.hurriyet.com.tr\/gundem\/18404152.asp?gid=381\" target=\"_blank\">Kaynak : H\u00fcrriyet.com.tr<\/a><\/p>\n","protected":false},"excerpt":{"rendered":"<p style=\"text-align: center;\">\n<p style=\"text-align: justify;\">ESK\u0130\u015eEH\u0130R\u2019de 27 ya\u015f\u0131ndaki A.\u00d6., 3 ayl\u0131k o\u011flunu a\u011flad\u0131\u011f\u0131 i\u00e7in tokat at\u0131p koltu\u011fa f\u0131rlatarak \u00f6l\u00fcm\u00fcne neden oldu\u011fu iddias\u0131yla tutuklu yarg\u0131lan\u0131yor. 21 ya\u015f\u0131ndaki \u0130.\u00d6, \u00f6m\u00fcr boyu hapis cezas\u0131 istemiyle yarg\u0131lanan e\u015fi A.\u00d6.\u2019den \u015fikayet\u00e7i oldu\u011funu s\u00f6yleyerek &#8220;Eve alkoll\u00fc geldi. \u00c7ocuk a\u011flay\u0131nca tokat att\u0131, susmay\u0131nca bir ka\u00e7 kez koltu\u011fa f\u0131rlatt\u0131&#8221; dedi.<\/p>\n","protected":false},"author":1,"featured_media":0,"comment_status":"open","ping_status":"open","sticky":false,"template":"","format":"standard","meta":{"footnotes":""},"categories":[105],"tags":[],"class_list":["post-37696","post","type-post","status-publish","format-standard","hentry","category-gundem","odd"],"_links":{"self":[{"href":"http:\/\/www.korhanyilmaz.com\/index.php?rest_route=\/wp\/v2\/posts\/37696","targetHints":{"allow":["GET"]}}],"collection":[{"href":"http:\/\/www.korhanyilmaz.com\/index.php?rest_route=\/wp\/v2\/posts"}],"about":[{"href":"http:\/\/www.korhanyilmaz.com\/index.php?rest_route=\/wp\/v2\/types\/post"}],"author":[{"embeddable":true,"href":"http:\/\/www.korhanyilmaz.com\/index.php?rest_route=\/wp\/v2\/users\/1"}],"replies":[{"embeddable":true,"href":"http:\/\/www.korhanyilmaz.com\/index.php?rest_route=%2Fwp%2Fv2%2Fcomments&post=37696"}],"version-history":[{"count":0,"href":"http:\/\/www.korhanyilmaz.com\/index.php?rest_route=\/wp\/v2\/posts\/37696\/revisions"}],"wp:attachment":[{"href":"http:\/\/www.korhanyilmaz.com\/index.php?rest_route=%2Fwp%2Fv2%2Fmedia&parent=37696"}],"wp:term":[{"taxonomy":"category","embeddable":true,"href":"http:\/\/www.korhanyilmaz.com\/index.php?rest_route=%2Fwp%2Fv2%2Fcategories&post=37696"},{"taxonomy":"post_tag","embeddable":true,"href":"http:\/\/www.korhanyilmaz.com\/index.php?rest_route=%2Fwp%2Fv2%2Ftags&post=37696"}],"curies":[{"name":"wp","href":"https:\/\/api.w.org\/{rel}","templated":true}]}}