{"id":37681,"date":"2011-08-03T07:41:39","date_gmt":"2011-08-03T04:41:39","guid":{"rendered":"http:\/\/www.korhanyilmaz.com\/?p=37681"},"modified":"2011-08-03T08:40:32","modified_gmt":"2011-08-03T05:40:32","slug":"yasta-ikinci-gun-de-pas-gecildi","status":"publish","type":"post","link":"http:\/\/www.korhanyilmaz.com\/?p=37681","title":{"rendered":"YA\u015e&#8217;ta ikinci g\u00fcn de pas ge\u00e7ildi"},"content":{"rendered":"<p style=\"text-align: center;\"><a href=\"http:\/\/www.korhanyilmaz.com\/wp-content\/uploads\/2011\/08\/3018.jpeg\"  class=\"lightview\"><img loading=\"lazy\" decoding=\"async\" class=\"aligncenter size-full wp-image-37682\" src=\"http:\/\/www.korhanyilmaz.com\/wp-content\/uploads\/2011\/08\/3018.jpeg\" alt=\"\" width=\"384\" height=\"254\" \/><\/a><\/p>\n<p style=\"text-align: justify;\">YA\u015e&#8217;\u0131n ikinci g\u00fcn toplant\u0131s\u0131nda da komutanlar belirlenemedi. H\u00fck\u00fcmet ile asker aras\u0131nda korgenerallikler konusunda da g\u00f6r\u00fc\u015f ayr\u0131l\u0131\u011f\u0131 var.<\/p>\n<p style=\"text-align: justify;\">Y\u00fcksek Askeri \u015e\u00fbra (YA\u015e) toplant\u0131lar\u0131n\u0131n ikinci g\u00fcn\u00fcnde de, d\u00f6rt bo\u015f koltuk nedeniyle kuvvet komutanlar\u0131n\u0131n belirlenmesi m\u00fcmk\u00fcn olmad\u0131. \u015e\u00fbra\u2019n\u0131n asker kanad\u0131 ile h\u00fck\u00fcmet, korgenerallikten orgeneralli\u011fe terfi edecek subaylar \u00fczerinde \u00e7al\u0131\u015ft\u0131. H\u00fck\u00fcmet kaynaklar\u0131, tutuklu subaylar\u0131n durumunun bu y\u0131l ask\u0131da kalaca\u011f\u0131n\u0131 belirtirken, s\u0131k\u0131nt\u0131n\u0131n a\u015f\u0131lmas\u0131 i\u00e7in yasal bir d\u00fczenleme \u00f6ng\u00f6r\u00fclmedi\u011fini bildirdiler. <!--more--><\/p>\n<p style=\"text-align: justify;\">YA\u015e ikinci g\u00fcn \u00e7al\u0131\u015fmalar\u0131 d\u00fcn Ba\u015fbakan Tayyip Erdo\u011fan\u2019\u0131n ba\u015fkanl\u0131\u011f\u0131nda yap\u0131ld\u0131. Erdo\u011fan, Genelkurmay Kararg\u00e2h\u0131\u2019ndaki toplant\u0131dan 13.55\u2019te ayr\u0131ld\u0131. Komutanlar \u00e7al\u0131\u015fmalara \u00f6\u011fleden sonra da devam etti. H\u00fck\u00fcmet, Genelkurmay Ba\u015fkan\u0131 ile kuvvet komutanlar\u0131n\u0131 atama yetkisine sahip ama bu ikinci g\u00fcnde de ger\u00e7ekle\u015fmedi.<\/p>\n<p style=\"text-align: justify;\">29 Temmuz g\u00fcn\u00fc Kara Kuvvetleri Komutanl\u0131\u011f\u0131\u2019na getirilen Orgeneral Necdet \u00d6zel, d\u00fcnk\u00fc YA\u015e toplant\u0131s\u0131na da \u2018Genelkurmay Ba\u015fkanvekili\u2019 olarak kat\u0131ld\u0131. Deniz, Hava ve Jandarma genel komutanl\u0131klar\u0131n\u0131n bo\u015f olmas\u0131 ve h\u00fck\u00fcmetin buralara mevcut YA\u015e \u00fcyeleri aras\u0131ndan atama yapmamas\u0131, g\u00f6zleri korgenerallikten orgeneralli\u011fe atanacak komutanlara \u00e7evrildi. H\u00fck\u00fcmet ile \u015f\u00fbran\u0131n askeri kanad\u0131nda kimlerin terfi edece\u011fi konusunda g\u00f6r\u00fc\u015f ayr\u0131l\u0131klar\u0131 ya\u015fand\u0131.<\/p>\n<p style=\"text-align: justify;\">Korgenerallikten orgeneralli\u011fe terfi edecek subaylar\u0131n listesi s\u0131n\u0131rl\u0131. Deniz Kuvvetleri\u2019nde terfi edebilecek tek isim Koramiral Nusret G\u00fcnel.<\/p>\n<p style=\"text-align: justify;\">Hava Kuvvetleri Komutanl\u0131\u011f\u0131\u2019nda terfi edecek tek isim Korgeneral Mehmet Erten. H\u00fck\u00fcmetin lojistik\u00e7i Erten\u2019in yerine, terfi s\u0131ras\u0131nda olmayan ve Personel Kanunu\u2019nda belirtilen nitelikleri gelecek y\u0131l yakalayacak muharip korgeneral Alaeddin \u00dcnal\u2019\u0131n terfi edilmesini istedi\u011fi konu\u015fuluyor.<\/p>\n<p style=\"text-align: justify;\">Kara Kuvvetleri Komutanl\u0131\u011f\u0131\u2019nda Genelkurmay Ba\u015fkan\u0131, Kara Kuvvetleri Komutan\u0131 ve EDOK Komutan\u0131 bu y\u0131l ayr\u0131ld\u0131\u011f\u0131 i\u00e7in \u00fc\u00e7 korgeneral terfisi olacak. Terfi s\u0131ras\u0131nda en \u00f6nde olan Korgeneral \u0130smail Hakk\u0131 Pekin, And\u0131\u00e7 davas\u0131ndan yarg\u0131lanacak. Bu da terfi etmesinin \u00f6n\u00fcne ge\u00e7ecek.<\/p>\n<p style=\"text-align: justify;\">YA\u015e kararlar\u0131 oy\u00e7oklu\u011fuyla al\u0131nd\u0131\u011f\u0131ndan, dosyalar\u0131 g\u00fcndeme gelen komutanlardan asker kanad\u0131n istediklerinin terfisi s\u00f6zkonusu olabilir.<\/p>\n<p style=\"text-align: justify;\">Bu y\u0131l tutuklu olan ve terfi s\u0131ras\u0131 gelen 14 general ve amiral ile 58 albay\u0131n dosyalar\u0131 YA\u015e\u2019ta g\u00f6r\u00fc\u015f\u00fclmedi. Bu subaylar yasa gere\u011fi, ne terfi edecek ne de emekliye sevkedilebilecek. H\u00fck\u00fcmetin durumu de\u011fi\u015ftirmek i\u00e7in yasal bir de\u011fi\u015fikli\u011fe gitme niyetinde olmad\u0131\u011f\u0131 da belirttildi. H\u00fck\u00fcmet, se\u00e7imden \u00f6nce ald\u0131\u011f\u0131 kanun h\u00fckm\u00fcnde kararname \u00e7\u0131karma yetkisine, TSK Personel Kanunu ile ilgili de\u011fi\u015fiklikleri de koymu\u015ftu.<\/p>\n<p style=\"text-align: justify;\"><strong>YA\u015e\u2019ta team\u00fcl yok, yasa var<\/strong><\/p>\n<p style=\"text-align: justify;\">YA\u015e Kanunu\u2019nun 2. maddesine g\u00f6re \u015f\u00fbra \u00fcyelerinin terfilerle ilgili oy hakk\u0131 ve de\u011ferlendirme notu e\u015fit. 5. maddeye g\u00f6re, kararlar toplant\u0131ya kat\u0131lan ve a\u00e7\u0131k oy kullanan \u00fcyelerin salt \u00e7o\u011funlu\u011fuyla al\u0131n\u0131yor. E\u015fitlik olursa, Ba\u015fbakan\u2019\u0131n oldu\u011fu taraf\u0131n oylar\u0131 ge\u00e7erli oluyor. 7. maddede, YA\u015e \u00fcyelerinin kendileriyle ve kendilerinden k\u0131demli ya da e\u015fit orgeneraller ile ilgili toplant\u0131ya kat\u0131lamayaca\u011f\u0131 belirtiliyor. YA\u015e\u2019ta kararlar team\u00fcllere g\u00f6re de\u011fil, TSK Personel Kanunu\u2019na g\u00f6re al\u0131n\u0131yor.<\/p>\n<p style=\"text-align: justify;\"><a href=\"http:\/\/www.radikal.com.tr\/Radikal.aspx?aType=RadikalDetayV3&amp;ArticleID=1058634&amp;Date=03.08.2011&amp;CategoryID=77\" target=\"_blank\">Kaynak : Radikal.com.tr<\/a><\/p>\n","protected":false},"excerpt":{"rendered":"<p style=\"text-align: center;\">\n<p style=\"text-align: justify;\">YA\u015e&#8217;\u0131n ikinci g\u00fcn toplant\u0131s\u0131nda da komutanlar belirlenemedi. H\u00fck\u00fcmet ile asker aras\u0131nda korgenerallikler konusunda da g\u00f6r\u00fc\u015f ayr\u0131l\u0131\u011f\u0131 var.<\/p>\n<p style=\"text-align: justify;\">Y\u00fcksek Askeri \u015e\u00fbra (YA\u015e) toplant\u0131lar\u0131n\u0131n ikinci g\u00fcn\u00fcnde de, d\u00f6rt bo\u015f koltuk nedeniyle kuvvet komutanlar\u0131n\u0131n belirlenmesi m\u00fcmk\u00fcn olmad\u0131. \u015e\u00fbra\u2019n\u0131n asker kanad\u0131 ile h\u00fck\u00fcmet, korgenerallikten orgeneralli\u011fe terfi edecek subaylar \u00fczerinde \u00e7al\u0131\u015ft\u0131. H\u00fck\u00fcmet kaynaklar\u0131, <\/p>\n","protected":false},"author":1,"featured_media":0,"comment_status":"open","ping_status":"open","sticky":false,"template":"","format":"standard","meta":{"footnotes":""},"categories":[105],"tags":[],"class_list":["post-37681","post","type-post","status-publish","format-standard","hentry","category-gundem","odd"],"_links":{"self":[{"href":"http:\/\/www.korhanyilmaz.com\/index.php?rest_route=\/wp\/v2\/posts\/37681","targetHints":{"allow":["GET"]}}],"collection":[{"href":"http:\/\/www.korhanyilmaz.com\/index.php?rest_route=\/wp\/v2\/posts"}],"about":[{"href":"http:\/\/www.korhanyilmaz.com\/index.php?rest_route=\/wp\/v2\/types\/post"}],"author":[{"embeddable":true,"href":"http:\/\/www.korhanyilmaz.com\/index.php?rest_route=\/wp\/v2\/users\/1"}],"replies":[{"embeddable":true,"href":"http:\/\/www.korhanyilmaz.com\/index.php?rest_route=%2Fwp%2Fv2%2Fcomments&post=37681"}],"version-history":[{"count":0,"href":"http:\/\/www.korhanyilmaz.com\/index.php?rest_route=\/wp\/v2\/posts\/37681\/revisions"}],"wp:attachment":[{"href":"http:\/\/www.korhanyilmaz.com\/index.php?rest_route=%2Fwp%2Fv2%2Fmedia&parent=37681"}],"wp:term":[{"taxonomy":"category","embeddable":true,"href":"http:\/\/www.korhanyilmaz.com\/index.php?rest_route=%2Fwp%2Fv2%2Fcategories&post=37681"},{"taxonomy":"post_tag","embeddable":true,"href":"http:\/\/www.korhanyilmaz.com\/index.php?rest_route=%2Fwp%2Fv2%2Ftags&post=37681"}],"curies":[{"name":"wp","href":"https:\/\/api.w.org\/{rel}","templated":true}]}}