{"id":37676,"date":"2011-08-02T17:10:55","date_gmt":"2011-08-02T14:10:55","guid":{"rendered":"http:\/\/www.korhanyilmaz.com\/?p=37676"},"modified":"2011-08-03T03:16:19","modified_gmt":"2011-08-03T00:16:19","slug":"yas-nasil-kilitlendi","status":"publish","type":"post","link":"http:\/\/www.korhanyilmaz.com\/?p=37676","title":{"rendered":"YA\u015e nas\u0131l kilitlendi?"},"content":{"rendered":"<p style=\"text-align: center;\"><a href=\"http:\/\/www.korhanyilmaz.com\/wp-content\/uploads\/2011\/08\/3013.jpg\"  class=\"lightview\"><img loading=\"lazy\" decoding=\"async\" class=\"aligncenter size-full wp-image-37677\" src=\"http:\/\/www.korhanyilmaz.com\/wp-content\/uploads\/2011\/08\/3013.jpg\" alt=\"\" width=\"354\" height=\"265\" \/><\/a><\/p>\n<p style=\"text-align: justify;\">H\u00fck\u00fcmetin kuvvet komutanlar\u0131n\u0131 son g\u00fcn atama iste\u011fi TSK Yasas\u0131&#8217;n\u0131n 34. maddesine tak\u0131l\u0131nca toplant\u0131n\u0131n ilk g\u00fcn\u00fc kilitlendi. Krizin a\u015f\u0131lmas\u0131 i\u00e7in Ba\u015fbakan Erdo\u011fan ve Orgeneral \u00d6zel ikili zirve ger\u00e7ekle\u015ftirdi.<!--more--><\/p>\n<p style=\"text-align: justify;\">H\u00fck\u00fcmetin, Y\u00fcksek Askeri \u015e\u00fbra (YA\u015e) \u00e7al\u0131\u015fmalar\u0131 s\u0131ras\u0131nda, \u00f6nce aralar\u0131nda Balyoz Davas\u0131 san\u0131klar\u0131n\u0131n da bulundu\u011fu general ve amirallerin terfi durumunu g\u00f6r\u00fc\u015fmek, \u015f\u00fbra toplant\u0131s\u0131 sonras\u0131nda ise Genelkurmay Ba\u015fkanl\u0131\u011f\u0131 ve kuvvet komutanl\u0131klar\u0131na asaleten atamalar\u0131 yapma plan\u0131n\u0131n, T\u00fcrk Silahl\u0131 Kuvvetleri Personel Yasas\u0131\u2019na tak\u0131ld\u0131\u011f\u0131 \u00f6\u011frenildi. TSK Personel Yasas\u0131, \u201cR\u00fctbe terfilerinin, ilgili kuvvet komutan\u0131n\u0131n teklifi, Genelkurmay Ba\u015fkan\u0131\u2019n\u0131n l\u00fczum g\u00f6rmesi, Milli Savunma Bakan\u0131 ile Ba\u015fbakan\u2019\u0131n imzalayaca\u011f\u0131 ve Cumhurba\u015fkan\u0131\u2019n\u0131n onaylayaca\u011f\u0131 kararname ile yap\u0131l\u0131r\u201d h\u00fckm\u00fcn\u00fc i\u00e7eriyor. Ancak, d\u00fcn ba\u015flayan YA\u015e\u2019ta, atanm\u0131\u015f kara, deniz ve hava kuvvetleri komutanlar\u0131 ile Genelkurmay Ba\u015fkan\u0131 olmamas\u0131 nedeniyle terfiler g\u00f6r\u00fc\u015f\u00fclmeden toplant\u0131 bitirildi. Krizin a\u015f\u0131lmas\u0131 i\u00e7in Ba\u015fbakan Tayyip Erdo\u011fan ve Genelkurmay Ba\u015fkanvekili Necdet \u00d6zel ikili zirve ger\u00e7ekle\u015ftirdi.<\/p>\n<p style=\"text-align: justify;\">4 komutan\u0131n istifas\u0131, Balyoz Davas\u0131 san\u0131klar\u0131n\u0131n durumu ve T\u00fcrk Silahl\u0131 Kuvvetleri\u2019nin en tepe noktas\u0131na yap\u0131lacak atamalar nedeniyle krizin g\u00f6lgesinde toplanan YA\u015e, ilk g\u00fcn\u00fcnde kilitlendi.<\/p>\n<p style=\"text-align: justify;\"><strong>30 A\u011fustos plan\u0131<\/strong><\/p>\n<p style=\"text-align: justify;\">Sabah saat 09.50\u2019de ba\u015flayan toplant\u0131 yaln\u0131zca 50 dakika s\u00fcrd\u00fc. \u00d6\u011fle saatlerinde Ba\u015fbakan Erdo\u011fan ve Genelkurmay Ba\u015fkanvekili Orgeneral Necdet \u00d6zel, Ba\u015fbakanl\u0131k Konutu\u2019nda s\u00fcrpriz bir \u015fekilde bir araya geldi. Bu geli\u015fmelerin arkas\u0131nda ise YA\u015e toplant\u0131s\u0131 s\u0131ras\u0131nda TSK Personel Yasas\u0131 ile ilgili \u00e7\u0131kan mevzuat s\u0131k\u0131nt\u0131s\u0131n\u0131n yatt\u0131\u011f\u0131 \u00f6\u011frenildi. H\u00fck\u00fcmetin, kuvvet komutanl\u0131\u011f\u0131 atamalar\u0131n\u0131, so\u011fuk bakt\u0131\u011f\u0131 baz\u0131 orgenerallerin 30 A\u011fustos\u2019ta otomatikman emekliye ayr\u0131laca\u011f\u0131 i\u00e7in bekletti\u011fi g\u00fcndeme gelmi\u015fti. \u201c\u0130rtica ile M\u00fccadele Eylem Plan\u0131\u201d ile ad\u0131 g\u00fcndeme gelen EDOK Komutan\u0131 Orgeneral Sald\u0131ray Berk, bu isimler aras\u0131ndayd\u0131. Halen Kara Kuvvetleri Komutanl\u0131\u011f\u0131 g\u00f6revinde bulunan ve Genelkurmay Ba\u015fkan\u0131 olacak olan Necdet \u00d6zel\u2019den sonra en k\u0131demli komutan olan Orgeneral Berk, kuvvet komutanl\u0131\u011f\u0131na atamas\u0131 yap\u0131lmazsa 30 A\u011fustos\u2019ta emekli olacak. Berk\u2019ten sonra en k\u0131demli orgeneral ise Genelkurmay \u0130kinci Ba\u015fkan\u0131 Aslan G\u00fcner. G\u00fcner\u2019i de \u00c7ankaya K\u00f6\u015fk\u00fc\u2019n\u00fcn istemedi\u011fi dile getiriliyor.<\/p>\n<p style=\"text-align: justify;\"><strong>\u00d6nce kuvvet komutanlar\u0131<\/strong><\/p>\n<p style=\"text-align: justify;\">H\u00fck\u00fcmetin, \u00f6nce terfileri, sonra da Genelkurmay Ba\u015fkan\u0131 ve kuvvet komutanlar\u0131n\u0131n atamay\u0131 planlad\u0131\u011f\u0131, ancak TSK Personel Yasas\u0131\u2019n\u0131n 34. maddesi nedeniyle bunun ger\u00e7ekle\u015ftirilemedi\u011fi kaydedildi. S\u00f6z konusu madde, \u201cSubayl\u0131\u011fa nas\u0131p ve r\u00fctbe terfileri, ilgili kuvvet komutan\u0131n\u0131n (Jandarma subaylar\u0131 i\u00e7in Jandarma Genel Komutan\u0131\u2019n\u0131n, Sahil G\u00fcvenlik subaylar\u0131 i\u00e7in Sahil G\u00fcvenlik Komutan\u0131\u2019n\u0131n) teklifi ve Genelkurmay Ba\u015fkan\u0131\u2019n\u0131n l\u00fczum g\u00f6stermesi \u00fczerine, Milli Savunma Bakan\u0131 (Jandarma ve Sahil G\u00fcvenlik subaylar\u0131 i\u00e7in \u0130\u00e7i\u015fleri Bakan\u0131) ile Ba\u015fbakan\u0131n imzalayaca\u011f\u0131 ve Cumhurba\u015fkan\u0131\u2019n\u0131n onaylayaca\u011f\u0131 kararname ile yap\u0131l\u0131r\u201d h\u00fckm\u00fcn\u00fc d\u00fczenliyor. Genelkurmay Ba\u015fkan\u0131 ve kuvvet komutanlar\u0131n\u0131n atamas\u0131n\u0131n yap\u0131lmamas\u0131 nedeniyle toplant\u0131da terfi i\u015flemlerine ge\u00e7ilemedi.<\/p>\n<p style=\"text-align: justify;\"><strong>H\u00fck\u00fcmet KHK yetkisini kullanabilir<\/strong><\/p>\n<p style=\"text-align: justify;\">YA\u015e \u00fcyelerinin An\u0131tkabir ziyaretinde Ba\u015fbakan Erdo\u011fan ile Genelkurmay Ba\u015fkanvekili Necdet \u00d6zel\u2019in zaman zaman k\u0131sa konu\u015fmalar yapmas\u0131 dikkat \u00e7ekti. Ziyaretin ard\u0131ndan Ba\u015fbakan Erdo\u011fan, Ba\u015fbakanl\u0131k Resmi Konutu\u2019na ge\u00e7ti. Bu s\u0131rada, YA\u015e\u2019\u0131n \u00f6\u011fleden sonra toplanmayaca\u011f\u0131 \u00f6\u011frenildi. Saat 14.00\u2019te ise \u00d6zel ile Erdo\u011fan\u2019\u0131n ikili g\u00f6r\u00fc\u015fmesi ba\u015flad\u0131. Ba\u015fbakanl\u0131k kaynaklar\u0131, zirvenin \u00f6nceden planl\u0131 oldu\u011funu vurgularken, Ba\u015fbakan Erdo\u011fan\u2019\u0131n program\u0131nda yaln\u0131zca YA\u015e \u00e7al\u0131\u015fmalar\u0131n\u0131n yer almas\u0131 dikkat \u00e7ekti. \u00d6zel ile Erdo\u011fan aras\u0131nda 1 saat 45 dakika s\u00fcren ikili zirvede s\u0131k\u0131nt\u0131n\u0131n a\u015f\u0131lmas\u0131 i\u00e7in form\u00fcl arand\u0131\u011f\u0131 kaydedildi. Toplant\u0131ya zaman zaman atamalar i\u00e7in gerekli haz\u0131rl\u0131\u011f\u0131 yapacak olan Ba\u015fbakan M\u00fcste\u015far\u0131 Efkan Ala\u2019n\u0131n da kat\u0131lmas\u0131 bu a\u00e7\u0131dan dikkat \u00e7ekti. Erdo\u011fan, zirvenin ard\u0131ndan Adalet Bakan\u0131 Sadullah Ergin ile bir araya geldi. H\u00fck\u00fcmetin kendi istetidi\u011fi y\u00f6nde \u00e7\u00f6z\u00fcm bulmak i\u00e7in bu maddeyi de\u011fi\u015ftirebilece\u011fi ve \u201cKanun H\u00fckm\u00fcnde Kararname\u201d yetkisini de kullanabilece\u011fi kaydediliyor.<\/p>\n<p style=\"text-align: justify;\"><a href=\"http:\/\/www.cumhuriyet.com.tr\/?hn=265932&amp;kw=YA%DE+nas%FDl+kilitlendi%3F\" target=\"_blank\">Kaynak : Cumhuriyet Haber Portal\u0131<\/a><\/p>\n","protected":false},"excerpt":{"rendered":"<p style=\"text-align: center;\">\n<p style=\"text-align: justify;\">H\u00fck\u00fcmetin kuvvet komutanlar\u0131n\u0131 son g\u00fcn atama iste\u011fi TSK Yasas\u0131&#8217;n\u0131n 34. maddesine tak\u0131l\u0131nca toplant\u0131n\u0131n ilk g\u00fcn\u00fc kilitlendi. Krizin a\u015f\u0131lmas\u0131 i\u00e7in Ba\u015fbakan Erdo\u011fan ve Orgeneral \u00d6zel ikili zirve ger\u00e7ekle\u015ftirdi.<\/p>\n","protected":false},"author":1,"featured_media":0,"comment_status":"open","ping_status":"open","sticky":false,"template":"","format":"standard","meta":{"footnotes":""},"categories":[105],"tags":[],"class_list":["post-37676","post","type-post","status-publish","format-standard","hentry","category-gundem","odd"],"_links":{"self":[{"href":"http:\/\/www.korhanyilmaz.com\/index.php?rest_route=\/wp\/v2\/posts\/37676","targetHints":{"allow":["GET"]}}],"collection":[{"href":"http:\/\/www.korhanyilmaz.com\/index.php?rest_route=\/wp\/v2\/posts"}],"about":[{"href":"http:\/\/www.korhanyilmaz.com\/index.php?rest_route=\/wp\/v2\/types\/post"}],"author":[{"embeddable":true,"href":"http:\/\/www.korhanyilmaz.com\/index.php?rest_route=\/wp\/v2\/users\/1"}],"replies":[{"embeddable":true,"href":"http:\/\/www.korhanyilmaz.com\/index.php?rest_route=%2Fwp%2Fv2%2Fcomments&post=37676"}],"version-history":[{"count":0,"href":"http:\/\/www.korhanyilmaz.com\/index.php?rest_route=\/wp\/v2\/posts\/37676\/revisions"}],"wp:attachment":[{"href":"http:\/\/www.korhanyilmaz.com\/index.php?rest_route=%2Fwp%2Fv2%2Fmedia&parent=37676"}],"wp:term":[{"taxonomy":"category","embeddable":true,"href":"http:\/\/www.korhanyilmaz.com\/index.php?rest_route=%2Fwp%2Fv2%2Fcategories&post=37676"},{"taxonomy":"post_tag","embeddable":true,"href":"http:\/\/www.korhanyilmaz.com\/index.php?rest_route=%2Fwp%2Fv2%2Ftags&post=37676"}],"curies":[{"name":"wp","href":"https:\/\/api.w.org\/{rel}","templated":true}]}}