{"id":37672,"date":"2011-08-02T16:59:05","date_gmt":"2011-08-02T13:59:05","guid":{"rendered":"http:\/\/www.korhanyilmaz.com\/?p=37672"},"modified":"2011-08-03T02:29:13","modified_gmt":"2011-08-02T23:29:13","slug":"basbakan-degerli-zevatlarla-birlikte","status":"publish","type":"post","link":"http:\/\/www.korhanyilmaz.com\/?p=37672","title":{"rendered":"&#8220;Ba\u015fbakan de\u011ferli zevatlarla birlikte&#8221;"},"content":{"rendered":"<p style=\"text-align: justify;\"><a href=\"http:\/\/www.korhanyilmaz.com\/wp-content\/uploads\/2011\/08\/3011.jpg\"  class=\"lightview\"><img loading=\"lazy\" decoding=\"async\" class=\"aligncenter size-full wp-image-37673\" title=\"\" src=\"http:\/\/www.korhanyilmaz.com\/wp-content\/uploads\/2011\/08\/3011.jpg\" alt=\"\" width=\"384\" height=\"295\" \/><\/a><\/p>\n<p style=\"text-align: justify;\">\u0130\u00e7i\u015fleri Bakan\u0131 \u0130dris Naim \u015eahin, YA\u015e&#8217;\u0131n oturma d\u00fczenine ili\u015fkin, &#8220;Say\u0131n Ba\u015fbakan, tek ba\u015f\u0131na de\u011fil, sa\u011f ve sol taraf\u0131nda oturmu\u015f, son derece yetkili, kurulun \u00fcyesi, sivil ve askerden olu\u015fan, bu \u00fclkenin Y\u00fcksek Askeri \u015eura&#8217;s\u0131n\u0131 olu\u015fturan de\u011ferli zevatla birlikte oturuyor&#8221; dedi.<\/p>\n<p style=\"text-align: justify;\">\u015eahin, KKTC \u0130\u00e7i\u015fleri ve Yerel Y\u00f6netimler Bakan\u0131 Naz\u0131m \u00c7avu\u015fo\u011flu ve beraberindeki heyetle makam\u0131nda bir araya geldi. <!--more--><\/p>\n<p style=\"text-align: justify;\">Bakan \u015eahin, g\u00f6r\u00fc\u015fme \u00f6ncesinde gazetecilerin g\u00fcndeme ili\u015fkin sorular\u0131n\u0131 yan\u0131tlad\u0131.<\/p>\n<p style=\"text-align: justify;\"><a href=\"http:\/\/www.korhanyilmaz.com\/wp-content\/uploads\/2011\/08\/3012.jpg\"  class=\"lightview\"><img loading=\"lazy\" decoding=\"async\" class=\"alignleft size-full wp-image-37674\" style=\"margin-left: 15px; margin-right: 15px;\" src=\"http:\/\/www.korhanyilmaz.com\/wp-content\/uploads\/2011\/08\/3012.jpg\" alt=\"\" width=\"292\" height=\"217\" \/><\/a>&#8220;YA\u015e toplant\u0131s\u0131nda Ba\u015fbakan Erdo\u011fan, masan\u0131n ba\u015f\u0131nda tek ba\u015f\u0131na oturuyor. Bu g\u00f6r\u00fcnt\u00fcy\u00fc nas\u0131l de\u011ferlendiriyorsunuz&#8221; sorusu \u00fczerine Bakan \u015eahin, &#8220;Tek ba\u015f\u0131na de\u011fil. Say\u0131n Ba\u015fbakan, tek ba\u015f\u0131na de\u011fil, sa\u011f ve sol taraf\u0131nda oturmu\u015f, son derece yetkili, kurulun \u00fcyesi, sivil ve askerden olu\u015fan, bu \u00fclkenin Y\u00fcksek Askeri \u015eura&#8217;s\u0131n\u0131 olu\u015fturan de\u011ferli zevatla birlikte oturuyor&#8221; diye konu\u015ftu.<\/p>\n<p style=\"text-align: justify;\">\u015eahin, Diyarbak\u0131r&#8217;\u0131n Silvan il\u00e7esinde 13 askerin \u015fehit oldu\u011fu ter\u00f6r sald\u0131r\u0131s\u0131yla ilgili soru\u015fturma kapsam\u0131nda yeni bir geli\u015fmenin olup olmad\u0131\u011f\u0131n\u0131n sorulmas\u0131 \u00fczerine de &#8220;Olanlar, bilgilendirildi&#8221; dedi.<\/p>\n<p style=\"text-align: justify;\"><strong>Ter\u00f6rle m\u00fccadele<\/strong><\/p>\n<p style=\"text-align: justify;\">\u015eahin, ter\u00f6rle m\u00fccadelede polisin, \u00f6zellikle \u00f6zel harekat polisinin etkinli\u011finin art\u0131r\u0131lmas\u0131yla ilgili bir takvim verilip verilemeyece\u011fine y\u00f6nelik soru \u00fczerine de &#8220;Polisin etkisi her zaman olabilir, olmaktad\u0131r da zaten. \u015eu anda uygulanan bir husustur&#8221; dedi.<\/p>\n<p style=\"text-align: justify;\"><strong>Askerlik s\u00fcresi<\/strong><\/p>\n<p style=\"text-align: justify;\">\u0130\u00e7i\u015fleri Bakan\u0131 \u015eahin, askerlik s\u00fcresinin k\u0131salt\u0131lmas\u0131 konusuyla ilgili soru \u00fczerine de &#8220;Askerli\u011fin s\u00fcresi konusu, \u0130\u00e7i\u015fleri Bakanl\u0131\u011f\u0131n\u0131n \u00e7al\u0131\u015fma alan\u0131n\u0131 do\u011frudan ilgilendirmemektedir. Jandarma vesilesiyle bizi ilgilendiriyor ama as\u0131l ilgili bakanl\u0131k, Milli Savunma Bakanl\u0131\u011f\u0131d\u0131r. Biz de sizler gibi izliyoruz. H\u00fck\u00fcmet d\u00fczeyinde g\u00f6r\u00fc\u015f\u00fclm\u00fc\u015f, konu\u015fulmu\u015f bir konu de\u011fildir&#8221; diye konu\u015ftu.<\/p>\n<p style=\"text-align: justify;\"><strong>Egemen Ba\u011f\u0131\u015f: AB reformlar\u0131 anlam\u0131nda yap\u0131lacak daha \u00e7ok \u015fey var<\/strong><\/p>\n<p style=\"text-align: justify;\">Avrupa Birli\u011fi Bakan\u0131 ve Ba\u015fm\u00fczakereci Egemen Ba\u011f\u0131\u015f, Y\u00fcksek Askeri \u015eura toplant\u0131s\u0131ndaki oturma d\u00fczeninin de\u011fi\u015fmesinin bu kadar \u00f6nemsenmesinin, T\u00fcrkiye&#8217;de AB reformlar\u0131 anlam\u0131nda yap\u0131lacak daha \u00e7ok \u015fey oldu\u011funu g\u00f6sterdi\u011fini s\u00f6yledi.<\/p>\n<p style=\"text-align: justify;\">A Haber&#8217;de yay\u0131mlanan bir programa kat\u0131lan Ba\u011f\u0131\u015f, Y\u00fcksek Askeri \u015eura&#8217;daki (YA\u015e) geli\u015fmeler ve Ba\u015fbakan Recep Tayyip Erdo\u011fan&#8217;\u0131n toplant\u0131ya tek ba\u015f\u0131na ba\u015fkanl\u0131k etmesi ile ilgili olarak, &#8220;atanman\u0131n da g\u00f6rev yapmaman\u0131n da bireysel bir tercih oldu\u011funu&#8221; belirtti.<\/p>\n<p style=\"text-align: justify;\">Olanlar\u0131n, &#8220;T\u00fcrkiye&#8217;de devletin, milli iradenin muktedir oldu\u011funu ortaya koyan bir tablo oldu\u011funu&#8221; ifade eden Ba\u011f\u0131\u015f, oturma d\u00fczeninin bu kadar b\u00fcy\u00fck mesele edilmesini &#8220;enteresan&#8221; buldu\u011funu s\u00f6yledi.<\/p>\n<p style=\"text-align: justify;\">Ba\u011f\u0131\u015f, &#8220;T\u00fcrkiye normalle\u015fiyor, do\u011frusu bu. Toplant\u0131n\u0131n bir ba\u015f\u0131 olur, \u00e7ok ba\u015fl\u0131l\u0131k gibi bir g\u00f6r\u00fcnt\u00fc zaten yanl\u0131\u015ft\u0131r. Bir oturma d\u00fczeninin bile de\u011fi\u015fmesi bu kadar gazete kapaklar\u0131n\u0131 kaplayacak kadar \u00f6nemseniyorsa, demek ki T\u00fcrkiye&#8217;de AB reformlar\u0131 anlam\u0131nda yap\u0131lacak daha \u00e7ok \u015fey var&#8221; diye konu\u015ftu.<\/p>\n<p style=\"text-align: justify;\">YA\u015e toplant\u0131s\u0131na ba\u015fkanl\u0131k yapan Ba\u015fbakan&#8217;\u0131n zaten masan\u0131n ba\u015f\u0131nda oturmas\u0131 gerekti\u011fini belirten Ba\u011f\u0131\u015f, bunun \u00e7ok do\u011fal oldu\u011funu kaydetti.<\/p>\n<p style=\"text-align: justify;\"><strong>-&#8220;T\u00fcrkiye&#8217;de iklim de\u011fi\u015fti&#8221;<\/strong><\/p>\n<p style=\"text-align: justify;\">T\u00fcrkiye&#8217;de bar\u0131\u015f ortam\u0131n\u0131n ye\u015fermesi, birlik ve karde\u015flik projesinin geli\u015fmesine kar\u015f\u0131, &#8220;rant\u0131n elden gidece\u011fi korkusuyla bir tak\u0131m \u00e7evrelerin \u00e7abalad\u0131\u011f\u0131n\u0131&#8221; s\u00f6yleyen Ba\u011f\u0131\u015f, &#8220;Ba\u015fta K\u00fcrt k\u00f6kenli vatanda\u015flar\u0131m\u0131z art\u0131k bu \u00f6rg\u00fct\u00fcn bu \u00fclkede yapmaya \u00e7al\u0131\u015ft\u0131\u011f\u0131 hainliklerden b\u0131km\u0131\u015f durumdad\u0131r&#8221; dedi.<\/p>\n<p style=\"text-align: justify;\">T\u00fcrkiye&#8217;ye d\u00f6nen Kemal Burkay ile g\u00f6r\u00fc\u015fmesine de\u011finen Ba\u011f\u0131\u015f, Burkay&#8217;\u0131n 31 y\u0131ld\u0131r yurt d\u0131\u015f\u0131nda olmas\u0131na ra\u011fmen hi\u00e7bir zaman ter\u00f6r\u00fc ve \u015fiddeti desteklemedi\u011fini, her zaman bar\u0131\u015f ve demokrasiden yana oldu\u011funu hat\u0131rlatarak, bu nedenle g\u00f6r\u00fc\u015fmeyi \u00e7ok \u00f6nemsedi\u011fini belirtti.<\/p>\n<p style=\"text-align: justify;\">Ba\u011f\u0131\u015f, T\u00fcrkiye&#8217;nin &#8220;ikliminin de\u011fi\u015fti\u011fini&#8221; kaydederek, T\u00fcrkiye&#8217;de hala halledilmesi gereken \u00f6nemli meselelerin oldu\u011funu ama T\u00fcrkiye&#8217;nin AB standartlar\u0131 yolunda bir \u00fclke olma konusunda kararl\u0131 oldu\u011funu vurgulad\u0131.<\/p>\n<p style=\"text-align: justify;\"><a href=\"http:\/\/www.cnnturk.com\/2011\/turkiye\/08\/02\/basbakan.degerli.zevatlarla.birlikte\/624861.0\/index.html\" target=\"_blank\">Kaynak : CNN T\u00dcRK<\/a><\/p>\n","protected":false},"excerpt":{"rendered":"<p style=\"text-align: justify;\">\n<p style=\"text-align: justify;\">\u0130\u00e7i\u015fleri Bakan\u0131 \u0130dris Naim \u015eahin, YA\u015e&#8217;\u0131n oturma d\u00fczenine ili\u015fkin, &#8220;Say\u0131n Ba\u015fbakan, tek ba\u015f\u0131na de\u011fil, sa\u011f ve sol taraf\u0131nda oturmu\u015f, son derece yetkili, kurulun \u00fcyesi, sivil ve askerden olu\u015fan, bu \u00fclkenin Y\u00fcksek Askeri \u015eura&#8217;s\u0131n\u0131 olu\u015fturan de\u011ferli zevatla birlikte oturuyor&#8221; dedi.<\/p>\n<p style=\"text-align: justify;\">\u015eahin, KKTC \u0130\u00e7i\u015fleri ve Yerel Y\u00f6netimler Bakan\u0131 Naz\u0131m \u00c7avu\u015fo\u011flu <\/p>\n","protected":false},"author":1,"featured_media":0,"comment_status":"open","ping_status":"open","sticky":false,"template":"","format":"standard","meta":{"footnotes":""},"categories":[105],"tags":[],"class_list":["post-37672","post","type-post","status-publish","format-standard","hentry","category-gundem","odd"],"_links":{"self":[{"href":"http:\/\/www.korhanyilmaz.com\/index.php?rest_route=\/wp\/v2\/posts\/37672","targetHints":{"allow":["GET"]}}],"collection":[{"href":"http:\/\/www.korhanyilmaz.com\/index.php?rest_route=\/wp\/v2\/posts"}],"about":[{"href":"http:\/\/www.korhanyilmaz.com\/index.php?rest_route=\/wp\/v2\/types\/post"}],"author":[{"embeddable":true,"href":"http:\/\/www.korhanyilmaz.com\/index.php?rest_route=\/wp\/v2\/users\/1"}],"replies":[{"embeddable":true,"href":"http:\/\/www.korhanyilmaz.com\/index.php?rest_route=%2Fwp%2Fv2%2Fcomments&post=37672"}],"version-history":[{"count":0,"href":"http:\/\/www.korhanyilmaz.com\/index.php?rest_route=\/wp\/v2\/posts\/37672\/revisions"}],"wp:attachment":[{"href":"http:\/\/www.korhanyilmaz.com\/index.php?rest_route=%2Fwp%2Fv2%2Fmedia&parent=37672"}],"wp:term":[{"taxonomy":"category","embeddable":true,"href":"http:\/\/www.korhanyilmaz.com\/index.php?rest_route=%2Fwp%2Fv2%2Fcategories&post=37672"},{"taxonomy":"post_tag","embeddable":true,"href":"http:\/\/www.korhanyilmaz.com\/index.php?rest_route=%2Fwp%2Fv2%2Ftags&post=37672"}],"curies":[{"name":"wp","href":"https:\/\/api.w.org\/{rel}","templated":true}]}}