{"id":37666,"date":"2011-08-02T11:18:39","date_gmt":"2011-08-02T08:18:39","guid":{"rendered":"http:\/\/www.korhanyilmaz.com\/?p=37666"},"modified":"2011-08-02T19:52:28","modified_gmt":"2011-08-02T16:52:28","slug":"cumadan-sonra-teravihte-de-sivil-itaatsizlik","status":"publish","type":"post","link":"http:\/\/www.korhanyilmaz.com\/?p=37666","title":{"rendered":"Cuma&#8217;dan sonra teravih&#8217;te de sivil itaatsizlik"},"content":{"rendered":"<p style=\"text-align: center;\"><a href=\"http:\/\/www.korhanyilmaz.com\/wp-content\/uploads\/2011\/08\/3016.jpeg\"  class=\"lightview\"><img loading=\"lazy\" decoding=\"async\" class=\"aligncenter size-full wp-image-37667\" src=\"http:\/\/www.korhanyilmaz.com\/wp-content\/uploads\/2011\/08\/3016.jpeg\" alt=\"\" width=\"384\" height=\"254\" \/><\/a><\/p>\n<p style=\"text-align: justify;\">DTK ve BDP&#8217;nin s\u00fcrd\u00fcrd\u00fc\u011f\u00fc &#8216;sivil itaatsizlik eylemleri&#8217; kapsam\u0131nda cuma namazlar\u0131n\u0131n a\u00e7\u0131k alanlarda k\u0131l\u0131nmas\u0131 eylemi s\u00fcr\u00fcrken; Mardin&#8217;in Nusaybin \u0130l\u00e7esi&#8217;nde eylem kapsam\u0131nda bir grup d\u00fcn gece teravih namaz\u0131n\u0131 da cami yerine meydanda k\u0131ld\u0131.<\/p>\n<p style=\"text-align: justify;\">NUSAYB\u0130N &#8211; BDP ve Demokratik Toplum Kongresi\u2019nin (DTK) sivil itaatsizlik eylemleri kapsam\u0131nda cuma namazlar\u0131n\u0131n Do\u011fu ve G\u00fcneydo\u011fu\u2019nun baz\u0131 illerinde fahri imamlar e\u015fli\u011finde meydanlarda k\u0131l\u0131nmas\u0131 eylemi s\u00fcrerken, buna \u015fimdi de teravih namaz\u0131 eklendi. <!--more--><\/p>\n<p style=\"text-align: justify;\">Mardin\u2019in Nusaybin \u0130l\u00e7esi\u2019nde d\u00fcn ak\u015fam teravih namaz\u0131 da meydanda k\u0131l\u0131nmaya ba\u015fland\u0131. Nusaybin\u2019deki Mittani K\u00fclt\u00fcr Merkezi bah\u00e7esinde y\u00fczlerce ki\u015finin kat\u0131l\u0131m\u0131 ile sivil itaasizlik eylemleri kapsam\u0131nda, teravih namaz\u0131 k\u0131l\u0131nd\u0131.<\/p>\n<p style=\"text-align: justify;\">Kad\u0131nlar\u0131n da erkeklerin arkas\u0131nda saf tuttu\u011fu teravih namaz\u0131 s\u0131ras\u0131nda elektrik voltaj\u0131n\u0131n d\u00fc\u015f\u00fcp y\u00fckselmesi, namaz k\u0131lanlar\u0131 rahats\u0131z etti. Bunun \u00fczerine elektirik sistemi devreden \u00e7\u0131kar\u0131larak, eylem kapsam\u0131nda a\u00e7\u0131k alandaki teravih namaz\u0131 karanl\u0131kta k\u0131l\u0131nd\u0131.<\/p>\n<p style=\"text-align: justify;\"><strong>BATMAN\u2019DAK\u0130 NAMAZA 1000 K\u0130\u015e\u0130 KATILDI<\/strong><\/p>\n<p style=\"text-align: justify;\">Sivil itaatsizlik eylemlemleri kapsam\u0131nda Batman Belediyesi bah\u00e7esinde k\u0131l\u0131nan teravih namaz\u0131na yakla\u015f\u0131k 1000 ki\u015fi kat\u0131ld\u0131.<\/p>\n<p style=\"text-align: justify;\">Teravih namaz\u0131 k\u0131ld\u0131ran fahri imam Ahmet E\u015fiyok, vatanda\u015flar\u0131n ibadetini anla\u015f\u0131l\u0131r bir dilde yapt\u0131\u011f\u0131n\u0131 belirterek, &#8220;K\u00fcrt\u00e7e Cuma hutbelerinin ard\u0131ndan teravih namazlar\u0131m\u0131z\u0131 da a\u00e7\u0131k alanda k\u0131l\u0131yoruz. Cemaate K\u00fcrt\u00e7e sesleniyoruz. Herkes anla\u015f\u0131labilir dille ibadetini yap\u0131yor. Biz de bundan mutluluk duyuyoruz. Camilere g\u00f6re daha seri ve erken ibadetimizi yap\u0131yoruz. Camilerde teravih namaz\u0131 40-45 dakika s\u00fcrerken, bizde ise bu s\u00fcre 20 ila 25 dakika s\u00fcr\u00fcyor&#8221; dedi.<\/p>\n<p style=\"text-align: justify;\">Erkeklerin yan\u0131 s\u0131ra kad\u0131nlar\u0131n da teravih namaz\u0131 k\u0131lmaya geldi\u011fini belirten fahri imamlardan Talat Turhan ise, &#8220;Dinadamlar\u0131 Derne\u011fimiz \u00e7at\u0131s\u0131nda 50\u2019yi a\u015fk\u0131n imam var. Her ak\u015fam g\u00f6n\u00fcll\u00fc olarak teravih namaz\u0131 k\u0131ld\u0131r\u0131yoruz. K\u00fcrt\u00e7e Cuma\u2019larda da g\u00f6rev al\u0131yoruz. K\u00fcrt\u00e7e Cuma\u2019dan sonra ba\u015flad\u0131\u011f\u0131m\u0131z teravih namazlar\u0131na da ilgi var&#8221; dedi.<\/p>\n<p style=\"text-align: justify;\"><a href=\"http:\/\/www.radikal.com.tr\/Radikal.aspx?aType=RadikalDetayV3&amp;ArticleID=1058523&amp;Date=02.08.2011&amp;CategoryID=77\" target=\"_blank\">Kaynak : Radikal.com.tr<\/a><\/p>\n","protected":false},"excerpt":{"rendered":"<p style=\"text-align: center;\">\n<p style=\"text-align: justify;\">DTK ve BDP&#8217;nin s\u00fcrd\u00fcrd\u00fc\u011f\u00fc &#8216;sivil itaatsizlik eylemleri&#8217; kapsam\u0131nda cuma namazlar\u0131n\u0131n a\u00e7\u0131k alanlarda k\u0131l\u0131nmas\u0131 eylemi s\u00fcr\u00fcrken; Mardin&#8217;in Nusaybin \u0130l\u00e7esi&#8217;nde eylem kapsam\u0131nda bir grup d\u00fcn gece teravih namaz\u0131n\u0131 da cami yerine meydanda k\u0131ld\u0131.<\/p>\n<p style=\"text-align: justify;\">NUSAYB\u0130N &#8211; BDP ve Demokratik Toplum Kongresi\u2019nin (DTK) sivil itaatsizlik eylemleri kapsam\u0131nda cuma namazlar\u0131n\u0131n Do\u011fu ve G\u00fcneydo\u011fu\u2019nun <\/p>\n","protected":false},"author":1,"featured_media":0,"comment_status":"open","ping_status":"open","sticky":false,"template":"","format":"standard","meta":{"footnotes":""},"categories":[105],"tags":[],"class_list":["post-37666","post","type-post","status-publish","format-standard","hentry","category-gundem","odd"],"_links":{"self":[{"href":"http:\/\/www.korhanyilmaz.com\/index.php?rest_route=\/wp\/v2\/posts\/37666","targetHints":{"allow":["GET"]}}],"collection":[{"href":"http:\/\/www.korhanyilmaz.com\/index.php?rest_route=\/wp\/v2\/posts"}],"about":[{"href":"http:\/\/www.korhanyilmaz.com\/index.php?rest_route=\/wp\/v2\/types\/post"}],"author":[{"embeddable":true,"href":"http:\/\/www.korhanyilmaz.com\/index.php?rest_route=\/wp\/v2\/users\/1"}],"replies":[{"embeddable":true,"href":"http:\/\/www.korhanyilmaz.com\/index.php?rest_route=%2Fwp%2Fv2%2Fcomments&post=37666"}],"version-history":[{"count":0,"href":"http:\/\/www.korhanyilmaz.com\/index.php?rest_route=\/wp\/v2\/posts\/37666\/revisions"}],"wp:attachment":[{"href":"http:\/\/www.korhanyilmaz.com\/index.php?rest_route=%2Fwp%2Fv2%2Fmedia&parent=37666"}],"wp:term":[{"taxonomy":"category","embeddable":true,"href":"http:\/\/www.korhanyilmaz.com\/index.php?rest_route=%2Fwp%2Fv2%2Fcategories&post=37666"},{"taxonomy":"post_tag","embeddable":true,"href":"http:\/\/www.korhanyilmaz.com\/index.php?rest_route=%2Fwp%2Fv2%2Ftags&post=37666"}],"curies":[{"name":"wp","href":"https:\/\/api.w.org\/{rel}","templated":true}]}}