{"id":37652,"date":"2011-08-01T18:16:44","date_gmt":"2011-08-01T15:16:44","guid":{"rendered":"http:\/\/www.korhanyilmaz.com\/?p=37652"},"modified":"2011-08-02T00:22:23","modified_gmt":"2011-08-01T21:22:23","slug":"vanda-3-sehit","status":"publish","type":"post","link":"http:\/\/www.korhanyilmaz.com\/?p=37652","title":{"rendered":"Van&#8217;da 3 \u015fehit"},"content":{"rendered":"<p style=\"text-align: center;\"><a href=\"http:\/\/www.korhanyilmaz.com\/wp-content\/uploads\/2011\/08\/30101.jpg\"  class=\"lightview\"><img loading=\"lazy\" decoding=\"async\" class=\"aligncenter size-full wp-image-37654\" src=\"http:\/\/www.korhanyilmaz.com\/wp-content\/uploads\/2011\/08\/30101.jpg\" alt=\"\" width=\"346\" height=\"266\" \/><\/a><\/p>\n<p style=\"text-align: justify;\">Van&#8217;\u0131n Ba\u015fkale il\u00e7esi Gedikba\u015f\u0131 mevkiinde askeri konvoya ate\u015f a\u00e7\u0131ld\u0131. Sald\u0131r\u0131da 3 askerin \u015fehit oldu\u011fu 4 askerin de yaraland\u0131\u011f\u0131 bildirildi.<\/p>\n<p style=\"text-align: justify;\">Van\u2019\u0131n Ba\u015fkale \u0130l\u00e7esi Gedikba\u015f\u0131 mevkiinde yol g\u00fcvenli\u011fini sa\u011flayan askeri ara\u00e7lara, PKK\u2019l\u0131 ter\u00f6ristlerin bulundu\u011fu otomobilden \u00f6nce el bombas\u0131 at\u0131ld\u0131, ard\u0131ndan uzun namlulu silahlarla ate\u015f a\u00e7\u0131ld\u0131. Sald\u0131r\u0131da 1 astsubay ile 2 Jandarma uzman \u00e7avu\u015f \u015fehit olurken, 4 asker ile yoldan ge\u00e7mekte olan Ba\u015fkale Kaymakam\u0131 Bilgehan Bayer ve korumas\u0131 da yaraland\u0131. <!--more--><\/p>\n<p style=\"text-align: justify;\">Bug\u00fcn saat 15.15&#8217;de Van- Hakkari karayolunda z\u0131rhl\u0131 ara\u00e7larla yol emniyet sa\u011flayan askerlerin \u00fczerine, Gedikba\u015f\u0131 Mevkii&#8217;nde yoldan ge\u00e7en bir otomobilden \u00f6nce el bombas\u0131 at\u0131ld\u0131. Z\u0131rhl\u0131 araca el bombas\u0131 aten ter\u00f6ristler, askeri personelin bulundu\u011fu yak\u0131ndaki di\u011fer askeri araca da uzun namlulu silahlarla ate\u015f a\u00e7t\u0131. G\u00fcvenlik g\u00fc\u00e7lerinin de a\u00e7\u0131lan ate\u015fe kar\u015f\u0131l\u0131k vermesi \u00fczerine \u00e7at\u0131\u015fma \u00e7\u0131kt\u0131.<\/p>\n<p style=\"text-align: justify;\">K\u0131sa s\u00fcreli \u00e7at\u0131\u015fman\u0131n ard\u0131ndan ter\u00f6ristler olay yerinden ka\u00e7t\u0131. At\u0131lan el bombas\u0131 ve silahl\u0131 sald\u0131r\u0131 s\u0131ras\u0131nda 1 astsubay, 2 jandarma uzman \u00e7avu\u015f \u015fehit oldu, 4 asker yaraland\u0131. Olay yerinden ka\u00e7an ve beyaz renkli oldu\u011fu belirtilen sivil plakal\u0131 otomobilde yaral\u0131 ter\u00f6ristlerin oldu\u011fu da belirtildi.<\/p>\n<p style=\"text-align: justify;\">Sald\u0131r\u0131 s\u0131ras\u0131nda olay\u0131n oldu\u011fu b\u00f6lgeden ge\u00e7mekte olan Ba\u015fkale Kaymakam\u0131 Bilgihan Bayer ile korumas\u0131 da a\u00e7\u0131lan ate\u015f sonucu kur\u015funlar\u0131n arac\u0131n cam\u0131na isabet etmesi sonucu cam k\u0131r\u0131klar\u0131ndan yaraland\u0131.<\/p>\n<p style=\"text-align: justify;\"><strong>Yaral\u0131lar tedavi alt\u0131na al\u0131nd\u0131<\/strong><\/p>\n<p style=\"text-align: justify;\">Yaral\u0131 4 asker Ba\u015fkale Devlet Hastanesi&#8217;nde yap\u0131lan ilk m\u00fcdahalenin ard\u0131ndan helikopterle Van Asker Hastanesi&#8217;ne kald\u0131r\u0131larak tedavi alt\u0131na al\u0131nd\u0131. Kaymakam Bayer ile koruma g\u00f6revlisi ise Ba\u015fkale Devlet Hastanesi&#8217;nde tedavi alt\u0131na al\u0131nd\u0131.<\/p>\n<p style=\"text-align: justify;\">PKK\u2019l\u0131 ter\u00f6ristlere y\u00f6nelik b\u00f6lgede geni\u015f \u00e7apl\u0131 operasyon ba\u015flat\u0131ld\u0131.<\/p>\n<p style=\"text-align: justify;\"><strong>\u015eehit evine ac\u0131l\u0131 haber ula\u015ft\u0131<\/strong><\/p>\n<p style=\"text-align: justify;\">Van&#8217;da ter\u00f6rist sald\u0131r\u0131da \u015fehit olan askerlerden 30 ya\u015f\u0131ndaki Astsubay Co\u015fkun Tanr\u0131\u00f6ver&#8217;in Gaziantep&#8217;teki baba evine ac\u0131l\u0131 haber askeri yetkililer taraf\u0131ndan verildi.<\/p>\n<p style=\"text-align: justify;\">Van&#8217;\u0131n Ba\u015fkale \u0130l\u00e7esi Gedikba\u015f\u0131 K\u00f6y\u00fc yak\u0131nlar\u0131ndaki sald\u0131r\u0131da \u015fehit olan Astsubay Co\u015fkun Tanr\u0131\u00f6ver&#8217;in \u015eahinbey \u0130l\u00e7esi Esentepe Mahallesindeki a\u011febeyi Mehmet Tanr\u0131\u00f6ver&#8217;in evinde bulunan \u015fehidin babas\u0131 Mehmet ile annesi Sabiha Tanr\u0131\u00f6ver&#8217;e ac\u0131l\u0131 haber ak\u015fam saatlerinde askeri yetkililer taraf\u0131ndan ula\u015ft\u0131r\u0131ld\u0131. Ac\u0131l\u0131 hableri alan Tanr\u0131\u00f6ver ailesi g\u00f6zya\u015flar\u0131na bo\u011fuldu. Baba Mehmet Tanr\u0131\u00f6ver, &#8220;Senin yerine ben \u00f6lseydim&#8221; diyerek g\u00f6z ya\u015f\u0131 d\u00f6kt\u00fc. \u015eehidin karde\u015fleri ise &#8220;Ayaklar\u0131yla gitti tabutlam\u0131 gelecekti&#8221; diyerek feryat etti. Esentepe Mahallesi&#8217;nde T\u00fcrk Bayra\u011f\u0131 as\u0131lan \u015fehit evi, taziye ziyaretine gelen akraba ve yak\u0131nlar\u0131yla dolup ta\u015ft\u0131.<\/p>\n<p style=\"text-align: justify;\">9 karde\u015ften 6&#8217;\u0131nc\u0131s\u0131 olan \u015eehit astsubay Tanr\u0131\u00f6ver&#8217;in 8 y\u0131ld\u0131r Zeliha Tanr\u0131\u00f6ver ile evli oldu\u011fu ve 5 ya\u015f\u0131nda ecem isimli bir k\u0131z\u0131 oldu\u011fu \u00f6\u011frenildi.<\/p>\n<p style=\"text-align: justify;\"><a href=\"http:\/\/www.cnnturk.com\/2011\/turkiye\/08\/01\/vanda.3.sehit\/624717.0\/index.html\" target=\"_blank\">Kaynak : CNN T\u00dcRK<\/a><\/p>\n","protected":false},"excerpt":{"rendered":"<p style=\"text-align: center;\">\n<p style=\"text-align: justify;\">Van&#8217;\u0131n Ba\u015fkale il\u00e7esi Gedikba\u015f\u0131 mevkiinde askeri konvoya ate\u015f a\u00e7\u0131ld\u0131. Sald\u0131r\u0131da 3 askerin \u015fehit oldu\u011fu 4 askerin de yaraland\u0131\u011f\u0131 bildirildi.<\/p>\n<p style=\"text-align: justify;\">Van\u2019\u0131n Ba\u015fkale \u0130l\u00e7esi Gedikba\u015f\u0131 mevkiinde yol g\u00fcvenli\u011fini sa\u011flayan askeri ara\u00e7lara, PKK\u2019l\u0131 ter\u00f6ristlerin bulundu\u011fu otomobilden \u00f6nce el bombas\u0131 at\u0131ld\u0131, ard\u0131ndan uzun namlulu silahlarla ate\u015f a\u00e7\u0131ld\u0131. Sald\u0131r\u0131da 1 astsubay ile 2 <\/p>\n","protected":false},"author":1,"featured_media":0,"comment_status":"open","ping_status":"open","sticky":false,"template":"","format":"standard","meta":{"footnotes":""},"categories":[105],"tags":[],"class_list":["post-37652","post","type-post","status-publish","format-standard","hentry","category-gundem","odd"],"_links":{"self":[{"href":"http:\/\/www.korhanyilmaz.com\/index.php?rest_route=\/wp\/v2\/posts\/37652","targetHints":{"allow":["GET"]}}],"collection":[{"href":"http:\/\/www.korhanyilmaz.com\/index.php?rest_route=\/wp\/v2\/posts"}],"about":[{"href":"http:\/\/www.korhanyilmaz.com\/index.php?rest_route=\/wp\/v2\/types\/post"}],"author":[{"embeddable":true,"href":"http:\/\/www.korhanyilmaz.com\/index.php?rest_route=\/wp\/v2\/users\/1"}],"replies":[{"embeddable":true,"href":"http:\/\/www.korhanyilmaz.com\/index.php?rest_route=%2Fwp%2Fv2%2Fcomments&post=37652"}],"version-history":[{"count":0,"href":"http:\/\/www.korhanyilmaz.com\/index.php?rest_route=\/wp\/v2\/posts\/37652\/revisions"}],"wp:attachment":[{"href":"http:\/\/www.korhanyilmaz.com\/index.php?rest_route=%2Fwp%2Fv2%2Fmedia&parent=37652"}],"wp:term":[{"taxonomy":"category","embeddable":true,"href":"http:\/\/www.korhanyilmaz.com\/index.php?rest_route=%2Fwp%2Fv2%2Fcategories&post=37652"},{"taxonomy":"post_tag","embeddable":true,"href":"http:\/\/www.korhanyilmaz.com\/index.php?rest_route=%2Fwp%2Fv2%2Ftags&post=37652"}],"curies":[{"name":"wp","href":"https:\/\/api.w.org\/{rel}","templated":true}]}}