{"id":37646,"date":"2011-08-01T14:42:06","date_gmt":"2011-08-01T11:42:06","guid":{"rendered":"http:\/\/www.korhanyilmaz.com\/?p=37646"},"modified":"2011-08-01T18:20:59","modified_gmt":"2011-08-01T15:20:59","slug":"chpden-21-yil-formulu","status":"publish","type":"post","link":"http:\/\/www.korhanyilmaz.com\/?p=37646","title":{"rendered":"CHP&#8217;den 2+1 y\u0131l form\u00fcl\u00fc"},"content":{"rendered":"<p style=\"text-align: justify;\"><a href=\"http:\/\/www.korhanyilmaz.com\/wp-content\/uploads\/2011\/08\/3009.jpg\"  class=\"lightview\"><img loading=\"lazy\" decoding=\"async\" class=\"aligncenter size-full wp-image-37647\" title=\"\" src=\"http:\/\/www.korhanyilmaz.com\/wp-content\/uploads\/2011\/08\/3009.jpg\" alt=\"\" width=\"292\" height=\"219\" \/><\/a><\/p>\n<p style=\"text-align: justify;\">Ana muhalefet partisi CHP, tutuklu milletvekilleri Mustafa Balbay ve Mehmet Haberal&#8217;\u0131n tahliyesi i\u00e7in her yolu deniyor. CHP&#8217;nin hukuk\u00e7u kurmaylar\u0131 \u015fimdi birka\u00e7 maddelik bir paket \u00fczerinde \u00e7al\u0131\u015f\u0131yor.<\/p>\n<p style=\"text-align: justify;\">Ceza Muhakemeleri Kanunu&#8217;nda de\u011fi\u015fiklik \u00f6ng\u00f6ren paketle, a\u011f\u0131r ceza mahkemelerinin g\u00f6revine giren i\u015flerde, tutukluluk s\u00fcresinin en \u00e7ok iki y\u0131l olmas\u0131 ancak bu s\u00fcrenin zorunlu hallerde -gerek\u00e7eleri g\u00f6sterilerek- en \u00e7ok 1 y\u0131l daha uzat\u0131lmas\u0131 teklif edilecek. <!--more--><\/p>\n<p style=\"text-align: justify;\">Asl\u0131nda \u00e7al\u0131\u015fma yeni de\u011fil. 2 hafta \u00f6nce CHP Grup Ba\u015fkanvekili Emine \u00dclker Tarhan ile Mersin Milletvekili Ali R\u0131za \u00d6zt\u00fcrk&#8217;\u00fcn sundu\u011fu, \u00f6zel yetkili a\u011f\u0131r ceza mahkemeleri ve \u00f6zel yetkili cumhuriyet savc\u0131l\u0131klar\u0131n\u0131n kald\u0131r\u0131lmas\u0131n\u0131 \u00f6ng\u00f6ren teklifin geni\u015fletilip paket haline getirilmesi.<\/p>\n<p style=\"text-align: justify;\">Tutukluluk s\u00fcrelerinin 2 art\u0131 1 y\u0131lla s\u0131n\u0131rland\u0131r\u0131lmas\u0131n\u0131 esas alan paket, Yarg\u0131tay&#8217;daki ceza davalar\u0131n\u0131n temyiz incelemelerinin 1 y\u0131l i\u00e7inde sonu\u00e7land\u0131r\u0131lmas\u0131n\u0131 \u00f6ng\u00f6r\u00fcyor.<\/p>\n<p style=\"text-align: justify;\">Teklif, tahliye taleplerinin, hakimin dosya \u00fczerinde yapaca\u011f\u0131 incelemenin ard\u0131ndan &#8220;duru\u015fma yap\u0131larak&#8221; karara ba\u011flanmas\u0131 da i\u00e7eriyor.<\/p>\n<p style=\"text-align: justify;\">CHP kaynaklar\u0131na g\u00f6re, teklif Meclis Ba\u015fkanl\u0131\u011f\u0131&#8217;na ekim ay\u0131nda sunulabilir.<\/p>\n<p style=\"text-align: justify;\"><a href=\"http:\/\/www.cnnturk.com\/2011\/turkiye\/08\/01\/chpden.2.1.yil.formulu\/624688.0\/index.html\" target=\"_blank\">Kaynak : CNN T\u00dcRK<\/a><\/p>\n","protected":false},"excerpt":{"rendered":"<p style=\"text-align: justify;\">\n<p style=\"text-align: justify;\">Ana muhalefet partisi CHP, tutuklu milletvekilleri Mustafa Balbay ve Mehmet Haberal&#8217;\u0131n tahliyesi i\u00e7in her yolu deniyor. CHP&#8217;nin hukuk\u00e7u kurmaylar\u0131 \u015fimdi birka\u00e7 maddelik bir paket \u00fczerinde \u00e7al\u0131\u015f\u0131yor.<\/p>\n<p style=\"text-align: justify;\">Ceza Muhakemeleri Kanunu&#8217;nda de\u011fi\u015fiklik \u00f6ng\u00f6ren paketle, a\u011f\u0131r ceza mahkemelerinin g\u00f6revine giren i\u015flerde, tutukluluk s\u00fcresinin en \u00e7ok iki y\u0131l olmas\u0131 ancak bu s\u00fcrenin <\/p>\n","protected":false},"author":1,"featured_media":0,"comment_status":"open","ping_status":"open","sticky":false,"template":"","format":"standard","meta":{"footnotes":""},"categories":[105],"tags":[],"class_list":["post-37646","post","type-post","status-publish","format-standard","hentry","category-gundem","odd"],"_links":{"self":[{"href":"http:\/\/www.korhanyilmaz.com\/index.php?rest_route=\/wp\/v2\/posts\/37646","targetHints":{"allow":["GET"]}}],"collection":[{"href":"http:\/\/www.korhanyilmaz.com\/index.php?rest_route=\/wp\/v2\/posts"}],"about":[{"href":"http:\/\/www.korhanyilmaz.com\/index.php?rest_route=\/wp\/v2\/types\/post"}],"author":[{"embeddable":true,"href":"http:\/\/www.korhanyilmaz.com\/index.php?rest_route=\/wp\/v2\/users\/1"}],"replies":[{"embeddable":true,"href":"http:\/\/www.korhanyilmaz.com\/index.php?rest_route=%2Fwp%2Fv2%2Fcomments&post=37646"}],"version-history":[{"count":0,"href":"http:\/\/www.korhanyilmaz.com\/index.php?rest_route=\/wp\/v2\/posts\/37646\/revisions"}],"wp:attachment":[{"href":"http:\/\/www.korhanyilmaz.com\/index.php?rest_route=%2Fwp%2Fv2%2Fmedia&parent=37646"}],"wp:term":[{"taxonomy":"category","embeddable":true,"href":"http:\/\/www.korhanyilmaz.com\/index.php?rest_route=%2Fwp%2Fv2%2Fcategories&post=37646"},{"taxonomy":"post_tag","embeddable":true,"href":"http:\/\/www.korhanyilmaz.com\/index.php?rest_route=%2Fwp%2Fv2%2Ftags&post=37646"}],"curies":[{"name":"wp","href":"https:\/\/api.w.org\/{rel}","templated":true}]}}