{"id":37634,"date":"2011-08-01T16:38:48","date_gmt":"2011-08-01T13:38:48","guid":{"rendered":"http:\/\/www.korhanyilmaz.com\/?p=37634"},"modified":"2011-08-01T18:07:30","modified_gmt":"2011-08-01T15:07:30","slug":"andic-icin-cicekten-uc-generale-suclama","status":"publish","type":"post","link":"http:\/\/www.korhanyilmaz.com\/?p=37634","title":{"rendered":"&#8216;And\u0131\u00e7&#8217; i\u00e7in \u00c7i\u00e7ek&#8217;ten \u00fc\u00e7 generale su\u00e7lama"},"content":{"rendered":"<p style=\"text-align: justify;\"><a href=\"http:\/\/www.korhanyilmaz.com\/wp-content\/uploads\/2011\/08\/3009.jpeg\"  class=\"lightview\"><img loading=\"lazy\" decoding=\"async\" class=\"aligncenter size-full wp-image-37635\" src=\"http:\/\/www.korhanyilmaz.com\/wp-content\/uploads\/2011\/08\/3009.jpeg\" alt=\"\" width=\"384\" height=\"254\" \/><\/a><\/p>\n<p style=\"text-align: justify;\">\u0130nternet And\u0131c\u0131 soru\u015fturmas\u0131 kapsam\u0131nda ifade veren Albay Dursun \u00c7i\u00e7ek&#8217;in kendi iste\u011fi \u00fczerine dilek\u00e7e vererek geldi\u011fi ikinci ifadesinde komutanlar\u0131na y\u00f6nelik tepkilerinin ayr\u0131nt\u0131lar\u0131 da ortaya \u00e7\u0131kmaya ba\u015flad\u0131.<\/p>\n<p style=\"text-align: justify;\">\u0130STANBUL &#8211; \u0130nternet and\u0131c\u0131 iddianamesi ile birlikte soru\u015fturma savc\u0131 Cihan Kans\u0131z, Emekli Orgeneral Hasan I\u011fs\u0131z, Ege Ordu Komutan\u0131 Orgeneral Nusret Ta\u015fdeler&#8217;in de aralar\u0131nda 22 \u015f\u00fcpheli hakk\u0131nda yakalama karar\u0131 talep etmi\u015fti. Mahkemenin kabul etti\u011fi iddianamede \u015f\u00fcphelilerin birbirlerini hedef alan ifadeleri dikkat \u00e7ekmi\u015fti.<!--more--><\/p>\n<p style=\"text-align: justify;\">Komutanlar\u0131na su\u00e7lama olarak yorumlanacak ifade veren askerlerden biri de Dursun \u00c7i\u00e7ek&#8217;ti.<\/p>\n<p style=\"text-align: justify;\">\u00c7i\u00e7ek&#8217;in o ifadelerinin ayr\u0131nt\u0131lar\u0131 da ortaya \u00e7\u0131kt\u0131.<\/p>\n<p style=\"text-align: justify;\"><strong>TEKRAR \u0130FADEYE \u00c7A\u011eRILDI<\/strong><\/p>\n<p style=\"text-align: justify;\">\u00c7i\u00e7ek&#8217;in Haziran ay\u0131nda soru\u015fturma kapsam\u0131nda verdi\u011fi ifadenin baz\u0131 b\u00f6l\u00fcmlerini d\u00fczeltmek \u00fczere savc\u0131l\u0131\u011fa 3 sayfal\u0131k dilek\u00e7e g\u00f6nderdi\u011fi ve savc\u0131l\u0131\u011f\u0131n bu dilek\u00e7e \u00fczerine \u00c7i\u00e7ek&#8217;i tekrar ifadeye \u00e7a\u011f\u0131r\u0131ld\u0131.<\/p>\n<p style=\"text-align: justify;\"><strong>3 GENERALE Y\u00d6NEL\u0130K SERT \u0130FADELER<\/strong><\/p>\n<p style=\"text-align: justify;\">\u00a0Sitelerle ilgili denetim yapma g\u00f6revinin, kendisinin oldu\u011fu kadar s\u0131ral\u0131 amirlerinin de oldu\u011funu belirtti\u011fi \u00f6\u011frenilen \u00c7i\u00e7ek&#8217;in, komutanlar\u0131 Korgeneral Mehmet Er\u00f6z, Korgeneral \u0130smail Hakk\u0131 Pekin ile T\u00fcmgeneral H\u0131fz\u0131 \u00c7ubuklu&#8217;ya y\u00f6nelik sert ifadeleri tutanaklara yans\u0131d\u0131.<\/p>\n<p style=\"text-align: justify;\"><strong>ER\u00d6Z&#8217;E &#8216;TAL\u0130MATI N\u0130\u00c7\u0130N VERMED\u0130&#8217; TEPK\u0130S\u0130<\/strong><\/p>\n<p style=\"text-align: justify;\">Soru\u015fturma kapsam\u0131nda ifade veren Korgeneral Mehmet Er\u00f6z&#8217;\u00fcn site i\u00e7eriklerinde kendi bilmedikleri olumsuzluklar\u0131n oldu\u011funu s\u00f6yledi\u011fi hat\u0131rlat\u0131lan \u00c7i\u00e7ek&#8217;in, sert s\u00f6zler ile komutan\u0131n\u0131 su\u00e7lad\u0131\u011f\u0131 \u00f6\u011frenildi. Sitelerin i\u00e7erikleri konusunda \u00fcstlerin bilgisi oldu\u011funu s\u00f6yledi\u011fi \u00f6\u011frenilen \u00c7i\u00e7ek&#8217;in, &#8220;E\u011fer Mehmet Er\u00f6z ifadesinde kendi bilmedi\u011fi olumsuzluk olarak beyanda bulunmu\u015f ise ni\u00e7in bu olumsuzlu\u011fu tespit edip d\u00fczeltilmesi konusunda talimat vermemi\u015ftir&#8221; dedi\u011fi iddia edildi.<\/p>\n<p style=\"text-align: justify;\"><strong>PEK\u0130N&#8217;E &#8216;DAHA \u00d6NCE KAPATSAYDI&#8217; SU\u00c7LAMASI<\/strong><\/p>\n<p style=\"text-align: justify;\">\u00c7i\u00e7ek&#8217;in Er\u00f6z&#8217;den sonra Korgeneral \u0130smail Hakk\u0131 Pekin&#8217;in ifadelerine de tepki g\u00f6sterdi\u011fi belirtildi. Pekin&#8217;in, &#8220;S\u00f6z konusu sitelerin mevcut mevzuata g\u00f6re uygun olmad\u0131\u011f\u0131 ve bu y\u00fczden kapatt\u0131klar\u0131 y\u00f6n\u00fcndeki ifadesi hat\u0131rlat\u0131lmas\u0131 \u00fczerine \u00c7i\u00e7ek&#8217;in, &#8220;Kapatma emrini kim verdiyse ayn\u0131 komutan siteleri daha \u00f6nce de yay\u0131ndan kald\u0131rabilirdi&#8221; diye ifade verdi\u011fi \u00f6\u011frenildi.<\/p>\n<p style=\"text-align: justify;\"><strong>\u00c7UBUKLU&#8217;YA: NEDEN \u00c7EK\u0130ND\u0130\u011e\u0130N\u0130 A\u00c7IKLASIN?<\/strong><\/p>\n<p style=\"text-align: justify;\">Edinilen bilgiye g\u00f6re \u00c7i\u00e7ek&#8217;in tepkisi sadece bu kadarla da s\u0131n\u0131rl\u0131 olmad\u0131. \u00c7i\u00e7ek&#8217;in hedefinde bu iki komutan\u0131n ard\u0131ndan Genelkurmay Adli M\u00fc\u015faviri T\u00fcmgeneral H\u0131fz\u0131 \u00c7ubuklu vard\u0131. \u00c7ubuklu&#8217;nun savc\u0131l\u0131kta verdi\u011fi ifade de, &#8220;Bir \u015feylerden \u00e7ekinildi\u011fi i\u00e7in sitelerin kapat\u0131lm\u0131\u015f olabilece\u011fine&#8217; ili\u015fkin s\u00f6zleri \u00c7i\u00e7ek&#8217;e okundu. Bu s\u00f6zlere tepki g\u00f6steren \u00c7i\u00e7ek&#8217;in ifadesinde, &#8220;H\u0131fz\u0131 \u00c7ubuklu daha yetkili bir makamdad\u0131r. Neden \u00e7ekindi\u011fini benden daha iyi bilir. Bunu a\u00e7\u0131klamas\u0131 gerekir&#8221; dedi\u011fi belirtildi.<\/p>\n<p style=\"text-align: justify;\"><strong>&#8220;BEN\u0130M SU\u00c7UM NEYSE AM\u0130RLER\u0130N DE ODUR&#8221;<\/strong><\/p>\n<p style=\"text-align: justify;\">Soru\u015fturma savc\u0131s\u0131 Cihan Kans\u0131z&#8217;a ifade veren komutanlar\u0131n\u0131n ifadelerine tepki g\u00f6sterdi\u011fi \u00f6\u011frenilen \u00c7i\u00e7ek&#8217;in savunmas\u0131nda son olarak, &#8220;Benim bu konuda su\u00e7um neyse amirlerimin de su\u00e7u ayn\u0131d\u0131r&#8221; diye konu\u015ftu\u011fu \u00f6\u011frenildi.<\/p>\n<p style=\"text-align: justify;\"><a href=\"http:\/\/www.radikal.com.tr\/Radikal.aspx?aType=RadikalDetayV3&amp;ArticleID=1058418&amp;Date=01.08.2011&amp;CategoryID=77\" target=\"_blank\">Kaynak : Radikal.com.tr<\/a><\/p>\n","protected":false},"excerpt":{"rendered":"<p style=\"text-align: justify;\">\n<p style=\"text-align: justify;\">\u0130nternet And\u0131c\u0131 soru\u015fturmas\u0131 kapsam\u0131nda ifade veren Albay Dursun \u00c7i\u00e7ek&#8217;in kendi iste\u011fi \u00fczerine dilek\u00e7e vererek geldi\u011fi ikinci ifadesinde komutanlar\u0131na y\u00f6nelik tepkilerinin ayr\u0131nt\u0131lar\u0131 da ortaya \u00e7\u0131kmaya ba\u015flad\u0131.<\/p>\n<p style=\"text-align: justify;\">\u0130STANBUL &#8211; \u0130nternet and\u0131c\u0131 iddianamesi ile birlikte soru\u015fturma savc\u0131 Cihan Kans\u0131z, Emekli Orgeneral Hasan I\u011fs\u0131z, Ege Ordu Komutan\u0131 Orgeneral Nusret Ta\u015fdeler&#8217;in de aralar\u0131nda <\/p>\n","protected":false},"author":1,"featured_media":0,"comment_status":"open","ping_status":"open","sticky":false,"template":"","format":"standard","meta":{"footnotes":""},"categories":[105],"tags":[],"class_list":["post-37634","post","type-post","status-publish","format-standard","hentry","category-gundem","odd"],"_links":{"self":[{"href":"http:\/\/www.korhanyilmaz.com\/index.php?rest_route=\/wp\/v2\/posts\/37634","targetHints":{"allow":["GET"]}}],"collection":[{"href":"http:\/\/www.korhanyilmaz.com\/index.php?rest_route=\/wp\/v2\/posts"}],"about":[{"href":"http:\/\/www.korhanyilmaz.com\/index.php?rest_route=\/wp\/v2\/types\/post"}],"author":[{"embeddable":true,"href":"http:\/\/www.korhanyilmaz.com\/index.php?rest_route=\/wp\/v2\/users\/1"}],"replies":[{"embeddable":true,"href":"http:\/\/www.korhanyilmaz.com\/index.php?rest_route=%2Fwp%2Fv2%2Fcomments&post=37634"}],"version-history":[{"count":0,"href":"http:\/\/www.korhanyilmaz.com\/index.php?rest_route=\/wp\/v2\/posts\/37634\/revisions"}],"wp:attachment":[{"href":"http:\/\/www.korhanyilmaz.com\/index.php?rest_route=%2Fwp%2Fv2%2Fmedia&parent=37634"}],"wp:term":[{"taxonomy":"category","embeddable":true,"href":"http:\/\/www.korhanyilmaz.com\/index.php?rest_route=%2Fwp%2Fv2%2Fcategories&post=37634"},{"taxonomy":"post_tag","embeddable":true,"href":"http:\/\/www.korhanyilmaz.com\/index.php?rest_route=%2Fwp%2Fv2%2Ftags&post=37634"}],"curies":[{"name":"wp","href":"https:\/\/api.w.org\/{rel}","templated":true}]}}