{"id":37631,"date":"2011-08-01T17:04:32","date_gmt":"2011-08-01T14:04:32","guid":{"rendered":"http:\/\/www.korhanyilmaz.com\/?p=37631"},"modified":"2011-08-01T18:04:08","modified_gmt":"2011-08-01T15:04:08","slug":"devlet-yine-korumadi-6-kursunla-olen-kadin-savciliga-basvurmus","status":"publish","type":"post","link":"http:\/\/www.korhanyilmaz.com\/?p=37631","title":{"rendered":"Devlet yine korumad\u0131: 6 kur\u015funla \u00f6len kad\u0131n savc\u0131l\u0131\u011fa ba\u015fvurmu\u015f"},"content":{"rendered":"<p style=\"text-align: center;\"><a href=\"http:\/\/www.korhanyilmaz.com\/wp-content\/uploads\/2011\/08\/3008.jpeg\"  class=\"lightview\"><img loading=\"lazy\" decoding=\"async\" class=\"aligncenter size-full wp-image-37632\" src=\"http:\/\/www.korhanyilmaz.com\/wp-content\/uploads\/2011\/08\/3008.jpeg\" alt=\"\" width=\"384\" height=\"254\" \/><\/a><\/p>\n<p style=\"text-align: justify;\">Adana&#8217;da portakal bah\u00e7esinde terk edilen otomobilde 6 kur\u015funla \u00f6ld\u00fcr\u00fclm\u00fc\u015f olarak bulunan 30 ya\u015f\u0131ndaki Elem \u00dcnal&#8217;\u0131n cinayet \u015f\u00fcphelisi olarak aranan 14 y\u0131ll\u0131k e\u015fi 31 ya\u015f\u0131ndaki Mehmet \u00dcnal yakaland\u0131.<\/p>\n<p style=\"text-align: justify;\">Ticaret Lisesi\u2019nde ayn\u0131 s\u0131n\u0131fta okuyan Elem ile Mehmet \u00dcnal, okul s\u0131ralar\u0131nda ba\u015flayan arkada\u015fl\u0131klar\u0131n\u0131, ailelerinin kar\u015f\u0131 \u00e7\u0131kmas\u0131na ra\u011fmen 14 y\u0131l \u00f6nce ka\u00e7arak evlilikle peki\u015ftirdi. Evlili\u011finin ilk g\u00fcnlerinde e\u015finden \u015fiddet g\u00f6rmeye ba\u015flayan Elem \u00dcnal, &#8220;Belki e\u015fimin d\u00fczelmesine yard\u0131mc\u0131 olur&#8221; umuduyla do\u011fan \u00e7ocu\u011funa \u2019Umut\u2019 ad\u0131n\u0131 verdi. Umut\u2019un do\u011fumu da evlili\u011fini kurtarmaya yetmeyince Elem \u00dcnal, kocas\u0131ndan ayr\u0131lman\u0131n yollar\u0131n\u0131 aramaya ba\u015flad\u0131. <!--more--><\/p>\n<p style=\"text-align: justify;\">\u0130\u015fkence ve bask\u0131lar\u0131n artmas\u0131 \u00fczerine Elem \u00dcnal, bir ay \u00f6nce o\u011flu Umut\u2019u annesine emanet edip ortadan kayboldu. Karakola gidip, e\u015finin kayboldu\u011funu s\u00f6yleyen Mehmet \u00dcnal, e\u015fini aramaya ba\u015flad\u0131. Mehmet \u00dcnal, bir hafta sonra \u00c7akmak Caddesi, K\u00fclt\u00fcr Sokak \u00fczerinde bulunan bir t\u00fcrk\u00fc evinde e\u015fini e\u011flenirken buldu. \u0130ddiaya g\u00f6re evine g\u00f6t\u00fcrd\u00fc\u011f\u00fc e\u015fine yine i\u015fkence yap\u0131p, bo\u011faz\u0131na b\u0131\u00e7ak dayayarak &#8220;Seni de, anneni de s\u00fclaleni de keserim. Bu evden ancak \u00f6l\u00fcn \u00e7\u0131kar&#8221; diyerek tehdit etti.<\/p>\n<p style=\"text-align: justify;\"><strong>UYU\u015eTURUCU VE YARALAMAKTAN SABIKALI<\/strong><\/p>\n<p style=\"text-align: justify;\">Bir sigorta \u015firketinin acental\u0131\u011f\u0131n\u0131 yapan ve uyu\u015fturucu kullanmak, satmak amac\u0131yla uyu\u015fturucu bulundurmak ve adam yaralamak su\u00e7lar\u0131ndan \u00e7ok say\u0131da kayd\u0131 ile kesinle\u015fmi\u015f 2 y\u0131l hapis cezas\u0131yla aranan Mehmet \u00dcnal, bir gece kap\u0131n\u0131n anahtar\u0131n\u0131 \u00fczerinde unutunca e\u015fi Elem yeniden ka\u00e7t\u0131. G\u00fcnlerden beri Elem \u00dcnal\u2019\u0131 arayan \u00f6fkeli koca, e\u015finin G\u00fclbah\u00e7esi mahallesinde bir arkada\u015f\u0131n\u0131n yan\u0131nda sakland\u0131\u011f\u0131n\u0131 \u00f6\u011frendi. G\u00fclbah\u00e7esi mahallesinde 01 TZ 630 plakal\u0131 otomobile gezmeye ba\u015flayan Mehmet \u00dcnal, gen\u00e7 kad\u0131n\u0131 Obalar Caddesi \u00fczerinde g\u00f6rd\u00fc. Gen\u00e7 kad\u0131n\u0131 tabanca tehdidiyle zorla otomobile bindiren Mehmet \u00dcnal h\u0131zla ayr\u0131ld\u0131. Vatanda\u015flar\u0131n ihbar\u0131 \u00fczerine polis ekipleri harekete ge\u00e7ti, Mehmet \u00dcnal izini kaybettirdi.<\/p>\n<p style=\"text-align: justify;\"><strong>PORTAKAL BAH\u00c7ES\u0130NDE OTOMOB\u0130LDE CESED\u0130 BULUNDU<\/strong><\/p>\n<p style=\"text-align: justify;\">Kovalamacadan 4 saat sonra devriye gezen ekipler, G\u00fcrselpa\u015fa Mahallesi\u2019ndeki portakal bah\u00e7esinde otomobili terk edilmi\u015f olarak buldu. Arac\u0131 inceleyen polis ekipleri, arka koltu\u011funda kanlar i\u00e7inde bir kad\u0131n cesedi buldu.<\/p>\n<p style=\"text-align: justify;\">Yap\u0131lan incelemede cesedin Elem \u00dcnal\u2019a ait oldu\u011fu, g\u00f6\u011fs\u00fcnden 6 kur\u015funla vuruldu\u011fu tespit edildi. Elem \u00dcnal\u2019\u0131n cesedi otopsinin ard\u0131ndan yak\u0131nlar\u0131na teslim edildi. Elem \u00dcnal Asri Mezarl\u0131k\u2019ta topra\u011fa verilirken, polis ekipleri Mehmet \u00dcnal\u2019\u0131 yakalamak i\u00e7in \u00e7al\u0131\u015fma ba\u015flatt\u0131. Mehmet \u00dcnal\u2019\u0131n gidebilece\u011fi yerleri, adresleri tek tek al\u0131nan arama karar\u0131yla basan Cinayet B\u00fcrosu ekipleri, cinayet \u015f\u00fcphelisi kocay\u0131 Kire\u00e7oca\u011f\u0131 Mahallesi\u2019nde bir evde yakalad\u0131. G\u00f6zalt\u0131na al\u0131narak Emniyet M\u00fcd\u00fcrl\u00fc\u011f\u00fc\u2019ne g\u00f6t\u00fcr\u00fclen Mehmet \u00dcnal\u2019\u0131n sorgusuna ba\u015fland\u0131.<\/p>\n<p style=\"text-align: justify;\"><strong>&#8216;\u015e\u0130DDET UYGULAYAN G\u00d6ZET\u0130M ALTINDA TUTULMALI&#8217;<\/strong><\/p>\n<p style=\"text-align: justify;\">Elem \u00dcnal\u2019\u0131n ailesini ziyaret eden Adana Baro Ba\u015fkan\u0131 Aziz Erbek, &#8220;\u015eiddete maruz kalan\u0131n korunmas\u0131n\u0131n yan\u0131 s\u0131ra, \u015fiddet uygulayan\u0131n da g\u00f6zetim alt\u0131nda tutulmas\u0131 gerekiyor &#8220;dedi. Erbek, Baro Kad\u0131n Komisyonu \u00dcyeleri \u00dclk\u00fc Tolunay Ekiz, Avukat T\u00fcrkan E\u015fli Avukat Derya G\u00f6ksu\u00e7ukur ve Avukat \u00dcmit B\u00fcy\u00fckda\u011f ile birlikte Elem \u00dcnal\u2019\u0131n annesi Sema Ak\u0131l\u2019a hukuki destek sa\u011flamak amac\u0131yla ziyarette bulundu.<\/p>\n<p style=\"text-align: justify;\">Elem \u00dcnal\u2019\u0131n \u00f6l\u00fcm\u00fcnden duydu\u011fu \u00fcz\u00fcnt\u00fcy\u00fc dile getiren Aziz Erbek \u015funlar\u0131 s\u00f6yledi:<\/p>\n<p style=\"text-align: justify;\">&#8220;Kad\u0131na y\u00f6nelik \u015fiddet konusunda s\u00f6ylenmedik s\u00f6z kalmad\u0131. K\u00f6kten ve k\u00fclt\u00fcrel olarak d\u00fczenleme yap\u0131lmal\u0131. \u015eiddete maruz kalan\u0131n korunmas\u0131n\u0131n yan\u0131 s\u0131ra, \u015fiddet uygulayan\u0131n da g\u00f6zetim alt\u0131nda tutulmas\u0131 gerekiyor. Zaten h\u00fck\u00fcmetin bu konuda bir duyarl\u0131l\u0131\u011f\u0131 var. Bu duyarl\u0131l\u0131\u011f\u0131 polis de, asker de, baro da, hakim ve savc\u0131 da g\u00f6stermeli. Bu olaylardan dolay\u0131 aile kurumu ciddi \u015fekilde y\u0131pran\u0131yor.&#8221;<\/p>\n<p style=\"text-align: justify;\">Kad\u0131na y\u00f6nelik \u015fiddetin artmas\u0131nda televizyon dizilerinin \u00f6nemli rol oynad\u0131\u011f\u0131n\u0131 \u00f6ne s\u00fcren Erbek s\u00f6zlerini \u015f\u00f6yle s\u00fcrd\u00fcrd\u00fc:<\/p>\n<p style=\"text-align: justify;\">&#8220;Diziyi yapanlar, bunu yay\u0131nlayanlar, herkes bu cinayetlerin te\u015fvik edicisi olmaktan uzak dursun. \u00c7ok izlendi\u011fi s\u00f6ylenen bir dizide, her b\u00f6l\u00fcmde kad\u0131n yaka pa\u00e7a d\u00f6v\u00fcl\u00fcyor. Bir tek \u00f6ld\u00fcrmedi\u011fi kal\u0131yordu. Bu ve benzeri dizilerin toplumda tahrik edici, \u00f6zendirici etkileri var. Bu nedenle kanal sahiplerinin bu diziler yay\u0131nlamamas\u0131n\u0131 bekliyoruz.&#8221;<\/p>\n<p style=\"text-align: justify;\"><strong>\u2019SAVCILI\u011eA \u015e\u0130KAYET ETT\u0130K, D\u0130KKATE ALINMADI\u2019<\/strong><\/p>\n<p style=\"text-align: justify;\">Anne Sema At\u0131l ise, k\u0131z\u0131n\u0131n e\u015fi Muhammet \u00dcnal\u2019dan \u015fiddet g\u00f6rd\u00fc\u011f\u00fcne ili\u015fkin savc\u0131l\u0131\u011fa \u015fikayet dilek\u00e7esi verdiklerini ancak dikkate al\u0131nmad\u0131\u011f\u0131n\u0131 \u00f6ne s\u00fcrd\u00fc. Sema At\u0131l, 13 y\u0131ll\u0131k evli olan k\u0131z\u0131 Emel \u00dcnal\u2019\u0131n daha \u00f6nceleri \u015fiddet g\u00f6rd\u00fc\u011f\u00fc i\u00e7in savc\u0131l\u0131\u011fa \u015fikayet\u00e7i oldu\u011funu, bir ay kadar \u00f6nce de kendisinin \u015fikayet etti\u011fini s\u00f6yledi.<\/p>\n<p style=\"text-align: justify;\">Sema At\u0131l, &#8220;Kocas\u0131, k\u0131z\u0131m\u0131n a\u011fz\u0131na silah dayay\u0131p, vuray\u0131m m\u0131?&#8221; diye tehdit ediyormu\u015f. Zaman zaman da b\u0131\u00e7a\u011f\u0131 a\u011fz\u0131na dayarm\u0131\u015f. K\u0131z\u0131m a\u015f\u0131r\u0131 \u015fiddet g\u00f6rd\u00fc\u011f\u00fc i\u00e7in bir ay \u00f6nce evini terk ederek bir arkada\u015f\u0131na s\u0131\u011f\u0131nd\u0131. T\u00fcm bu olanlara ra\u011fmen halen k\u0131z\u0131m hakk\u0131nda \u00e7e\u015fitli yalanlar s\u00f6yl\u00fcyorlar&#8221; diye konu\u015ftu.<\/p>\n<p style=\"text-align: justify;\"><a href=\"http:\/\/www.radikal.com.tr\/Radikal.aspx?aType=RadikalDetayV3&amp;ArticleID=1058420&amp;Date=01.08.2011&amp;CategoryID=77\" target=\"_blank\">Kaynak : Radikal.com.tr<\/a><\/p>\n","protected":false},"excerpt":{"rendered":"<p style=\"text-align: center;\">\n<p style=\"text-align: justify;\">Adana&#8217;da portakal bah\u00e7esinde terk edilen otomobilde 6 kur\u015funla \u00f6ld\u00fcr\u00fclm\u00fc\u015f olarak bulunan 30 ya\u015f\u0131ndaki Elem \u00dcnal&#8217;\u0131n cinayet \u015f\u00fcphelisi olarak aranan 14 y\u0131ll\u0131k e\u015fi 31 ya\u015f\u0131ndaki Mehmet \u00dcnal yakaland\u0131.<\/p>\n<p style=\"text-align: justify;\">Ticaret Lisesi\u2019nde ayn\u0131 s\u0131n\u0131fta okuyan Elem ile Mehmet \u00dcnal, okul s\u0131ralar\u0131nda ba\u015flayan arkada\u015fl\u0131klar\u0131n\u0131, ailelerinin kar\u015f\u0131 \u00e7\u0131kmas\u0131na ra\u011fmen 14 y\u0131l \u00f6nce ka\u00e7arak <\/p>\n","protected":false},"author":1,"featured_media":0,"comment_status":"open","ping_status":"open","sticky":false,"template":"","format":"standard","meta":{"footnotes":""},"categories":[105],"tags":[],"class_list":["post-37631","post","type-post","status-publish","format-standard","hentry","category-gundem","odd"],"_links":{"self":[{"href":"http:\/\/www.korhanyilmaz.com\/index.php?rest_route=\/wp\/v2\/posts\/37631","targetHints":{"allow":["GET"]}}],"collection":[{"href":"http:\/\/www.korhanyilmaz.com\/index.php?rest_route=\/wp\/v2\/posts"}],"about":[{"href":"http:\/\/www.korhanyilmaz.com\/index.php?rest_route=\/wp\/v2\/types\/post"}],"author":[{"embeddable":true,"href":"http:\/\/www.korhanyilmaz.com\/index.php?rest_route=\/wp\/v2\/users\/1"}],"replies":[{"embeddable":true,"href":"http:\/\/www.korhanyilmaz.com\/index.php?rest_route=%2Fwp%2Fv2%2Fcomments&post=37631"}],"version-history":[{"count":0,"href":"http:\/\/www.korhanyilmaz.com\/index.php?rest_route=\/wp\/v2\/posts\/37631\/revisions"}],"wp:attachment":[{"href":"http:\/\/www.korhanyilmaz.com\/index.php?rest_route=%2Fwp%2Fv2%2Fmedia&parent=37631"}],"wp:term":[{"taxonomy":"category","embeddable":true,"href":"http:\/\/www.korhanyilmaz.com\/index.php?rest_route=%2Fwp%2Fv2%2Fcategories&post=37631"},{"taxonomy":"post_tag","embeddable":true,"href":"http:\/\/www.korhanyilmaz.com\/index.php?rest_route=%2Fwp%2Fv2%2Ftags&post=37631"}],"curies":[{"name":"wp","href":"https:\/\/api.w.org\/{rel}","templated":true}]}}