{"id":37627,"date":"2011-08-01T08:36:41","date_gmt":"2011-08-01T05:36:41","guid":{"rendered":"http:\/\/www.korhanyilmaz.com\/?p=37627"},"modified":"2011-08-01T17:55:25","modified_gmt":"2011-08-01T14:55:25","slug":"kilicdaroglu-eyvallah-ama-hangi-gerekceyle","status":"publish","type":"post","link":"http:\/\/www.korhanyilmaz.com\/?p=37627","title":{"rendered":"K\u0131l\u0131\u00e7daro\u011flu: Eyvallah ama hangi gerek\u00e7eyle?"},"content":{"rendered":"<p style=\"text-align: justify;\"><a href=\"http:\/\/www.korhanyilmaz.com\/wp-content\/uploads\/2011\/08\/3007.jpg\"  class=\"lightview\"><img loading=\"lazy\" decoding=\"async\" class=\"aligncenter size-full wp-image-37628\" title=\"\" src=\"http:\/\/www.korhanyilmaz.com\/wp-content\/uploads\/2011\/08\/3007.jpg\" alt=\"\" width=\"298\" height=\"189\" \/><\/a><\/p>\n<p style=\"text-align: justify;\">CHP lideri Kemal K\u0131l\u0131\u00e7daro\u011flu, Genelkurmay Ba\u015fkan\u0131 ve kuvvet komutanlar\u0131n\u0131n istifas\u0131yla ilgili olarak \u201cEyvallah, sayg\u0131 duyuyoruz, demokratik tepki; fakat hangi gerek\u00e7e ile oldu bilmek istiyoruz\u201d dedi.<\/p>\n<p style=\"text-align: justify;\">\u0130STANBUL &#8211; CHP Genel Ba\u015fkan\u0131 Kemal K\u0131l\u0131\u00e7daro\u011flu, Genelkurmay Ba\u015fkan\u0131 ve \u00fc\u00e7 kuvvet komutan\u0131n\u0131n emekliye ayr\u0131lmas\u0131 \u00fczerine tatilini yar\u0131da keserek Ankara\u2019ya d\u00f6nd\u00fc.<\/p>\n<p style=\"text-align: justify;\">Kemal K\u0131l\u0131\u00e7daro\u011flu, konuyla ilgili olarak H\u00fcrriyet gazetesine a\u00e7\u0131klamalarda bulundu. <!--more--><\/p>\n<p style=\"text-align: justify;\">K\u0131l\u0131\u00e7daro\u011flu, \u015funlar\u0131 s\u00f6yledi:<\/p>\n<p style=\"text-align: justify;\">\u201cSivil iradenin her \u015feyin \u00fcst\u00fcnde oldu\u011fu a\u00e7\u0131k. As\u0131l \u00f6nemli olan istifalard\u0131r. Kapal\u0131 kap\u0131lar ard\u0131ndaki t\u00fcm g\u00f6r\u00fc\u015fmeleri, detaylar\u0131 kamuoyu ile payla\u015fmalar\u0131 gerekir ki gerek\u00e7eleri hakl\u0131 m\u0131, haks\u0131z m\u0131 bilelim. Bu en do\u011fal hakk\u0131m\u0131z. \u0130stifa s\u0131kl\u0131kla ba\u015fvurulan bir y\u00f6ntem de\u011fil; ola\u011fan\u00fcst\u00fc bir d\u00f6neme i\u015faret. O zaman o ola\u011fan\u00fcst\u00fc d\u00f6nemin ko\u015fular\u0131 ne bilmeliyiz, bu belli de\u011fil.<\/p>\n<p style=\"text-align: justify;\">Yeni Genelkurmay Ba\u015fkan\u0131 Say\u0131n Necdet \u00d6zel, istifalar\u0131n nedenini ortadan kald\u0131racak, giderecek bir g\u00f6r\u00fc\u015fme ortam\u0131 yaratt\u0131 m\u0131? Bunu da bilmiyoruz. O nedenle perdenin arkas\u0131ndaki olaylar\u0131n g\u00fcn y\u00fcz\u00fcne \u00e7\u0131kmas\u0131 laz\u0131m.<\/p>\n<p style=\"text-align: justify;\">Yarg\u0131n\u0131n tarafs\u0131z ve ba\u011f\u0131ms\u0131z olmas\u0131n\u0131n \u00f6nemi bir kez daha ortaya \u00e7\u0131kt\u0131. Yarg\u0131 siyasi otorite taraf\u0131ndan kullan\u0131l\u0131yor. Bak\u0131n AKP d\u00f6nemine, YA\u015e toplant\u0131lar\u0131 \u00f6ncesi hep bu t\u00fcr yarg\u0131 kararlar\u0131, do\u011frudan m\u00fcdahale gibi yorumlanabilecek sonu\u00e7lar ortaya \u00e7\u0131k\u0131yor. Bu bir tesad\u00fcf de\u011fil.<\/p>\n<p style=\"text-align: justify;\">Say\u0131n Cumhurba\u015fkan\u0131\u2019n\u0131n s\u00fcre\u00e7teki tavr\u0131 da de\u011fi\u015fik olmad\u0131. Kendisini AKP d\u0131\u015f\u0131nda d\u00fc\u015f\u00fcnmek do\u011fru de\u011fil zaten. Kendisini se\u00e7en ya da \u00f6neren ki\u015fiye ba\u011fl\u0131l\u0131\u011f\u0131 var. Bu nedenle geli\u015fmelere yukar\u0131dan bakma \u015fans\u0131 yok. Asl\u0131nda perde arkas\u0131nda neler oldu\u011fu \u00fc\u00e7 a\u015fa\u011f\u0131 be\u015f yukar\u0131 belli ama bunlar\u0131 yetkililerden duymam\u0131z gerekiyor. Madem ki saydam bir toplum diyoruz, madem ki istifay\u0131 verdin o g\u00f6r\u00fc\u015fmelerin perde arkas\u0131n\u0131 bir \u015fekilde kamuoyu ile payla\u015fmal\u0131s\u0131n\u0131z. Verilen s\u00f6zler var m\u0131, yok mu? O s\u00f6zler tutuldu mu tutulmad\u0131 m\u0131? Bir s\u00f6z verildi mi verilmedi mi? Ayd\u0131nl\u0131\u011fa kavu\u015fmal\u0131. Bu kez ya\u015fananlar\u0131n Dolmabah\u00e7e g\u00f6r\u00fc\u015fmesi gibi s\u0131r kalaca\u011f\u0131n\u0131 sanm\u0131yorum \u00e7\u00fcnk\u00fc 2 ki\u015fi aras\u0131ndaki olay olmaktan \u00f6teye ge\u00e7ti.<\/p>\n<p style=\"text-align: justify;\">\u0130stifalar ordunun demokrasiye ba\u011fl\u0131l\u0131\u011f\u0131n\u0131 da g\u00f6sterdi. Bunu kimse tart\u0131\u015fmamal\u0131. T\u00fcrkiye\u2019de darbe d\u00f6neminin bitti\u011fi bir kez daha g\u00f6r\u00fcld\u00fc. Ya\u015fananlar, siyasi otorite ile uyu\u015fmazl\u0131k \u00e7\u0131kt\u0131\u011f\u0131nda ki\u015filerin g\u00f6revlerinden ayr\u0131labilece\u011fini g\u00f6sterdi. Bu bir s\u00fcre\u00e7tir ve s\u00fcre\u00e7 i\u00e7inde gelinen nokta demokrasiye ba\u011fl\u0131l\u0131\u011f\u0131n gayet net ortaya koydu\u011fudur.<\/p>\n<p style=\"text-align: justify;\">\u0130stifa eden Genelkurmay Ba\u015fkan\u0131 Ko\u015faner\u2019in a\u00e7\u0131klamas\u0131 da \u00e7ok \u00f6nemli. Hukukun \u00fcst\u00fcnl\u00fc\u011f\u00fcne, hem de evrensel hukuka vurgu yap\u0131yor, bu \u00e7ok \u00f6nemli. Belki de tarihimizde ilk kez bir komutan hukukun \u00fcst\u00fcnl\u00fc\u011f\u00fcne vurgu yaparak baz\u0131 tutuklamalara kar\u015f\u0131 \u00e7\u0131kt\u0131\u011f\u0131n\u0131 s\u00f6yl\u00fcyor, bu nedenle istifa etti\u011fini a\u00e7\u0131kl\u0131yor.<\/p>\n<p style=\"text-align: justify;\">Bu arada Genel Ba\u015fkan Yard\u0131mc\u0131m\u0131z Say\u0131n Osman Korut\u00fcrk gerekli a\u00e7\u0131klamay\u0131 yapt\u0131; ama ben de vurgulamak isterim ki Avrupa\u2019n\u0131n tavr\u0131n\u0131 anlamakta zorluk \u00e7ekiyoruz. Bu kadar hukuk d\u0131\u015f\u0131 tutumlar\u0131 g\u00f6rmeyen Avrupa Parlamentosu T\u00fcrkiye Raport\u00f6r\u00fcn\u00fcn, bu olay\u0131 demokrasi i\u00e7in \u00e7ok \u00f6nemli g\u00f6stermesini anlamak da m\u00fcmk\u00fcn de\u011fil. Hukuk ayaklar alt\u0131nda, \u00f6zel yetkili mahkemeler ve savc\u0131lar g\u00f6revde. Kitaplar daha yay\u0131nlanmadan toplat\u0131l\u0131yor. Gazeteci dernekleri, sendikalar b\u00fct\u00fcn bu olaylara seslerini \u00e7\u0131kar\u0131rken Avrupa\u2019n\u0131n bunlar\u0131 hi\u00e7 duymamas\u0131n\u0131 anlamak ger\u00e7ekten \u00e7ok zor.\u201d<\/p>\n<p style=\"text-align: justify;\"><a href=\"http:\/\/www.ntvmsnbc.com\/id\/25237249\/\" target=\"_blank\">Kaynak : NTVMSNBC<\/a><\/p>\n","protected":false},"excerpt":{"rendered":"<p style=\"text-align: justify;\">\n<p style=\"text-align: justify;\">CHP lideri Kemal K\u0131l\u0131\u00e7daro\u011flu, Genelkurmay Ba\u015fkan\u0131 ve kuvvet komutanlar\u0131n\u0131n istifas\u0131yla ilgili olarak \u201cEyvallah, sayg\u0131 duyuyoruz, demokratik tepki; fakat hangi gerek\u00e7e ile oldu bilmek istiyoruz\u201d dedi.<\/p>\n<p style=\"text-align: justify;\">\u0130STANBUL &#8211; CHP Genel Ba\u015fkan\u0131 Kemal K\u0131l\u0131\u00e7daro\u011flu, Genelkurmay Ba\u015fkan\u0131 ve \u00fc\u00e7 kuvvet komutan\u0131n\u0131n emekliye ayr\u0131lmas\u0131 \u00fczerine tatilini yar\u0131da keserek Ankara\u2019ya d\u00f6nd\u00fc.<\/p>\n<p style=\"text-align:  \n\n","protected":false},"author":1,"featured_media":0,"comment_status":"open","ping_status":"open","sticky":false,"template":"","format":"standard","meta":{"footnotes":""},"categories":[105],"tags":[],"class_list":["post-37627","post","type-post","status-publish","format-standard","hentry","category-gundem","odd"],"_links":{"self":[{"href":"http:\/\/www.korhanyilmaz.com\/index.php?rest_route=\/wp\/v2\/posts\/37627","targetHints":{"allow":["GET"]}}],"collection":[{"href":"http:\/\/www.korhanyilmaz.com\/index.php?rest_route=\/wp\/v2\/posts"}],"about":[{"href":"http:\/\/www.korhanyilmaz.com\/index.php?rest_route=\/wp\/v2\/types\/post"}],"author":[{"embeddable":true,"href":"http:\/\/www.korhanyilmaz.com\/index.php?rest_route=\/wp\/v2\/users\/1"}],"replies":[{"embeddable":true,"href":"http:\/\/www.korhanyilmaz.com\/index.php?rest_route=%2Fwp%2Fv2%2Fcomments&post=37627"}],"version-history":[{"count":0,"href":"http:\/\/www.korhanyilmaz.com\/index.php?rest_route=\/wp\/v2\/posts\/37627\/revisions"}],"wp:attachment":[{"href":"http:\/\/www.korhanyilmaz.com\/index.php?rest_route=%2Fwp%2Fv2%2Fmedia&parent=37627"}],"wp:term":[{"taxonomy":"category","embeddable":true,"href":"http:\/\/www.korhanyilmaz.com\/index.php?rest_route=%2Fwp%2Fv2%2Fcategories&post=37627"},{"taxonomy":"post_tag","embeddable":true,"href":"http:\/\/www.korhanyilmaz.com\/index.php?rest_route=%2Fwp%2Fv2%2Ftags&post=37627"}],"curies":[{"name":"wp","href":"https:\/\/api.w.org\/{rel}","templated":true}]}}