{"id":37623,"date":"2011-08-01T08:32:21","date_gmt":"2011-08-01T05:32:21","guid":{"rendered":"http:\/\/www.korhanyilmaz.com\/?p=37623"},"modified":"2011-08-01T17:51:59","modified_gmt":"2011-08-01T14:51:59","slug":"adli-tatil-basladi","status":"publish","type":"post","link":"http:\/\/www.korhanyilmaz.com\/?p=37623","title":{"rendered":"Adli tatil ba\u015flad\u0131"},"content":{"rendered":"<p style=\"text-align: center;\"><a href=\"http:\/\/www.korhanyilmaz.com\/wp-content\/uploads\/2011\/08\/3006.jpg\"  class=\"lightview\"><img loading=\"lazy\" decoding=\"async\" class=\"aligncenter size-full wp-image-37624\" src=\"http:\/\/www.korhanyilmaz.com\/wp-content\/uploads\/2011\/08\/3006.jpg\" alt=\"\" width=\"310\" height=\"232\" \/><\/a><\/p>\n<p style=\"text-align: justify;\">Adli tatil, bug\u00fcn ba\u015flad\u0131. Yeni adli y\u0131l ise 6 Eyl\u00fcl&#8217;de Yarg\u0131tay&#8217;da d\u00fczenlenecek t\u00f6renle ba\u015flayacak.<\/p>\n<p style=\"text-align: justify;\">Adli tatilde, n\u00f6bet\u00e7i mahkemeler g\u00f6rev al\u0131rken, bu mahkemeler, tutuklusu bulunan veya acil nitelikteki davalara bakacak.<!--more--><\/p>\n<p style=\"text-align: justify;\">Ter\u00f6r ve organize su\u00e7lara ili\u015fkin davalara bakmakla g\u00f6revli mahkemeler de mesailerine devam edecek.<\/p>\n<p style=\"text-align: justify;\">Adli tatil s\u0131ras\u0131nda, savc\u0131l\u0131k b\u00fcrolar\u0131nda g\u00f6revli n\u00f6bet\u00e7i savc\u0131lar, \u00e7al\u0131\u015fmalar\u0131n\u0131 s\u00fcrd\u00fcrecek.<\/p>\n<p style=\"text-align: justify;\">Dan\u0131\u015ftay, Yarg\u0131tay, Askeri Yarg\u0131tay ve Askeri Y\u00fcksek \u0130dare Mahkemesi gibi y\u00fcksek yarg\u0131 organlar\u0131nda ise n\u00f6bet\u00e7i heyetler g\u00f6rev yapacak.<\/p>\n<p style=\"text-align: justify;\"><a href=\"http:\/\/www.hurriyet.com.tr\/gundem\/18388729.asp?gid=381\" target=\"_blank\">Kaynak : H\u00fcrriyet.com.tr<\/a><\/p>\n","protected":false},"excerpt":{"rendered":"<p style=\"text-align: center;\">\n<p style=\"text-align: justify;\">Adli tatil, bug\u00fcn ba\u015flad\u0131. Yeni adli y\u0131l ise 6 Eyl\u00fcl&#8217;de Yarg\u0131tay&#8217;da d\u00fczenlenecek t\u00f6renle ba\u015flayacak.<\/p>\n<p style=\"text-align: justify;\">Adli tatilde, n\u00f6bet\u00e7i mahkemeler g\u00f6rev al\u0131rken, bu mahkemeler, tutuklusu bulunan veya acil nitelikteki davalara bakacak.<\/p>\n","protected":false},"author":1,"featured_media":0,"comment_status":"open","ping_status":"open","sticky":false,"template":"","format":"standard","meta":{"footnotes":""},"categories":[105],"tags":[],"class_list":["post-37623","post","type-post","status-publish","format-standard","hentry","category-gundem","odd"],"_links":{"self":[{"href":"http:\/\/www.korhanyilmaz.com\/index.php?rest_route=\/wp\/v2\/posts\/37623","targetHints":{"allow":["GET"]}}],"collection":[{"href":"http:\/\/www.korhanyilmaz.com\/index.php?rest_route=\/wp\/v2\/posts"}],"about":[{"href":"http:\/\/www.korhanyilmaz.com\/index.php?rest_route=\/wp\/v2\/types\/post"}],"author":[{"embeddable":true,"href":"http:\/\/www.korhanyilmaz.com\/index.php?rest_route=\/wp\/v2\/users\/1"}],"replies":[{"embeddable":true,"href":"http:\/\/www.korhanyilmaz.com\/index.php?rest_route=%2Fwp%2Fv2%2Fcomments&post=37623"}],"version-history":[{"count":0,"href":"http:\/\/www.korhanyilmaz.com\/index.php?rest_route=\/wp\/v2\/posts\/37623\/revisions"}],"wp:attachment":[{"href":"http:\/\/www.korhanyilmaz.com\/index.php?rest_route=%2Fwp%2Fv2%2Fmedia&parent=37623"}],"wp:term":[{"taxonomy":"category","embeddable":true,"href":"http:\/\/www.korhanyilmaz.com\/index.php?rest_route=%2Fwp%2Fv2%2Fcategories&post=37623"},{"taxonomy":"post_tag","embeddable":true,"href":"http:\/\/www.korhanyilmaz.com\/index.php?rest_route=%2Fwp%2Fv2%2Ftags&post=37623"}],"curies":[{"name":"wp","href":"https:\/\/api.w.org\/{rel}","templated":true}]}}