{"id":37615,"date":"2011-08-01T15:50:31","date_gmt":"2011-08-01T12:50:31","guid":{"rendered":"http:\/\/www.korhanyilmaz.com\/?p=37615"},"modified":"2011-08-01T17:39:55","modified_gmt":"2011-08-01T14:39:55","slug":"turkiyeden-suriyeye-ultimatom-kabul-edilemez","status":"publish","type":"post","link":"http:\/\/www.korhanyilmaz.com\/?p=37615","title":{"rendered":"T\u00fcrkiye&#8217;den Suriye&#8217;ye \u00fcltimatom: Kabul edilemez"},"content":{"rendered":"<p style=\"text-align: center;\"><a href=\"http:\/\/www.korhanyilmaz.com\/wp-content\/uploads\/2011\/08\/3006.jpeg\"  class=\"lightview\"><img loading=\"lazy\" decoding=\"async\" class=\"aligncenter size-full wp-image-37616\" src=\"http:\/\/www.korhanyilmaz.com\/wp-content\/uploads\/2011\/08\/3006.jpeg\" alt=\"\" width=\"346\" height=\"229\" \/><\/a><\/p>\n<p style=\"text-align: justify;\">Cumhurba\u015fkan\u0131 Abdullah G\u00fcl, Suriye&#8217;de muhaliflere y\u00f6nelik operasyonlara ili\u015fkin, &#8216;Ramazan ay\u0131na daha kanl\u0131 bir ortamda girilmesi asla kabul edilebilecek ve sessiz kal\u0131nabilecek bir geli\u015fme de\u011fildir&#8217; dedi.<!--more--><\/p>\n<p style=\"text-align: justify;\">ANKARA &#8211; Cumhurba\u015fkan\u0131 G\u00fcl, Suriye\u2019nin muhaliflere y\u00f6nelik operasyonlar\u0131na ili\u015fkin sorular\u0131 yan\u0131tlad\u0131. Suriye\u2019deki geli\u015fmeleri istihbarat kaynaklar\u0131ndan an be an takip etti\u011fini belirten Cumhurba\u015fkan\u0131 G\u00fcl, \u015funlar\u0131 kaydetti: &#8220;Kom\u015fumuz Suriye\u2019de olup bitenler zaten var olan kayg\u0131m\u0131z\u0131 \u00e7ok daha derinle\u015ftirmi\u015ftir. \u00d6yle ki d\u00fcn ya\u015fanan olaylar\u0131n g\u00f6r\u00fcnt\u00fcleri hepimizi deh\u015fete d\u00fc\u015f\u00fcrm\u00fc\u015ft\u00fcr. M\u00fcbarek Ramazan ay\u0131na girerken Hama\u2019da tanklar\u0131n e\u015fli\u011finde a\u011f\u0131r silahlar\u0131n halka kar\u015f\u0131 kullan\u0131lmas\u0131 beni derinden sarsm\u0131\u015ft\u0131r. Ramazan ay\u0131n\u0131n ruhuna uygun bir \u015fekilde, s\u00fckunetin sa\u011flanmas\u0131 ve k\u00f6kl\u00fc reformlar\u0131n ger\u00e7ekle\u015ftirilece\u011fine dair halk\u0131n ikna edilmesi beklenirken, tam aksine Ramazan ay\u0131na daha kanl\u0131 bir ortamda girilmesi asla kabul edilebilecek ve sessiz kal\u0131nabilecek bir geli\u015fme de\u011fildir. Unutmamal\u0131d\u0131r ki 1982 y\u0131l\u0131nda yine Hama\u2019da benzer olaylar ya\u015fand\u0131\u011f\u0131nda ileti\u015fim teknolojisi bug\u00fcnk\u00fc geli\u015fmi\u015flik d\u00fczeyinde de\u011fildi. Bug\u00fcn ise bu ileti\u015fim \u00e7a\u011f\u0131nda, herkesin g\u00f6z\u00fc \u00f6n\u00fcnde cereyan eden bu \u015fiddete kar\u015f\u0131 tepkisiz kalmam\u0131z m\u00fcmk\u00fcn de\u011fildir. Suriye y\u00f6netimini halka kar\u015f\u0131 uygulanan \u015fiddeti durdurmaya ve \u00fclkenin gelece\u011fini bar\u0131\u015f ve istikrar temelinde in\u015fa edecek reformlar\u0131 inand\u0131r\u0131c\u0131 \u015fekilde s\u00fcratle ger\u00e7ekle\u015ftirmeye davet ediyorum.&#8221;<\/p>\n<p style=\"text-align: justify;\"><a href=\"http:\/\/www.radikal.com.tr\/Radikal.aspx?aType=RadikalDetayV3&amp;ArticleID=1058402&amp;Date=01.08.2011&amp;CategoryID=81\" target=\"_blank\">Kaynak : Radikal.com.tr<\/a><\/p>\n","protected":false},"excerpt":{"rendered":"<p style=\"text-align: center;\">\n<p style=\"text-align: justify;\">Cumhurba\u015fkan\u0131 Abdullah G\u00fcl, Suriye&#8217;de muhaliflere y\u00f6nelik operasyonlara ili\u015fkin, &#8216;Ramazan ay\u0131na daha kanl\u0131 bir ortamda girilmesi asla kabul edilebilecek ve sessiz kal\u0131nabilecek bir geli\u015fme de\u011fildir&#8217; dedi.<\/p>\n","protected":false},"author":1,"featured_media":0,"comment_status":"open","ping_status":"open","sticky":false,"template":"","format":"standard","meta":{"footnotes":""},"categories":[105],"tags":[],"class_list":["post-37615","post","type-post","status-publish","format-standard","hentry","category-gundem","odd"],"_links":{"self":[{"href":"http:\/\/www.korhanyilmaz.com\/index.php?rest_route=\/wp\/v2\/posts\/37615","targetHints":{"allow":["GET"]}}],"collection":[{"href":"http:\/\/www.korhanyilmaz.com\/index.php?rest_route=\/wp\/v2\/posts"}],"about":[{"href":"http:\/\/www.korhanyilmaz.com\/index.php?rest_route=\/wp\/v2\/types\/post"}],"author":[{"embeddable":true,"href":"http:\/\/www.korhanyilmaz.com\/index.php?rest_route=\/wp\/v2\/users\/1"}],"replies":[{"embeddable":true,"href":"http:\/\/www.korhanyilmaz.com\/index.php?rest_route=%2Fwp%2Fv2%2Fcomments&post=37615"}],"version-history":[{"count":0,"href":"http:\/\/www.korhanyilmaz.com\/index.php?rest_route=\/wp\/v2\/posts\/37615\/revisions"}],"wp:attachment":[{"href":"http:\/\/www.korhanyilmaz.com\/index.php?rest_route=%2Fwp%2Fv2%2Fmedia&parent=37615"}],"wp:term":[{"taxonomy":"category","embeddable":true,"href":"http:\/\/www.korhanyilmaz.com\/index.php?rest_route=%2Fwp%2Fv2%2Fcategories&post=37615"},{"taxonomy":"post_tag","embeddable":true,"href":"http:\/\/www.korhanyilmaz.com\/index.php?rest_route=%2Fwp%2Fv2%2Ftags&post=37615"}],"curies":[{"name":"wp","href":"https:\/\/api.w.org\/{rel}","templated":true}]}}