{"id":37609,"date":"2011-08-01T10:03:58","date_gmt":"2011-08-01T07:03:58","guid":{"rendered":"http:\/\/www.korhanyilmaz.com\/?p=37609"},"modified":"2011-08-01T17:30:55","modified_gmt":"2011-08-01T14:30:55","slug":"yuksek-askeri-sura-5-eksik-uyeyle-toplandi","status":"publish","type":"post","link":"http:\/\/www.korhanyilmaz.com\/?p=37609","title":{"rendered":"Y\u00fcksek Askeri \u015eura 5 eksik \u00fcyeyle topland\u0131"},"content":{"rendered":"<p style=\"text-align: center;\"><a href=\"http:\/\/www.korhanyilmaz.com\/wp-content\/uploads\/2011\/08\/3004.jpg\"  class=\"lightview\"><img loading=\"lazy\" decoding=\"async\" class=\"aligncenter size-full wp-image-37610\" src=\"http:\/\/www.korhanyilmaz.com\/wp-content\/uploads\/2011\/08\/3004.jpg\" alt=\"\" width=\"412\" height=\"240\" \/><\/a><\/p>\n<p style=\"text-align: justify;\">Y\u00fcksek Askeri \u015eura, Orgeneral Bilgin Balanl\u0131\u2019n\u0131n tutuklu olmas\u0131 ve Cuma g\u00fcn\u00fc ya\u015fanan emeklilik s\u00fcreci nedeniyle nedeniyle 5 eksik \u00fcyeyle topland\u0131. \u0130nternet and\u0131c\u0131 soru\u015fturmas\u0131 kapsam\u0131nda hakk\u0131nda yakalama karar\u0131 talep edilen Ege Ordu Komutan\u0131 Orgeneral Nusret Ta\u015fdeler de toplant\u0131ya kat\u0131ld\u0131. Necdet \u00d6zel&#8217;in toplant\u0131da Kara Kuvvetleri Komutan\u0131 koltu\u011funda oturmas\u0131 dikkat \u00e7ekti.<!--more--><\/p>\n<p style=\"text-align: justify;\">Generallerin istifas\u0131n\u0131n yaratt\u0131\u011f\u0131 s\u0131cak ortam\u0131n ard\u0131ndan toplanan Y\u00fcksek Askeri \u015eura&#8217;da gerginli\u011fin devam etti\u011fi iddia edildi. Programa g\u00f6re saat 09.45&#8217;de ba\u015flayan toplant\u0131ya planlanandan bir saat \u00f6nce ara verildi.<\/p>\n<p style=\"text-align: justify;\">Ba\u015fbakan Recep Tayyip Erdo\u011fan ba\u015fkanl\u0131\u011f\u0131nda toplanan Y\u00fcksek Askeri \u015eura&#8217;n\u0131n ilk b\u00f6l\u00fcm\u00fc yakla\u015f\u0131k 55 dakika s\u00fcrd\u00fc. Programa g\u00f6re, An\u0131tkabir ziyareti, saat 12.00 olarak belirlenirken, planlanandan bir saat erken ba\u015flad\u0131. YA\u015e \u00fcyeleri saat 10.50&#8217;de An\u0131tkabir&#8217;e geldi ve program saat 11.00&#8217;de ba\u015flad\u0131.<\/p>\n<p style=\"text-align: justify;\">YA\u015e\u2019\u0131n do\u011fal kadrosu Ba\u015fbakan, Milli Savunma Bakan\u0131 ve toplam 14 general ve amiralden olu\u015fuyor. Yeni Milli Savunma Bakan\u0131 \u0130smet Y\u0131lmaz ise YA\u015e\u2019a ilk kez kat\u0131l\u0131yor.Bu \u00fc\u00e7 ismin yan\u0131 s\u0131ra Genelkurmay \u0130kinci Ba\u015fkan\u0131 Orgeneral Aslan G\u00fcner, 1. Ordu Komutan\u0131 Orgeneral Hayri K\u0131vr\u0131ko\u011flu, 2. Ordu Komutan\u0131 Orgeneral Servet Y\u00f6r\u00fck, 3. Ordu Komutan\u0131 Orgeneral Yal\u00e7\u0131n Ataman, Kara Kuvvetleri E\u011fitim ve Doktrin (EDOK) Komutan\u0131 Orgeneral Sald\u0131ray Berk, Kara Kuvvetleri Komutanl\u0131\u011f\u0131 Kurmay Ba\u015fkan\u0131 Orgeneral Bekir Kalyoncu ve Donanma Komutan\u0131 Oramiral Emin Murat Bilgel yer ald\u0131.<\/p>\n<p style=\"text-align: justify;\"><strong>YA\u015e \u00fcyeleri An\u0131tkabir&#8217;de<\/strong><\/p>\n<p style=\"text-align: justify;\"><a href=\"http:\/\/www.korhanyilmaz.com\/wp-content\/uploads\/2011\/08\/3003.jpg\"  class=\"lightview\"><img loading=\"lazy\" decoding=\"async\" class=\"alignright size-full wp-image-37611\" style=\"margin-left: 15px; margin-right: 15px;\" title=\"3003\" src=\"http:\/\/www.korhanyilmaz.com\/wp-content\/uploads\/2011\/08\/3003.jpg\" alt=\"\" width=\"250\" height=\"180\" \/><\/a>Y\u00fcksek Askeri \u015eura (YA\u015e) \u00fcyeleri, Ba\u015fbakan Recep Tayyip Erdo\u011fan&#8217;\u0131n ba\u015fkanl\u0131\u011f\u0131nda An\u0131tkabir&#8217;i ziyaret etti. \u015eura \u00fcyeleri, Genelkurmay Ba\u015fkanl\u0131\u011f\u0131 Karargah\u0131nda y\u00fcr\u00fct\u00fclen \u00e7al\u0131\u015fmalar\u0131n ard\u0131ndan planlanandan yakla\u015f\u0131k bir saat \u00f6nce An\u0131tkabir&#8217;e ge\u00e7ti. Ba\u015fbakan Erdo\u011fan ba\u015fkanl\u0131\u011f\u0131ndaki heyet, k\u0131rm\u0131z\u0131 ve beyaz karanfillerden haz\u0131rlanm\u0131\u015f ve \u00fczerinde &#8221;YA\u015e \u00fcyeleri&#8221; yazan \u00e7elenkle Aslanl\u0131 Yol&#8217;dan y\u00fcr\u00fcd\u00fcler.<\/p>\n<p style=\"text-align: justify;\">Erdo\u011fan&#8217;\u0131n Atat\u00fcrk&#8217;\u00fcn mozolesine \u00e7elenk koymas\u0131n\u0131n ard\u0131ndan sayg\u0131 duru\u015funda bulunuldu. \u00dcyeler daha sonra Misak-\u0131 Milli Kulesi&#8217;ne ge\u00e7ti.<\/p>\n<p style=\"text-align: justify;\">Burada An\u0131tkabir \u00d6zel Defteri&#8217;ni imzalayan Erdo\u011fan, deftere \u015funlar\u0131 yazd\u0131:<\/p>\n<p style=\"text-align: justify;\">&#8221;B\u00fcy\u00fck Atat\u00fcrk, koydu\u011fun hedefe uygun olarak T\u00fcrkiye Cumhuriyeti&#8217;ni muas\u0131r medeniyet seviyesinin \u00f6tesine ta\u015f\u0131mak azmiyle \u00e7\u0131kt\u0131\u011f\u0131m\u0131z yolda b\u00fcy\u00fck bir a\u015fk ve heyecanla \u00e7al\u0131\u015fmaya devam ediyoruz. \u00d6nemli k\u00fcresel s\u0131k\u0131nt\u0131lar\u0131n ya\u015fand\u0131\u011f\u0131 bir d\u00f6nemde \u00fclkemizin huzur ve istikrar i\u00e7inde at\u0131l\u0131mlar\u0131n\u0131 s\u00fcrd\u00fcr\u00fcyor olmas\u0131 en b\u00fcy\u00fck mutlulu\u011fumuzdur. Milletimiz \u00fclkesine inan\u0131yor. Daha mutlu ve m\u00fcreffeh bir T\u00fcrkiye&#8217;nin in\u015fas\u0131 i\u00e7in her insan\u0131m\u0131z g\u00f6n\u00fclden gayret g\u00f6steriyor. Bu geli\u015fmeye paralel olarak silahl\u0131 kuvvetlerimiz de gerek \u00fcstlendi\u011fi savunma g\u00f6revlerinde gerek vizyonunu \u00e7a\u011f\u0131n gereklerine uygun olarak yenilemede \u00e7ok \u00f6nemli at\u0131l\u0131mlar ger\u00e7ekle\u015ftirmektedir. Son y\u0131llarda \u00f6zellikle savunma sanayimizde kaydedilen stratejik geli\u015fmeleri sadece silahl\u0131 kuvvetlerimiz i\u00e7in de\u011fil, \u00fclkemizin gelece\u011fi i\u00e7in de son derece hayati kazan\u0131mlar olarak g\u00f6r\u00fcyoruz. Bu inan\u00e7la ger\u00e7ekle\u015ftirece\u011fimiz Y\u00fcksek Askeri \u015euram\u0131z\u0131n \u00fclkemize, milletimize ve T\u00fcrk Silahl\u0131 Kuvvetlerimize hay\u0131rl\u0131 olmas\u0131n\u0131 diliyor, \u00fclkelerinin istiklali i\u00e7in canlar\u0131n\u0131 vermi\u015f b\u00fct\u00fcn \u015fehitlerimizi rahmetle an\u0131yorum. Ruhunuz \u015fad olsun.&#8221;<\/p>\n<p style=\"text-align: justify;\"><strong>Org. \u00d6zel ile g\u00f6r\u00fc\u015fme<\/strong><\/p>\n<p style=\"text-align: justify;\"><a href=\"http:\/\/www.korhanyilmaz.com\/wp-content\/uploads\/2011\/08\/3005.jpg\"  class=\"lightview\"><img loading=\"lazy\" decoding=\"async\" class=\"alignleft size-full wp-image-37612\" style=\"margin-left: 15px; margin-right: 15px;\" src=\"http:\/\/www.korhanyilmaz.com\/wp-content\/uploads\/2011\/08\/3005.jpg\" alt=\"\" width=\"250\" height=\"180\" \/><\/a>Ba\u015fbakan Recep Tayyip Erdo\u011fan, YA\u015e toplant\u0131s\u0131n\u0131n \u00f6\u011fleden sonraki b\u00f6l\u00fcm\u00fcne kat\u0131lmad\u0131. YA\u015e toplant\u0131s\u0131n\u0131n \u00f6\u011fleden sonraki b\u00f6l\u00fcm\u00fcne kat\u0131lmayacak olan Erdo\u011fan&#8217;\u0131n Genelkurmay Ba\u015fkan Vekili Orgeneral Necdet \u00d6zel ile Resmi Konut&#8217;ta, saat 14.00&#8217;de, \u00f6nceden planlanm\u0131\u015f bir g\u00f6r\u00fc\u015fme ger\u00e7ekle\u015ftirece\u011fi sabah saatlerin a\u00e7\u0131klanm\u0131\u015ft\u0131.<\/p>\n<p style=\"text-align: justify;\">G\u00f6r\u00fc\u015fme saat 14.00&#8217;te ba\u015flad\u0131. Org. \u00d6zel&#8217;in Ba\u015fbakanl\u0131k&#8217;a gelmesinin ard\u0131ndan Ba\u015fbakanl\u0131k M\u00fcste\u015far\u0131 Efkan Ala da toplant\u0131ya kat\u0131ld\u0131. Yakla\u015f\u0131k 1 saat 45 dakika s\u00fcren g\u00f6r\u00fc\u015fme saat 16.00 s\u0131ralar\u0131nda sona erdi.<\/p>\n<p style=\"text-align: justify;\">Genelkurmay Ba\u015fkan\u0131 Org. I\u015f\u0131k Ko\u015faner, Kara Kuvvetleri Komutan\u0131 Orgeneral Erdal Ceylano\u011flu, Deniz Kuvvetleri Komutan\u0131 Oramiral E\u015fref U\u011fur Yi\u011fit ve Hava Kuvvetleri Komutan\u0131 Orgeneral Hasan Aksay, istifa ettikleri i\u00e7in \u015eura\u2019da yer alm\u0131yor.<\/p>\n<p style=\"text-align: justify;\"><strong>Balanl\u0131&#8217;dan yaz\u0131l\u0131 g\u00f6r\u00fc\u015f<\/strong><\/p>\n<p style=\"text-align: justify;\">Bu y\u0131lki yaz \u015furas\u0131, toplant\u0131ya kat\u0131lacak baz\u0131 generallerin devam etmekte olan davalar\u0131 nedeniyle de \u00f6nem ta\u015f\u0131yor. Balyoz\u2019dan tutuklu Harp Akademileri Komutan\u0131 Org. Bilgin Balanl\u0131 ile Erzincan\u2019daki Ergenekon davas\u0131n\u0131n san\u0131\u011f\u0131 EDOK Komutan\u0131 Orgeneral Sald\u0131ray Berk \u015eura \u00fcyeleri aras\u0131nda yer al\u0131yor. Ancak tutuklu olan Org. Balanl\u0131\u2019n\u0131n, toplant\u0131ya yaz\u0131l\u0131 olarak g\u00f6r\u00fc\u015flerini bildirmesi bekleniyor.<\/p>\n<p style=\"text-align: justify;\"><a href=\"http:\/\/www.t24.com.tr\/yuksek-askeri-sura-5-eksik-uyeyle-toplandi\/haber\/159786.aspx\" target=\"_blank\">Kaynak : T24<\/a><\/p>\n","protected":false},"excerpt":{"rendered":"<p style=\"text-align: center;\">\n<p style=\"text-align: justify;\">Y\u00fcksek Askeri \u015eura, Orgeneral Bilgin Balanl\u0131\u2019n\u0131n tutuklu olmas\u0131 ve Cuma g\u00fcn\u00fc ya\u015fanan emeklilik s\u00fcreci nedeniyle nedeniyle 5 eksik \u00fcyeyle topland\u0131. \u0130nternet and\u0131c\u0131 soru\u015fturmas\u0131 kapsam\u0131nda hakk\u0131nda yakalama karar\u0131 talep edilen Ege Ordu Komutan\u0131 Orgeneral Nusret Ta\u015fdeler de toplant\u0131ya kat\u0131ld\u0131. Necdet \u00d6zel&#8217;in toplant\u0131da Kara Kuvvetleri Komutan\u0131 koltu\u011funda oturmas\u0131 dikkat \u00e7ekti.<\/p>\n","protected":false},"author":1,"featured_media":0,"comment_status":"open","ping_status":"open","sticky":false,"template":"","format":"standard","meta":{"footnotes":""},"categories":[105],"tags":[],"class_list":["post-37609","post","type-post","status-publish","format-standard","hentry","category-gundem","odd"],"_links":{"self":[{"href":"http:\/\/www.korhanyilmaz.com\/index.php?rest_route=\/wp\/v2\/posts\/37609","targetHints":{"allow":["GET"]}}],"collection":[{"href":"http:\/\/www.korhanyilmaz.com\/index.php?rest_route=\/wp\/v2\/posts"}],"about":[{"href":"http:\/\/www.korhanyilmaz.com\/index.php?rest_route=\/wp\/v2\/types\/post"}],"author":[{"embeddable":true,"href":"http:\/\/www.korhanyilmaz.com\/index.php?rest_route=\/wp\/v2\/users\/1"}],"replies":[{"embeddable":true,"href":"http:\/\/www.korhanyilmaz.com\/index.php?rest_route=%2Fwp%2Fv2%2Fcomments&post=37609"}],"version-history":[{"count":0,"href":"http:\/\/www.korhanyilmaz.com\/index.php?rest_route=\/wp\/v2\/posts\/37609\/revisions"}],"wp:attachment":[{"href":"http:\/\/www.korhanyilmaz.com\/index.php?rest_route=%2Fwp%2Fv2%2Fmedia&parent=37609"}],"wp:term":[{"taxonomy":"category","embeddable":true,"href":"http:\/\/www.korhanyilmaz.com\/index.php?rest_route=%2Fwp%2Fv2%2Fcategories&post=37609"},{"taxonomy":"post_tag","embeddable":true,"href":"http:\/\/www.korhanyilmaz.com\/index.php?rest_route=%2Fwp%2Fv2%2Ftags&post=37609"}],"curies":[{"name":"wp","href":"https:\/\/api.w.org\/{rel}","templated":true}]}}