{"id":37604,"date":"2011-08-01T10:18:38","date_gmt":"2011-08-01T07:18:38","guid":{"rendered":"http:\/\/www.korhanyilmaz.com\/?p=37604"},"modified":"2011-08-01T17:23:35","modified_gmt":"2011-08-01T14:23:35","slug":"erdogan-masada-tek-basina","status":"publish","type":"post","link":"http:\/\/www.korhanyilmaz.com\/?p=37604","title":{"rendered":"Erdo\u011fan masada tek ba\u015f\u0131na"},"content":{"rendered":"<p style=\"text-align: center;\"><a href=\"http:\/\/www.korhanyilmaz.com\/wp-content\/uploads\/2011\/08\/3002.jpg\"  class=\"lightview\"><img loading=\"lazy\" decoding=\"async\" class=\"aligncenter size-full wp-image-37605\" src=\"http:\/\/www.korhanyilmaz.com\/wp-content\/uploads\/2011\/08\/3002.jpg\" alt=\"\" width=\"412\" height=\"240\" \/><\/a><\/p>\n<p style=\"text-align: justify;\">Y\u00fcksek Askeri \u015eura toplant\u0131lar\u0131n\u0131n ba\u015flang\u0131c\u0131nda en ilgin\u00e7 g\u00f6r\u00fcnt\u00fclerden biri de Ba\u015fbakan Recep Tayyip Erdo\u011fan&#8217;\u0131n masa ba\u015f\u0131nda yaln\u0131z kalmas\u0131 oldu.<\/p>\n<p style=\"text-align: justify;\">Ba\u015fbakan Recep Tayyip Erdo\u011fan\u2019\u0131n Fevzi \u00c7akmak Salonu\u2019nda yap\u0131lan Y\u00fcksek Askeri \u015eura toplant\u0131s\u0131nda, Bakanlar Kurulu toplant\u0131 d\u00fczeninde oldu\u011fu gibi masan\u0131n ba\u015f\u0131nda tek oturdu\u011fu dikkati \u00e7ekti. Daha \u00f6nceki \u015fura toplant\u0131lar\u0131nda Ba\u015fbakan ile Genelkurmay Ba\u015fkan\u0131 yan yana oturuyordu.<!--more--><\/p>\n<p style=\"text-align: justify;\">Orgeneral I\u015f\u0131k Ko\u015fener\u2019in emeklili\u011fini istemesinin ard\u0131ndan Genelkurmay Ba\u015fkanl\u0131\u011f\u0131na vekaleten atanan Orgeneral \u00d6zel\u2019in de toplant\u0131 masas\u0131nda ba\u015fbakan\u0131n sa\u011f\u0131ndaki ilk s\u0131ran\u0131n ba\u015f\u0131nda oturdu\u011fu dikkati \u00e7ekti.<\/p>\n<p style=\"text-align: justify;\"><a href=\"http:\/\/www.t24.com.tr\/erdogan-masada-tek-basina\/haber\/159799.aspx\" target=\"_blank\">Kaynak : T24<\/a><\/p>\n","protected":false},"excerpt":{"rendered":"<p style=\"text-align: center;\">\n<p style=\"text-align: justify;\">Y\u00fcksek Askeri \u015eura toplant\u0131lar\u0131n\u0131n ba\u015flang\u0131c\u0131nda en ilgin\u00e7 g\u00f6r\u00fcnt\u00fclerden biri de Ba\u015fbakan Recep Tayyip Erdo\u011fan&#8217;\u0131n masa ba\u015f\u0131nda yaln\u0131z kalmas\u0131 oldu.<\/p>\n<p style=\"text-align: justify;\">Ba\u015fbakan Recep Tayyip Erdo\u011fan\u2019\u0131n Fevzi \u00c7akmak Salonu\u2019nda yap\u0131lan Y\u00fcksek Askeri \u015eura toplant\u0131s\u0131nda, Bakanlar Kurulu toplant\u0131 d\u00fczeninde oldu\u011fu gibi masan\u0131n ba\u015f\u0131nda tek oturdu\u011fu dikkati \u00e7ekti. Daha \u00f6nceki \u015fura toplant\u0131lar\u0131nda Ba\u015fbakan <\/p>\n","protected":false},"author":1,"featured_media":0,"comment_status":"open","ping_status":"open","sticky":false,"template":"","format":"standard","meta":{"footnotes":""},"categories":[105],"tags":[],"class_list":["post-37604","post","type-post","status-publish","format-standard","hentry","category-gundem","odd"],"_links":{"self":[{"href":"http:\/\/www.korhanyilmaz.com\/index.php?rest_route=\/wp\/v2\/posts\/37604","targetHints":{"allow":["GET"]}}],"collection":[{"href":"http:\/\/www.korhanyilmaz.com\/index.php?rest_route=\/wp\/v2\/posts"}],"about":[{"href":"http:\/\/www.korhanyilmaz.com\/index.php?rest_route=\/wp\/v2\/types\/post"}],"author":[{"embeddable":true,"href":"http:\/\/www.korhanyilmaz.com\/index.php?rest_route=\/wp\/v2\/users\/1"}],"replies":[{"embeddable":true,"href":"http:\/\/www.korhanyilmaz.com\/index.php?rest_route=%2Fwp%2Fv2%2Fcomments&post=37604"}],"version-history":[{"count":0,"href":"http:\/\/www.korhanyilmaz.com\/index.php?rest_route=\/wp\/v2\/posts\/37604\/revisions"}],"wp:attachment":[{"href":"http:\/\/www.korhanyilmaz.com\/index.php?rest_route=%2Fwp%2Fv2%2Fmedia&parent=37604"}],"wp:term":[{"taxonomy":"category","embeddable":true,"href":"http:\/\/www.korhanyilmaz.com\/index.php?rest_route=%2Fwp%2Fv2%2Fcategories&post=37604"},{"taxonomy":"post_tag","embeddable":true,"href":"http:\/\/www.korhanyilmaz.com\/index.php?rest_route=%2Fwp%2Fv2%2Ftags&post=37604"}],"curies":[{"name":"wp","href":"https:\/\/api.w.org\/{rel}","templated":true}]}}