{"id":37600,"date":"2011-08-01T14:08:19","date_gmt":"2011-08-01T11:08:19","guid":{"rendered":"http:\/\/www.korhanyilmaz.com\/?p=37600"},"modified":"2011-08-01T17:11:40","modified_gmt":"2011-08-01T14:11:40","slug":"ingiliz-parlementosunun-turkiye-raporu","status":"publish","type":"post","link":"http:\/\/www.korhanyilmaz.com\/?p=37600","title":{"rendered":"\u0130ngiliz Parlementosu&#8217;nun T\u00fcrkiye raporu"},"content":{"rendered":"<p style=\"text-align: center;\"><a href=\"http:\/\/www.korhanyilmaz.com\/wp-content\/uploads\/2011\/08\/3001.jpg\"  class=\"lightview\"><img loading=\"lazy\" decoding=\"async\" class=\"aligncenter size-full wp-image-37601\" src=\"http:\/\/www.korhanyilmaz.com\/wp-content\/uploads\/2011\/08\/3001.jpg\" alt=\"\" width=\"322\" height=\"241\" \/><\/a><\/p>\n<p style=\"text-align: justify;\">\u0130ngiltere Parlamentosu&#8217;nun \u0130\u00e7i\u015fleri Komisyonu, T\u00fcrkiye&#8217;nin AB \u00fcyeli\u011fi durumunda, kom\u015fu \u00fclkelerden g\u00f6\u00e7\u00fcn artmas\u0131 konusunda endi\u015feleri oldu\u011funu ve T\u00fcrkiye&#8217;nin s\u0131n\u0131r kontrollerini s\u0131k\u0131la\u015ft\u0131rmas\u0131 gerekti\u011fini bildirdi.<\/p>\n<p style=\"text-align: justify;\">Londra- Komisyon &#8220;T\u00fcrkiye&#8217;nin AB&#8217;ye Kat\u0131l\u0131m\u0131nda Adalet ve \u0130\u00e7i\u015fleri Alan\u0131 i\u00e7in \u00c7\u0131kar\u0131mlar&#8221; ba\u015fl\u0131kl\u0131 raporunda, &#8220;T\u00fcrkiye&#8217;nin AB&#8217;ye \u00fcyeli\u011fi durumunda, s\u0131n\u0131rlar \u0130ran, Irak ve Suriye gibi \u00fclkelere uzanaca\u011f\u0131 i\u00e7in, birli\u011fin s\u0131n\u0131r g\u00fcvenli\u011fi konusunda ciddi endi\u015feler oldu\u011fu&#8221; kaydedildi. Raporda, &#8220;T\u00fcrkiye&#8217;nin, \u00fcyeli\u011finden \u00f6nce, AB s\u0131n\u0131r y\u00f6netimi taraf\u0131ndan haz\u0131rlanan kesin kriteri &#8216;a\u00e7\u0131k ve nesnel&#8217; olarak kar\u015f\u0131lad\u0131\u011f\u0131n\u0131 g\u00f6stermesi gerekti\u011fi&#8221; ifade edildi. <!--more--><\/p>\n<p style=\"text-align: justify;\">T\u00fcrkiye ile Yunanistan aras\u0131ndaki kara s\u0131n\u0131r\u0131n\u0131n, &#8220;AB&#8217;ye d\u00fczensiz g\u00f6\u00e7\u00fcn en temel kaynaklar\u0131ndan biri&#8221; oldu\u011fu kaydedilen raporda, &#8220;binlerce g\u00f6\u00e7menin her ay T\u00fcrkiye \u00fczerinden AB&#8217;ye girdi\u011fi, bir\u00e7o\u011funun da \u0130ngiltere&#8217;ye ula\u015fmak istedi\u011fi&#8221; bildirildi.<\/p>\n<p style=\"text-align: justify;\">AB s\u0131n\u0131r ajans\u0131 Frontex&#8217;ten bir ekibin, Kas\u0131m 2010&#8217;dan bu yana T\u00fcrkiye-Yunanistan s\u0131n\u0131r\u0131nda bulundu\u011funa ve &#8220;d\u00fczensiz ge\u00e7i\u015flerin&#8221; say\u0131s\u0131nda azalma ya\u015fand\u0131\u011f\u0131na i\u015faret edilen raporda, &#8220;Ancak Frontex, g\u00f6\u00e7menleri geri \u00e7eviremiyor. \u0130\u00e7i\u015fleri Komisyonu, Frontex&#8217;in T\u00fcrk s\u0131n\u0131r ajanslar\u0131yla birlikte \u00e7al\u0131\u015fmas\u0131n\u0131n daha etkili olabilece\u011fini \u00f6neriyor&#8221; denildi. Komisyon, s\u0131n\u0131r ajanslar\u0131n\u0131n i\u015fbirli\u011finin yan\u0131 s\u0131ra yasa d\u0131\u015f\u0131 g\u00f6\u00e7\u00fcn \u00f6nlenmesinde \u00fclkeler aras\u0131 istihbarat payla\u015f\u0131m\u0131n\u0131n geli\u015ftirilmesinin \u00f6nemini de vurgulad\u0131.<\/p>\n<p style=\"text-align: justify;\">Raporda ayr\u0131ca, &#8220;Komisyon AB&#8217;yi, T\u00fcrkiye&#8217;nin tam \u00fcyeli\u011finden \u00f6nce, organize uyu\u015fturucu ve yasa d\u0131\u015f\u0131 g\u00f6\u00e7 konular\u0131yla daha etkili m\u00fccadele etmek i\u00e7in \u00f6zel d\u00fczenlemeler yapmaya \u00e7a\u011f\u0131r\u0131yor&#8221; denildi. &#8220;\u0130nsan ka\u00e7ak\u00e7\u0131l\u0131\u011f\u0131n\u0131n yan\u0131 s\u0131ra Afganistan&#8217;dan Bat\u0131 ve Orta Avrupa&#8217;ya yap\u0131lan eroin ka\u00e7ak\u00e7\u0131l\u0131\u011f\u0131n\u0131n y\u00fczde 75-80&#8217;inin T\u00fcrkiye \u00fczerinden ger\u00e7ekle\u015fti\u011fi ve T\u00fcrkiye&#8217;de Avrupa&#8217;ya giden eroine el koyma ve yakalama olaylar\u0131n\u0131n artt\u0131\u011f\u0131&#8221; belirtildi.<\/p>\n<p style=\"text-align: justify;\">Komisyon, \u0130ngiliz ile T\u00fcrk yetkililer aras\u0131ndaki yak\u0131n ve ba\u015far\u0131l\u0131 \u00e7al\u0131\u015fmalar ile i\u015fbirli\u011fine de\u011finerek, bunun Europol gibi AB ajanslar\u0131 taraf\u0131ndan da yap\u0131lmas\u0131 gerekti\u011fini bildirdi.<\/p>\n<p style=\"text-align: justify;\"><strong>&#8220;T\u00fcrkiye&#8217;den ka\u00e7 g\u00f6\u00e7men gelir?&#8221;<\/strong><\/p>\n<p style=\"text-align: justify;\">\u0130ngiltere \u0130\u00e7i\u015fleri Bakanl\u0131\u011f\u0131ndan, T\u00fcrkiye&#8217;nin AB&#8217;ye \u00fcyeli\u011finin ard\u0131ndan, bu \u00fclkeden \u0130ngiltere&#8217;ye yasal g\u00f6\u00e7\u00fcn tahmini say\u0131s\u0131n\u0131 ortaya koyacak bir de\u011ferlendirme yapmas\u0131n\u0131 isteyen komisyon, AB geneli i\u00e7in bu say\u0131n\u0131n 2030&#8217;a kadar 500 bin ile 4 milyon 400 bin ki\u015fi aras\u0131nda de\u011fi\u015febilece\u011fi y\u00f6n\u00fcnde tahminlerde bulunuldu\u011fu kaydedildi.<\/p>\n<p style=\"text-align: justify;\">T\u00fcrk vatanda\u015flar\u0131n\u0131n AB&#8217;ye g\u00f6\u00e7\u00fcnde d\u00fc\u015f\u00fc\u015f oldu\u011funun, bu say\u0131n\u0131n y\u0131ll\u0131k 50 binin alt\u0131na indi\u011finin belirtildi\u011fi raporda, &#8220;Ancak n\u00fcfustaki art\u0131\u015f e\u011filimi ve ya\u015fam standartlar\u0131, T\u00fcrk vatanda\u015flar\u0131 i\u00e7in cazip bir se\u00e7enek olan AB i\u00e7inde g\u00f6\u00e7\u00fc kolayla\u015ft\u0131rabilir&#8221; denildi.<\/p>\n<p style=\"text-align: justify;\">Komisyon, 2004 y\u0131l\u0131ndaki geni\u015flemenin ard\u0131ndan \u0130ngiltere&#8217;nin ya\u015fad\u0131klar\u0131n\u0131 dikkate alarak, \u015fu ifadelere yer verdi:<\/p>\n<p style=\"text-align: justify;\">&#8220;2004 y\u0131l\u0131ndan sonra beklenenden binlerce daha fazla g\u00f6\u00e7menin geldi\u011fi dikkate al\u0131n\u0131rsa, komisyon T\u00fcrk vatanda\u015flar\u0131n\u0131n tam hareket edebilme \u00f6zg\u00fcrl\u00fc\u011f\u00fc konusunda ihtiyatl\u0131 davran\u0131yor ve h\u00fck\u00fcmetin t\u00fcm yeni \u00fcyeler i\u00e7in &#8216;etkili ge\u00e7i\u015f kontrolleri&#8217; uygulamas\u0131n\u0131 destekliyor.&#8221;<\/p>\n<p style=\"text-align: justify;\">Raporda \u0130\u00e7i\u015fleri Komisyonu Ba\u015fkan\u0131, muhalefetteki \u0130\u015f\u00e7i Parti milletvekili Keith Vaz&#8217;\u0131n \u015fu s\u00f6zleri de aktar\u0131ld\u0131:<\/p>\n<p style=\"text-align: justify;\">&#8220;T\u00fcrkiye ve Yunanistan&#8217;a yapt\u0131\u011f\u0131m\u0131z ziyaretlerde, AB&#8217;ye yasa d\u0131\u015f\u0131 g\u00f6\u00e7 sorunuyla m\u00fccadelede yetkililerin isteklili\u011fine ra\u011fmen, daha fazla \u015feyin yap\u0131lmas\u0131 gerekti\u011fi ortaya \u00e7\u0131km\u0131\u015ft\u0131r. Yunanistan, T\u00fcrkiye, Avrupa ve uluslararas\u0131 g\u00fcvenlik yetkililerinden istihbarat payla\u015f\u0131p, birlikte \u00e7al\u0131\u015farak her ay AB&#8217;ye binlerce g\u00f6\u00e7menin gelmesinden sorumlu olan su\u00e7 \u00e7etelerinin \u00f6n\u00fcn\u00fc kesmelerini istiyoruz.<\/p>\n<p style=\"text-align: justify;\">E\u011fer \u015fimdi bir \u015fey yap\u0131lmazsa, Afganistan, \u0130ran gibi \u00fclkelerden g\u00f6\u00e7menlerin, T\u00fcrkiye \u00fcye olduktan sonra AB&#8217;ye girmelerinin daha kolay olaca\u011f\u0131ndan endi\u015fe duyuyorum. \u0130ngiliz h\u00fck\u00fcmeti ve AB ortaklar\u0131, T\u00fcrkiye&#8217;ye s\u0131n\u0131r kontrollerini s\u0131k\u0131la\u015ft\u0131rmas\u0131 i\u00e7in her t\u00fcrl\u00fc deste\u011fi vermelidir.&#8221;<\/p>\n<p style=\"text-align: justify;\"><a href=\"http:\/\/www.cumhuriyet.com.tr\/?hn=265740&amp;kw=%DDngiliz+Parlementosu%27nun+T%FCrkiye+raporu\" target=\"_blank\">Kaynak : Cumhuriyet Haber Portal\u0131<\/a><\/p>\n","protected":false},"excerpt":{"rendered":"<p style=\"text-align: center;\">\n<p style=\"text-align: justify;\">\u0130ngiltere Parlamentosu&#8217;nun \u0130\u00e7i\u015fleri Komisyonu, T\u00fcrkiye&#8217;nin AB \u00fcyeli\u011fi durumunda, kom\u015fu \u00fclkelerden g\u00f6\u00e7\u00fcn artmas\u0131 konusunda endi\u015feleri oldu\u011funu ve T\u00fcrkiye&#8217;nin s\u0131n\u0131r kontrollerini s\u0131k\u0131la\u015ft\u0131rmas\u0131 gerekti\u011fini bildirdi.<\/p>\n<p style=\"text-align: justify;\">Londra- Komisyon &#8220;T\u00fcrkiye&#8217;nin AB&#8217;ye Kat\u0131l\u0131m\u0131nda Adalet ve \u0130\u00e7i\u015fleri Alan\u0131 i\u00e7in \u00c7\u0131kar\u0131mlar&#8221; ba\u015fl\u0131kl\u0131 raporunda, &#8220;T\u00fcrkiye&#8217;nin AB&#8217;ye \u00fcyeli\u011fi durumunda, s\u0131n\u0131rlar \u0130ran, Irak ve Suriye gibi \u00fclkelere uzanaca\u011f\u0131 i\u00e7in, <\/p>\n","protected":false},"author":1,"featured_media":0,"comment_status":"open","ping_status":"open","sticky":false,"template":"","format":"standard","meta":{"footnotes":""},"categories":[105],"tags":[],"class_list":["post-37600","post","type-post","status-publish","format-standard","hentry","category-gundem","odd"],"_links":{"self":[{"href":"http:\/\/www.korhanyilmaz.com\/index.php?rest_route=\/wp\/v2\/posts\/37600","targetHints":{"allow":["GET"]}}],"collection":[{"href":"http:\/\/www.korhanyilmaz.com\/index.php?rest_route=\/wp\/v2\/posts"}],"about":[{"href":"http:\/\/www.korhanyilmaz.com\/index.php?rest_route=\/wp\/v2\/types\/post"}],"author":[{"embeddable":true,"href":"http:\/\/www.korhanyilmaz.com\/index.php?rest_route=\/wp\/v2\/users\/1"}],"replies":[{"embeddable":true,"href":"http:\/\/www.korhanyilmaz.com\/index.php?rest_route=%2Fwp%2Fv2%2Fcomments&post=37600"}],"version-history":[{"count":0,"href":"http:\/\/www.korhanyilmaz.com\/index.php?rest_route=\/wp\/v2\/posts\/37600\/revisions"}],"wp:attachment":[{"href":"http:\/\/www.korhanyilmaz.com\/index.php?rest_route=%2Fwp%2Fv2%2Fmedia&parent=37600"}],"wp:term":[{"taxonomy":"category","embeddable":true,"href":"http:\/\/www.korhanyilmaz.com\/index.php?rest_route=%2Fwp%2Fv2%2Fcategories&post=37600"},{"taxonomy":"post_tag","embeddable":true,"href":"http:\/\/www.korhanyilmaz.com\/index.php?rest_route=%2Fwp%2Fv2%2Ftags&post=37600"}],"curies":[{"name":"wp","href":"https:\/\/api.w.org\/{rel}","templated":true}]}}