{"id":37596,"date":"2011-08-01T15:00:34","date_gmt":"2011-08-01T12:00:34","guid":{"rendered":"http:\/\/www.korhanyilmaz.com\/?p=37596"},"modified":"2011-08-01T17:05:51","modified_gmt":"2011-08-01T14:05:51","slug":"komutanlar-istifa-etti-yunanistan-alarma-gecti","status":"publish","type":"post","link":"http:\/\/www.korhanyilmaz.com\/?p=37596","title":{"rendered":"Komutanlar istifa etti Yunanistan alarma ge\u00e7ti"},"content":{"rendered":"<p style=\"text-align: center;\"><a href=\"http:\/\/www.korhanyilmaz.com\/wp-content\/uploads\/2011\/08\/3001.jpeg\"  class=\"lightview\"><img loading=\"lazy\" decoding=\"async\" class=\"aligncenter size-full wp-image-37597\" src=\"http:\/\/www.korhanyilmaz.com\/wp-content\/uploads\/2011\/08\/3001.jpeg\" alt=\"\" width=\"407\" height=\"202\" \/><\/a><\/p>\n<p style=\"text-align: justify;\">Yunan bas\u0131n\u0131, T\u00fckiye\u2019de komutanlar\u0131n istifalar\u0131 sonras\u0131nda Yunanistan\u2019\u0131n alarm durumuna ge\u00e7ti\u011fini yazd\u0131.<\/p>\n<p style=\"text-align: justify;\">Atina\u2019da yay\u0131mlanan Elefteros Tipos gazetesi, Ba\u015fbakan Recep Tayyip Erdo\u011fan h\u00fck\u00fcmetiyle askeri kurulu d\u00fczen aras\u0131ndaki yeni s\u00fcrt\u00fc\u015fmeden sonra T\u00fcrkiye\u2019de meydana gelen geli\u015fmeler \u00fczerine Yunanistan Savunma ve D\u0131\u015fi\u015fleri Bakanl\u0131klar\u0131\u2019n\u0131n alarm durumuna ge\u00e7tiklerini kaydetti. <!--more--><\/p>\n<p style=\"text-align: justify;\">Gazete, bunun nedeni olarak T\u00fcrkiye\u2019deki \u00fclke i\u00e7i krizin Ege\u2019ye yans\u0131mas\u0131 tehlikesinin yaratt\u0131\u011f\u0131 kayg\u0131y\u0131 g\u00f6sterdi.<\/p>\n<p style=\"text-align: justify;\">Yunan Savunma Bakanl\u0131\u011f\u0131\u2019nda, her zaman oldu\u011fu gibi, kurmaylar\u0131n T\u00fcrk askeri faaliyetlerinin t\u00fcm\u00fcn\u00fc kaydettiklerini belirten gazete, Yunanl\u0131 bir subay\u0131n ihtiyatl\u0131 davranmaya devam ederek, &#8220;\u015eu ana kadar kaydedilen \u00f6nemli bir geli\u015fme olmad\u0131\u011f\u0131n\u0131, \u00f6n\u00fcm\u00fczdeki d\u00f6nemde de \u00f6zl\u00fc bir \u015fey olmas\u0131n\u0131n zor gibi g\u00f6r\u00fcnd\u00fc\u011f\u00fcn\u00fc&#8221; s\u00f6yledi\u011fini vurgulad\u0131.<\/p>\n<p style=\"text-align: justify;\">Gazete, ayn\u0131 subay\u0131n, &#8220;T\u00fcrklerin hi\u00e7bir zaman \u00f6nceden tahmin edilemediklerini&#8221; de ifade etti\u011fini belirtti.<\/p>\n<p style=\"text-align: justify;\"><a href=\"http:\/\/dunya.milliyet.com.tr\/komutanlar-istifa-etti-yunanistan-alarma-gecti\/dunya\/dunyadetay\/01.08.2011\/1421330\/default.htm\" target=\"_blank\">Kaynak : Milliyet.com.tr<\/a><\/p>\n","protected":false},"excerpt":{"rendered":"<p style=\"text-align: center;\">\n<p style=\"text-align: justify;\">Yunan bas\u0131n\u0131, T\u00fckiye\u2019de komutanlar\u0131n istifalar\u0131 sonras\u0131nda Yunanistan\u2019\u0131n alarm durumuna ge\u00e7ti\u011fini yazd\u0131.<\/p>\n<p style=\"text-align: justify;\">Atina\u2019da yay\u0131mlanan Elefteros Tipos gazetesi, Ba\u015fbakan Recep Tayyip Erdo\u011fan h\u00fck\u00fcmetiyle askeri kurulu d\u00fczen aras\u0131ndaki yeni s\u00fcrt\u00fc\u015fmeden sonra T\u00fcrkiye\u2019de meydana gelen geli\u015fmeler \u00fczerine Yunanistan Savunma ve D\u0131\u015fi\u015fleri Bakanl\u0131klar\u0131\u2019n\u0131n alarm durumuna ge\u00e7tiklerini kaydetti. <\/p>\n","protected":false},"author":1,"featured_media":0,"comment_status":"open","ping_status":"open","sticky":false,"template":"","format":"standard","meta":{"footnotes":""},"categories":[105],"tags":[],"class_list":["post-37596","post","type-post","status-publish","format-standard","hentry","category-gundem","odd"],"_links":{"self":[{"href":"http:\/\/www.korhanyilmaz.com\/index.php?rest_route=\/wp\/v2\/posts\/37596","targetHints":{"allow":["GET"]}}],"collection":[{"href":"http:\/\/www.korhanyilmaz.com\/index.php?rest_route=\/wp\/v2\/posts"}],"about":[{"href":"http:\/\/www.korhanyilmaz.com\/index.php?rest_route=\/wp\/v2\/types\/post"}],"author":[{"embeddable":true,"href":"http:\/\/www.korhanyilmaz.com\/index.php?rest_route=\/wp\/v2\/users\/1"}],"replies":[{"embeddable":true,"href":"http:\/\/www.korhanyilmaz.com\/index.php?rest_route=%2Fwp%2Fv2%2Fcomments&post=37596"}],"version-history":[{"count":0,"href":"http:\/\/www.korhanyilmaz.com\/index.php?rest_route=\/wp\/v2\/posts\/37596\/revisions"}],"wp:attachment":[{"href":"http:\/\/www.korhanyilmaz.com\/index.php?rest_route=%2Fwp%2Fv2%2Fmedia&parent=37596"}],"wp:term":[{"taxonomy":"category","embeddable":true,"href":"http:\/\/www.korhanyilmaz.com\/index.php?rest_route=%2Fwp%2Fv2%2Fcategories&post=37596"},{"taxonomy":"post_tag","embeddable":true,"href":"http:\/\/www.korhanyilmaz.com\/index.php?rest_route=%2Fwp%2Fv2%2Ftags&post=37596"}],"curies":[{"name":"wp","href":"https:\/\/api.w.org\/{rel}","templated":true}]}}