{"id":37592,"date":"2011-08-01T15:48:21","date_gmt":"2011-08-01T12:48:21","guid":{"rendered":"http:\/\/www.korhanyilmaz.com\/?p=37592"},"modified":"2011-08-01T17:02:08","modified_gmt":"2011-08-01T14:02:08","slug":"kritik-yasta-ilk-gun-sona-erdi","status":"publish","type":"post","link":"http:\/\/www.korhanyilmaz.com\/?p=37592","title":{"rendered":"Kritik YA\u015e&#8217;ta ilk g\u00fcn sona erdi"},"content":{"rendered":"<p style=\"text-align: justify;\"><a href=\"http:\/\/www.korhanyilmaz.com\/wp-content\/uploads\/2011\/08\/3000.jpg\"  class=\"lightview\"><img loading=\"lazy\" decoding=\"async\" class=\"aligncenter size-full wp-image-37593\" title=\"\" src=\"http:\/\/www.korhanyilmaz.com\/wp-content\/uploads\/2011\/08\/3000.jpg\" alt=\"\" width=\"292\" height=\"224\" \/><\/a><\/p>\n<p style=\"text-align: justify;\">G\u00f6zler bug\u00fcn Ankara&#8217;da toplanan YA\u015e&#8217;tayd\u0131. \u0130nternet and\u0131c\u0131 soru\u015fturmas\u0131 kapsam\u0131nda hakk\u0131nda yakalama karar\u0131 talep edilen Ege Ordu Komutan\u0131 Org. Nusret Ta\u015fdeler de toplant\u0131ya kat\u0131ld\u0131. Erdo\u011fan YA\u015e&#8217;\u0131n \u00f6\u011fleden sonraki b\u00f6l\u00fcm\u00fcne kat\u0131lmay\u0131p, Necdet \u00d6zel ile bir araya geldi.<\/p>\n<p style=\"text-align: justify;\">(CNN T\u00dcRK) &#8212; YA\u015e, Ba\u015fbakan Recep Tayyip Erdo\u011fan&#8217;\u0131n ba\u015fkanl\u0131\u011f\u0131nda Genelkurmay Ba\u015fkanl\u0131\u011f\u0131 Karargah\u0131&#8217;nda topland\u0131. Ba\u015fbakan Erdo\u011fan, karargaha geli\u015finde Kara Kuvvetleri Komutan\u0131 ve Genelkurmay Ba\u015fkan Vekili Orgeneral Necdet \u00d6zel taraf\u0131ndan kar\u015f\u0131land\u0131. <!--more--><\/p>\n<p style=\"text-align: justify;\">YA\u015e&#8217;\u0131n A\u011fustos ay\u0131 ola\u011fan toplant\u0131s\u0131, \u00c7akmak Salonu&#8217;nda saat 09.45&#8217;de ba\u015flad\u0131.<\/p>\n<p style=\"text-align: justify;\">Toplant\u0131ya Ba\u015fbakan Erdo\u011fan&#8217;\u0131n yan\u0131 s\u0131ra, Kara Kuvvetleri Komutan\u0131 ve Genelkurmay Ba\u015fkan Vekili Orgeneral Necdet \u00d6zel, Milli Savunma Bakan\u0131 \u0130smet Y\u0131lmaz, Genelkurmay \u0130kinci Ba\u015fkan\u0131 Orgeneral Aslan G\u00fcner, 1. Ordu Komutan\u0131 Orgeneral Hayri K\u0131vr\u0131ko\u011flu, 2. Ordu Komutan\u0131 Orgeneral Servet Y\u00f6r\u00fck, 3. Ordu Komutan\u0131 Orgeneral Yal\u00e7\u0131n Ataman, \u0130nternet and\u0131c\u0131 soru\u015fturmas\u0131 kapsam\u0131nda hakk\u0131nda yakalama karar\u0131 talep edilen Ege Ordusu Komutan\u0131 Orgeneral Nusret Ta\u015fdeler, Kara Kuvvetleri E\u011fitim ve Doktrin (EDOK) Komutan\u0131 Orgeneral Sald\u0131ray Berk, Kara Kuvvetleri Komutanl\u0131\u011f\u0131 Kurmay Ba\u015fkan\u0131 Orgeneral Bekir Kalyoncu ve Donanma Komutan\u0131 Oramiral Emin Murat Bilgel kat\u0131ld\u0131.<\/p>\n<p style=\"text-align: justify;\"><strong>\u0130K\u0130L\u0130 Z\u0130RVE&#8230;<\/strong><\/p>\n<p style=\"text-align: justify;\">\u00d6te yandan Ba\u015fbakan Erdo\u011fan&#8217;\u0131n YA\u015e&#8217;\u0131n \u00f6\u011fleden sonraki b\u00f6l\u00fcm\u00fcne kat\u0131lmayarak, Genelkurmay Ba\u015fkan Vekili Orgeneral Necdet \u00d6zel ile Resmi Konut&#8217;ta saat 14.00&#8217;de \u00f6nceden planlanm\u0131\u015f bir g\u00f6r\u00fc\u015fme ger\u00e7ekle\u015ftirdi.<\/p>\n<p style=\"text-align: justify;\"><strong>YA\u015e \u00fcyeleri An\u0131tkabir&#8217;i ziyaret etti<\/strong><\/p>\n<p style=\"text-align: justify;\">Bu arada YA\u015e \u00fcyeleri, Ba\u015fbakan Erdo\u011fan&#8217;\u0131n ba\u015fkanl\u0131\u011f\u0131nda An\u0131tkabir&#8217;i ziyaret etti.<\/p>\n<p style=\"text-align: justify;\">\u015eura \u00fcyeleri, Genelkurmay Ba\u015fkanl\u0131\u011f\u0131 Karargah\u0131nda y\u00fcr\u00fct\u00fclen \u00e7al\u0131\u015fmalar\u0131n ard\u0131ndan planlanandan yakla\u015f\u0131k bir saat \u00f6nce An\u0131tkabir&#8217;e ge\u00e7ti. Ba\u015fbakan Erdo\u011fan ba\u015fkanl\u0131\u011f\u0131ndaki heyet, k\u0131rm\u0131z\u0131 ve beyaz karanfillerden haz\u0131rlanm\u0131\u015f ve \u00fczerinde &#8220;YA\u015e \u00fcyeleri&#8221; yazan \u00e7elenkle Aslanl\u0131 Yol&#8217;dan y\u00fcr\u00fcd\u00fcler.<\/p>\n<p style=\"text-align: justify;\">Erdo\u011fan&#8217;\u0131n Atat\u00fcrk&#8217;\u00fcn mozolesine \u00e7elenk koymas\u0131n\u0131n ard\u0131ndan sayg\u0131 duru\u015funda bulunuldu. \u00dcyeler daha sonra Misak-\u0131 Milli Kulesi&#8217;ne ge\u00e7ti. Burada An\u0131tkabir \u00d6zel Defteri&#8217;ni imzalayan Erdo\u011fan, deftere \u015funlar\u0131 yazd\u0131:<\/p>\n<p style=\"text-align: justify;\">&#8220;B\u00fcy\u00fck Atat\u00fcrk, koydu\u011fun hedefe uygun olarak T\u00fcrkiye Cumhuriyeti&#8217;ni muas\u0131r medeniyet seviyesinin \u00f6tesine ta\u015f\u0131mak azmiyle \u00e7\u0131kt\u0131\u011f\u0131m\u0131z yolda b\u00fcy\u00fck bir a\u015fk ve heyecanla \u00e7al\u0131\u015fmaya devam ediyoruz. \u00d6nemli k\u00fcresel s\u0131k\u0131nt\u0131lar\u0131n ya\u015fand\u0131\u011f\u0131 bir d\u00f6nemde \u00fclkemizin huzur ve istikrar i\u00e7inde at\u0131l\u0131mlar\u0131n\u0131 s\u00fcrd\u00fcr\u00fcyor olmas\u0131 en b\u00fcy\u00fck mutlulu\u011fumuzdur. Milletimiz \u00fclkesine inan\u0131yor. Daha mutlu ve m\u00fcreffeh bir T\u00fcrkiye&#8217;nin in\u015fas\u0131 i\u00e7in her insan\u0131m\u0131z g\u00f6n\u00fclden gayret g\u00f6steriyor.<\/p>\n<p style=\"text-align: justify;\">Bu geli\u015fmeye paralel olarak silahl\u0131 kuvvetlerimiz de gerek \u00fcstlendi\u011fi savunma g\u00f6revlerinde gerek vizyonunu \u00e7a\u011f\u0131n gereklerine uygun olarak yenilemede \u00e7ok \u00f6nemli at\u0131l\u0131mlar ger\u00e7ekle\u015ftirmektedir. Son y\u0131llarda \u00f6zellikle savunma sanayimizde kaydedilen stratejik geli\u015fmeleri sadece silahl\u0131 kuvvetlerimiz i\u00e7in de\u011fil, \u00fclkemizin gelece\u011fi i\u00e7in de son derece hayati kazan\u0131mlar olarak g\u00f6r\u00fcyoruz. Bu inan\u00e7la ger\u00e7ekle\u015ftirece\u011fimiz Y\u00fcksek Askeri \u015euram\u0131z\u0131n \u00fclkemize, milletimize ve T\u00fcrk Silahl\u0131 Kuvvetlerimize hay\u0131rl\u0131 olmas\u0131n\u0131 diliyor, \u00fclkelerinin istiklali i\u00e7in canlar\u0131n\u0131 vermi\u015f b\u00fct\u00fcn \u015fehitlerimizi rahmetle an\u0131yorum. Ruhunuz \u015fad olsun.&#8221;<\/p>\n<p style=\"text-align: justify;\"><strong>OLASI SENARYOLAR&#8230;<\/strong><\/p>\n<p style=\"text-align: justify;\">G\u00f6zler YA\u015e toplant\u0131s\u0131na \u00e7evrildi. Genelkurmay Ba\u015fkan\u0131 koltu\u011funda Orgeneral Necdet \u00d6zel oturacak. Peki kuvvet komutanlar\u0131 kim olacak?<\/p>\n<p style=\"text-align: justify;\">Kritik karar Kara Kuvvetleri i\u00e7in verilecek. K\u0131dem s\u0131ras\u0131na g\u00f6re 4 orgeneral var. EDOK Komutan\u0131 Sald\u0131ray Berk, Genelkurmay 2. Ba\u015fkan\u0131 Arslan G\u00fcner, 1. Ordu Komutan\u0131 Hayri K\u0131vr\u0131ko\u011flu ve Kara Kuvvetleri Kurmay Ba\u015fkan\u0131 Bekir Kalyoncu.<\/p>\n<p style=\"text-align: justify;\">Sald\u0131ray Berk Erzincan davas\u0131 san\u0131\u011f\u0131. Bu nedenle h\u00fck\u00fcmet taraf\u0131ndan tercih edilmeyece\u011fi, emekliye sevkedilece\u011fi konu\u015fuluyor.<\/p>\n<p style=\"text-align: justify;\">Arslan G\u00fcner ile Hayri K\u0131vr\u0131ko\u011flu&#8217;na ise Cumhurba\u015fkan\u0131&#8217;n\u0131n s\u0131cak bakmad\u0131\u011f\u0131 gelen haberler aras\u0131nda. G\u00fcner, Hayr\u00fcnisa G\u00fcl&#8217;\u00fcn elini s\u0131kmam\u0131\u015f, K\u0131vr\u0131ko\u011flu da K\u0131br\u0131s&#8217;ta komutanken G\u00fcl&#8217;\u00fc kar\u015f\u0131lamaya gitmemi\u015fti. Ancak K\u0131vr\u0131ko\u011flu komutanl\u0131\u011fa atanmas\u0131 en yak\u0131n isim olarak da g\u00f6r\u00fcl\u00fcyor.<\/p>\n<p style=\"text-align: justify;\">Hava Kuvvetleri&#8217;ne Mehmet Erten&#8217;in getirilmesi g\u00fcndemde. Deniz Kuvvetleri i\u00e7in Murat Bilgel ismi \u00f6ne \u00e7\u0131k\u0131yor. Jandarma i\u00e7in Kalyoncu, Ataman ve Y\u00f6r\u00fck&#8217;\u00fcn isimleri ge\u00e7iyor.<\/p>\n<p style=\"text-align: justify;\">Ve Hava Kuvvetleri Komutanl\u0131\u011f\u0131&#8230; Asl\u0131nda o koltu\u011fa oturma s\u0131ras\u0131 Harp Akademileri Komutan\u0131 Org. Bilgin Balanl\u0131&#8217;da. Ama Balanl\u0131 Balyoz davas\u0131 nedeni ile tutuklu. Bu nedenle Lojistik Ba\u015fkan\u0131 Hava Korgeneral Mehmet Erten&#8217;in orgeneralli\u011fe terfi ettirilip Hava Kuvvetleri Komutan\u0131 yap\u0131lmas\u0131 bekleniyor.<\/p>\n<p style=\"text-align: justify;\">Deniz Kuvvetleri Komutanl\u0131\u011f\u0131&#8217;na ise Donanma Komutan\u0131 Oramiral Murat Bilgel&#8217;in gelmesine kesin g\u00f6z\u00fcyle bak\u0131l\u0131yor. Jandarma Genel Komutanl\u0131\u011f\u0131 i\u00e7in de Bekir Kalyoncu, Servet Y\u00f6r\u00fck veya Yal\u00e7\u0131n Ataman&#8217;\u0131n isimleri ge\u00e7iyor.<\/p>\n<p style=\"text-align: justify;\">Ve krizin nedeni olan tutuklu bulunan ve terfi s\u0131ras\u0131 gelen 14 general ile amiralin durumu&#8230; Tutuklu olduklar\u0131 i\u00e7in terfileri g\u00fcndemde de\u011fil. Ya g\u00f6rev s\u00fcreleri uzat\u0131lacak ya da emekli edilecekler. Yeni Genelkurmay Ba\u015fkan\u0131 \u00d6zel&#8217;in Ko\u015faner&#8217;in g\u00f6rev s\u00fcreleri uzat\u0131ls\u0131n talebini yeniden g\u00fcndeme getirip getirmeyece\u011fi merak ediliyor. Aksi takdirde \u00d6zel&#8217;in emeklilik i\u015flemine uygun g\u00f6r\u00fc\u015f verece\u011fi belirtiliyor.<\/p>\n<p style=\"text-align: justify;\"><strong>\u015eura 4 A\u011fustos&#8217;ta sona erecek<\/strong><\/p>\n<p style=\"text-align: justify;\">Y\u00fcksek Askeri \u015eura A\u011fustos ay\u0131 ola\u011fan toplant\u0131lar\u0131nda terfi s\u0131ras\u0131nda bulunan albay, general ve amirlerin bir \u00fcst r\u00fctbeye y\u00fckseltilmesi, general ve amirallerin g\u00f6rev s\u00fcrelerinin uzat\u0131lmas\u0131 ve emeklilik i\u015flemleri ile disiplinsizlik ve ahlaki durumlar\u0131 nedeniyle T\u00fcrk Silahl\u0131 Kuvvetleri&#8217;nden (TSK) ayr\u0131lacak personel ve TSK&#8217;y\u0131 ilgilendiren \u00f6teki konular g\u00f6r\u00fc\u015f\u00fcl\u00fcyor.<\/p>\n<p style=\"text-align: justify;\">Genelkurmay Ba\u015fkan\u0131, kuvvet komutanlar\u0131 ile di\u011fer general ve amiral atama i\u015flemleri Y\u00fcksek Askeri \u015eura d\u0131\u015f\u0131nda \u00f6zel kanunlarla belirlenen esas ve usullere g\u00f6re yap\u0131l\u0131yor.<\/p>\n<p style=\"text-align: justify;\">TSK Personel Kanunu&#8217;na g\u00f6re kuvvet komutanlar\u0131 ve Genelkurmay \u0130kinci Ba\u015fkan\u0131&#8217;n\u0131n atamalar\u0131 Genelkurmay Ba\u015fkan\u0131&#8217;n\u0131n teklifi, Milli Savunma Bakan\u0131&#8217;n\u0131n inhas\u0131, Ba\u015fbakan\u0131n imzalayaca\u011f\u0131 ve Cumhurba\u015fkan\u0131&#8217;n\u0131n onaylayaca\u011f\u0131 kararname ile yap\u0131l\u0131yor. Jandarma Genel Komutan\u0131&#8217;n\u0131n atamas\u0131 i\u00e7in de Genelkurmay Ba\u015fkan\u0131&#8217;n\u0131n teklifi, \u0130\u00e7i\u015fleri Bakan\u0131&#8217;n\u0131n inhas\u0131, Ba\u015fbakan&#8217;\u0131n imzalayaca\u011f\u0131 ve Cumhurba\u015fkan\u0131n\u0131n onaylayaca\u011f\u0131 kararname gerekiyor.<\/p>\n<p style=\"text-align: justify;\">YA\u015e toplant\u0131s\u0131 4 A\u011fustos Per\u015fembe g\u00fcn\u00fc sona erecek. \u015eura&#8217;da al\u0131nan kararlar Cumhurba\u015fkan\u0131 Abdullah G\u00fcl&#8217;e sunulduktan sonra kamuoyuna a\u00e7\u0131klanacak.<\/p>\n<p style=\"text-align: justify;\"><a href=\"http:\/\/www.cnnturk.com\/2011\/turkiye\/07\/31\/kritik.yasta.ilk.gun.sona.erdi\/624597.0\/index.html\" target=\"_blank\">Kaynak : CNN T\u00dcRK<\/a><\/p>\n","protected":false},"excerpt":{"rendered":"<p style=\"text-align: justify;\">\n<p style=\"text-align: justify;\">G\u00f6zler bug\u00fcn Ankara&#8217;da toplanan YA\u015e&#8217;tayd\u0131. \u0130nternet and\u0131c\u0131 soru\u015fturmas\u0131 kapsam\u0131nda hakk\u0131nda yakalama karar\u0131 talep edilen Ege Ordu Komutan\u0131 Org. Nusret Ta\u015fdeler de toplant\u0131ya kat\u0131ld\u0131. Erdo\u011fan YA\u015e&#8217;\u0131n \u00f6\u011fleden sonraki b\u00f6l\u00fcm\u00fcne kat\u0131lmay\u0131p, Necdet \u00d6zel ile bir araya geldi.<\/p>\n<p style=\"text-align: justify;\">(CNN T\u00dcRK) &#8212; YA\u015e, Ba\u015fbakan Recep Tayyip Erdo\u011fan&#8217;\u0131n ba\u015fkanl\u0131\u011f\u0131nda Genelkurmay Ba\u015fkanl\u0131\u011f\u0131 Karargah\u0131&#8217;nda topland\u0131. <\/p>\n","protected":false},"author":1,"featured_media":0,"comment_status":"open","ping_status":"open","sticky":false,"template":"","format":"standard","meta":{"footnotes":""},"categories":[105],"tags":[],"class_list":["post-37592","post","type-post","status-publish","format-standard","hentry","category-gundem","odd"],"_links":{"self":[{"href":"http:\/\/www.korhanyilmaz.com\/index.php?rest_route=\/wp\/v2\/posts\/37592","targetHints":{"allow":["GET"]}}],"collection":[{"href":"http:\/\/www.korhanyilmaz.com\/index.php?rest_route=\/wp\/v2\/posts"}],"about":[{"href":"http:\/\/www.korhanyilmaz.com\/index.php?rest_route=\/wp\/v2\/types\/post"}],"author":[{"embeddable":true,"href":"http:\/\/www.korhanyilmaz.com\/index.php?rest_route=\/wp\/v2\/users\/1"}],"replies":[{"embeddable":true,"href":"http:\/\/www.korhanyilmaz.com\/index.php?rest_route=%2Fwp%2Fv2%2Fcomments&post=37592"}],"version-history":[{"count":0,"href":"http:\/\/www.korhanyilmaz.com\/index.php?rest_route=\/wp\/v2\/posts\/37592\/revisions"}],"wp:attachment":[{"href":"http:\/\/www.korhanyilmaz.com\/index.php?rest_route=%2Fwp%2Fv2%2Fmedia&parent=37592"}],"wp:term":[{"taxonomy":"category","embeddable":true,"href":"http:\/\/www.korhanyilmaz.com\/index.php?rest_route=%2Fwp%2Fv2%2Fcategories&post=37592"},{"taxonomy":"post_tag","embeddable":true,"href":"http:\/\/www.korhanyilmaz.com\/index.php?rest_route=%2Fwp%2Fv2%2Ftags&post=37592"}],"curies":[{"name":"wp","href":"https:\/\/api.w.org\/{rel}","templated":true}]}}