{"id":37586,"date":"2011-07-30T17:15:39","date_gmt":"2011-07-30T14:15:39","guid":{"rendered":"http:\/\/www.korhanyilmaz.com\/?p=37586"},"modified":"2011-07-30T21:37:41","modified_gmt":"2011-07-30T18:37:41","slug":"sakaryada-chp-yonetimi-istifa-etti","status":"publish","type":"post","link":"http:\/\/www.korhanyilmaz.com\/?p=37586","title":{"rendered":"Sakarya&#8217;da CHP y\u00f6netimi istifa etti"},"content":{"rendered":"<p style=\"text-align: justify;\"><a href=\"http:\/\/www.korhanyilmaz.com\/wp-content\/uploads\/2011\/07\/2160.jpg\"  class=\"lightview\"><img loading=\"lazy\" decoding=\"async\" class=\"aligncenter size-full wp-image-37588\" title=\"\" src=\"http:\/\/www.korhanyilmaz.com\/wp-content\/uploads\/2011\/07\/2160.jpg\" alt=\"\" width=\"292\" height=\"214\" \/><\/a><\/p>\n<p style=\"text-align: justify;\">12 Haziran&#8217;da yap\u0131lan se\u00e7imlerde 34 y\u0131l sonra milletvekili \u00e7\u0131kartan CHP Sakarya \u0130l Ba\u015fkan\u0131 Ya\u015far Erdem ile 9 y\u00f6neticisi i\u015flerinin yo\u011fun olmas\u0131 nedeniyle parti \u00e7al\u0131\u015fmalar\u0131na kat\u0131lamad\u0131klar\u0131 gerek\u00e7esiyle g\u00f6revlerinden istifa etti. <!--more--><\/p>\n<p style=\"text-align: justify;\">(DHA) &#8212; Se\u00e7imleri \u00f6ncesi CHP Genel Merkezi taraf\u0131ndan il ba\u015fkanl\u0131\u011f\u0131na atanan Ya\u015far Erdem y\u00f6netim kurulundaki 9 arkada\u015f\u0131yla birlikte istifa ettiklerini a\u00e7\u0131klad\u0131.<\/p>\n<p style=\"text-align: justify;\">Erdem y\u00f6netim kurulundaki \u00fcyelerin i\u015fleri nedeniyle \u00e7al\u0131\u015fmalara yeterince ilgi g\u00f6sterememelerinin istifaya neden oldu\u011funu belirterek \u015funlar\u0131 s\u00f6yledi: &#8220;Yorulan arkada\u015flar\u0131m\u0131z da vard\u0131, onun i\u00e7in b\u00f6yle bir karar ald\u0131k. Benimle birlikte y\u00f6netim kurulundan 10 ki\u015fi istifa etti, 3 ki\u015fi istifa etmedi. 2 ki\u015fi de toplant\u0131ya gelmedi. Y\u00f6netim d\u00fc\u015ft\u00fc, bundan sonra Ankara&#8217;dan il ba\u015fkan\u0131 atanacak ve o y\u00f6netim kurulunu belirleyecek. Kongreye kadar yeni y\u00f6netim devam edecek.&#8221;<\/p>\n<p style=\"text-align: justify;\">Erdem, 15 \u00fcyeden olu\u015fan y\u00f6netim kurulundan 10 \u00fcyenin istifa etmesi nedeniyle il y\u00f6netiminin d\u00fc\u015ft\u00fc\u011f\u00fcn\u00fc vurgularken, &#8220;Ramazan ay\u0131ndan itibaren yeni bir \u00e7al\u0131\u015fma d\u00f6nemine girecektik, benim de b\u0131rakma talebim oldu. &#8216;B\u0131rakal\u0131m, yeni y\u00f6neticiler gelsin&#8217; dedik, b\u00f6yle bir karar ald\u0131k.&#8221;<\/p>\n<p style=\"text-align: justify;\"><a href=\"http:\/\/www.cnnturk.com\/2011\/turkiye\/07\/30\/sakaryada.chp.yonetimi.istifa.etti\/624564.0\/index.html\" target=\"_blank\">Kaynak : CNN T\u00dcRK<\/a><\/p>\n","protected":false},"excerpt":{"rendered":"<p style=\"text-align: justify;\">\n<p style=\"text-align: justify;\">12 Haziran&#8217;da yap\u0131lan se\u00e7imlerde 34 y\u0131l sonra milletvekili \u00e7\u0131kartan CHP Sakarya \u0130l Ba\u015fkan\u0131 Ya\u015far Erdem ile 9 y\u00f6neticisi i\u015flerinin yo\u011fun olmas\u0131 nedeniyle parti \u00e7al\u0131\u015fmalar\u0131na kat\u0131lamad\u0131klar\u0131 gerek\u00e7esiyle g\u00f6revlerinden istifa etti. <\/p>\n","protected":false},"author":1,"featured_media":0,"comment_status":"open","ping_status":"open","sticky":false,"template":"","format":"standard","meta":{"footnotes":""},"categories":[105],"tags":[],"class_list":["post-37586","post","type-post","status-publish","format-standard","hentry","category-gundem","odd"],"_links":{"self":[{"href":"http:\/\/www.korhanyilmaz.com\/index.php?rest_route=\/wp\/v2\/posts\/37586","targetHints":{"allow":["GET"]}}],"collection":[{"href":"http:\/\/www.korhanyilmaz.com\/index.php?rest_route=\/wp\/v2\/posts"}],"about":[{"href":"http:\/\/www.korhanyilmaz.com\/index.php?rest_route=\/wp\/v2\/types\/post"}],"author":[{"embeddable":true,"href":"http:\/\/www.korhanyilmaz.com\/index.php?rest_route=\/wp\/v2\/users\/1"}],"replies":[{"embeddable":true,"href":"http:\/\/www.korhanyilmaz.com\/index.php?rest_route=%2Fwp%2Fv2%2Fcomments&post=37586"}],"version-history":[{"count":0,"href":"http:\/\/www.korhanyilmaz.com\/index.php?rest_route=\/wp\/v2\/posts\/37586\/revisions"}],"wp:attachment":[{"href":"http:\/\/www.korhanyilmaz.com\/index.php?rest_route=%2Fwp%2Fv2%2Fmedia&parent=37586"}],"wp:term":[{"taxonomy":"category","embeddable":true,"href":"http:\/\/www.korhanyilmaz.com\/index.php?rest_route=%2Fwp%2Fv2%2Fcategories&post=37586"},{"taxonomy":"post_tag","embeddable":true,"href":"http:\/\/www.korhanyilmaz.com\/index.php?rest_route=%2Fwp%2Fv2%2Ftags&post=37586"}],"curies":[{"name":"wp","href":"https:\/\/api.w.org\/{rel}","templated":true}]}}