{"id":37583,"date":"2011-07-30T21:22:19","date_gmt":"2011-07-30T18:22:19","guid":{"rendered":"http:\/\/www.korhanyilmaz.com\/?p=37583"},"modified":"2011-07-30T21:35:07","modified_gmt":"2011-07-30T18:35:07","slug":"ulusa-sesleniste-anayasa-vurgusu","status":"publish","type":"post","link":"http:\/\/www.korhanyilmaz.com\/?p=37583","title":{"rendered":"&#8220;Ulusa Sesleni\u015f&#8221;te Anayasa vurgusu"},"content":{"rendered":"<p style=\"text-align: justify;\"><a href=\"http:\/\/www.korhanyilmaz.com\/wp-content\/uploads\/2011\/07\/2159.jpg\"  class=\"lightview\"><img loading=\"lazy\" decoding=\"async\" class=\"aligncenter size-full wp-image-37584\" src=\"http:\/\/www.korhanyilmaz.com\/wp-content\/uploads\/2011\/07\/2159.jpg\" alt=\"\" width=\"307\" height=\"236\" \/><\/a><\/p>\n<p style=\"text-align: justify;\">Ba\u015fbakan Erdo\u011fan, T\u00fcrkiye&#8217;nin demokrasinin ask\u0131ya al\u0131nd\u0131\u011f\u0131 bir d\u00f6nemin ola\u011fan\u00fcst\u00fc \u015fartlar\u0131nda haz\u0131rlanan bir anayasa ile yoluna devam edemeyece\u011fini belirterek, &#8220;12 Haziran&#8217;da sand\u0131ktan \u00e7\u0131kan sonu\u00e7, yeni anayasan\u0131n m\u00fcmk\u00fcn olan en geni\u015f kat\u0131l\u0131mla haz\u0131rlanmas\u0131 gerekti\u011fini ortaya koymaktad\u0131r&#8221; dedi. <!--more--><\/p>\n<p style=\"text-align: justify;\">Erdo\u011fan, televizyonlardan yay\u0131nlanan &#8220;Ulusa Sesleni\u015f&#8221; konu\u015fmas\u0131nda 12 Haziran&#8217;da ger\u00e7ekle\u015fen genel se\u00e7imle birlikte, vatanda\u015flar\u0131n T\u00fcrkiye&#8217;nin gelecek d\u00f6rt y\u0131ll\u0131k s\u00fcre\u00e7te izleyece\u011fi rotay\u0131, istikameti de belirlemi\u015f oldu\u011funu ifade etti.<\/p>\n<p style=\"text-align: justify;\">Vatanda\u015flar\u0131n y\u00fczde 87 gibi \u00e7ok b\u00fcy\u00fck bir k\u0131sm\u0131n\u0131n sand\u0131k ba\u015f\u0131na giderek oylar\u0131n\u0131 kulland\u0131larlar\u0131n\u0131 ve demokratik kat\u0131l\u0131m\u0131n en g\u00fczel \u00f6rne\u011fini verdiklerini ifade eden Ba\u015fbakan Erdo\u011fan, b\u00fct\u00fcn vatanda\u015flara bundan dolay\u0131 \u015f\u00fckranlar\u0131n sunarak, \u015funlar\u0131 kaydetti:<\/p>\n<p style=\"text-align: justify;\">&#8220;Bir kez daha se\u00e7imin b\u00fct\u00fcn sonu\u00e7lar\u0131yla birlikte \u00fclkemize ve milletimize hay\u0131rl\u0131 olmas\u0131n\u0131 temenni ediyorum. 12 Haziran se\u00e7imleri, T\u00fcrkiye&#8217;de demokrasinin olgunla\u015ft\u0131\u011f\u0131n\u0131, ileri standartlara ula\u015ft\u0131\u011f\u0131n\u0131, her sorunun milletin hakemli\u011fiyle \u00e7\u00f6z\u00fcld\u00fc\u011f\u00fcn\u00fc net \u015fekilde ortaya koymu\u015ftur. Vatanda\u015flar\u0131m\u0131z\u0131n oylar\u0131yla belirledikleri istikamet, T\u00fcrkiye&#8217;nin her alanda ya\u015fad\u0131\u011f\u0131 b\u00fcy\u00fck de\u011fi\u015fimin devam etmesine y\u00f6neliktir.<\/p>\n<p style=\"text-align: justify;\">Milletimiz h\u0131zla b\u00fcy\u00fcyen, geli\u015fen, kalk\u0131nan, s\u0131k\u0131nt\u0131lar\u0131n\u0131n \u00fcst\u00fcne cesaretle giden, huzurlu, istikrarl\u0131, g\u00fc\u00e7l\u00fc bir T\u00fcrkiye y\u00f6n\u00fcnde iradelerini ortaya koymu\u015flard\u0131r. Son 9 y\u0131lda T\u00fcrkiye&#8217;nin her alanda ad\u0131m ad\u0131m ilerleyerek ula\u015ft\u0131\u011f\u0131 b\u00fcy\u00fck hedefler milletimizce takdir edilmi\u015f, daha ileri hedefler i\u00e7in g\u00fcvenoyu verilmi\u015ftir. Milletimizin b\u00fcy\u00fck tevecc\u00fch\u00fcne lay\u0131k olmak i\u00e7in her zaman oldu\u011fu gibi bundan sonra da b\u00fcy\u00fck bir a\u015fk ve heyecanla \u00fclkemize hizmet etmeye devam edece\u011fimizi ifade etmek isterim. \u015eundan emin olunuz ki T\u00fcrkiye \u00e7\u0131kt\u0131\u011f\u0131 bu medeniyet yolculu\u011fundan asla geri d\u00f6nmeyecek, 2023 hedeflerimize do\u011fru kararl\u0131l\u0131kla yol alacakt\u0131r.&#8221;<\/p>\n<p style=\"text-align: justify;\"><strong>&#8220;D\u0131\u015flay\u0131c\u0131 de\u011fil kapsay\u0131c\u0131&#8221;<\/strong><\/p>\n<p style=\"text-align: justify;\">Erdo\u011fan, T\u00fcrkiye olarak her alanda ba\u015flat\u0131lan de\u011fi\u015fim s\u00fcrecini yeni d\u00f6nemde devam ettirmek, daha ileri hedeflere ula\u015fmak i\u00e7in mesafe kat etmek durumunda olundu\u011funa i\u015faret ederek, konu\u015fmas\u0131n\u0131 \u015f\u00f6yle s\u00fcrd\u00fcrd\u00fc:<\/p>\n<p style=\"text-align: justify;\">&#8220;Bu do\u011frultuda en b\u00fcy\u00fck g\u00f6revimizin bug\u00fcn\u00fcn ihtiya\u00e7lar\u0131na cevap veren, eksikliklerinden ar\u0131nd\u0131r\u0131lm\u0131\u015f, demokratik ve \u00f6zg\u00fcrl\u00fck\u00e7\u00fc yeni bir anayasa haz\u0131rlamak oldu\u011funa inan\u0131yorum. Bu y\u00f6nde b\u00fcy\u00fck bir toplumsal beklenti oldu\u011funu da memnuniyetle m\u00fc\u015fahede ediyorum. Milletimizin de bizden bu y\u00f6nde \u00e7ok b\u00fcy\u00fck beklentileri var.<\/p>\n<p style=\"text-align: justify;\">T\u00fcrkiye, demokrasinin ask\u0131ya al\u0131nd\u0131\u011f\u0131 bir d\u00f6nemin ola\u011fan\u00fcst\u00fc \u015fartlar\u0131nda haz\u0131rlanan bir anayasa ile yoluna devam edemez. Siyasetten ekonomiye, adaletten \u00f6zg\u00fcrl\u00fcklere, sosyal devlet anlay\u0131\u015f\u0131ndan k\u00fclt\u00fcrel a\u00e7\u0131l\u0131mlara kadar hemen her alanda b\u00fcy\u00fck bir de\u011fi\u015fim ya\u015fad\u0131\u011f\u0131m\u0131z b\u00f6yle bir d\u00f6nemde en b\u00fcy\u00fck ihtiyac\u0131m\u0131z bu de\u011fi\u015fim ruhunu ta\u015f\u0131yan ve milletimizin iradesini yans\u0131tan sivil bir anayasa yap\u0131lmal\u0131d\u0131r.<\/p>\n<p style=\"text-align: justify;\">12 Haziran&#8217;da sand\u0131ktan \u00e7\u0131kan sonu\u00e7, yeni anayasan\u0131n m\u00fcmk\u00fcn olan en geni\u015f kat\u0131l\u0131mla haz\u0131rlanmas\u0131n\u0131, t\u00fcm toplumsal kesimlerin taleplerini yans\u0131tan bir uzla\u015fma metni olmas\u0131 gerekti\u011fini ortaya koymaktad\u0131r. Bunu \u00f6nemli bir f\u0131rsat olarak g\u00f6r\u00fcyor ve T\u00fcrkiye B\u00fcy\u00fck Millet Meclisimizin bu f\u0131rsat\u0131 \u00fclkemiz ve milletimiz lehine \u00e7ok de\u011ferli bir kazan\u0131ma d\u00f6n\u00fc\u015ft\u00fcrece\u011fine inan\u0131yoruz.<\/p>\n<p style=\"text-align: justify;\"><strong>&#8220;\u00d6zg\u00fcrle\u015ftirici bir anayasa&#8221;<\/strong><\/p>\n<p style=\"text-align: justify;\">Yeni anayasa hi\u00e7 \u015f\u00fcphe yok ki milletimizin de\u011fi\u015fim iradesi ve demokratik beklentileriyle uyumlu, T\u00fcrkiye&#8217;nin ve d\u00fcnyan\u0131n ger\u00e7eklerini yans\u0131tan ger\u00e7ek\u00e7i bir anayasa olacakt\u0131r. Bu anayasa, ge\u00e7mi\u015f d\u00f6nemlerin demokratik ay\u0131plar\u0131ndan ar\u0131nd\u0131r\u0131lm\u0131\u015f, d\u0131\u015flay\u0131c\u0131 de\u011fil kapsay\u0131c\u0131, \u00f6tekile\u015ftirici de\u011fil kucaklay\u0131c\u0131, ayr\u0131\u015ft\u0131r\u0131c\u0131 de\u011fil b\u00fct\u00fcnle\u015ftirici, bask\u0131c\u0131 de\u011fil \u00f6zg\u00fcrle\u015ftirici bir anayasa olacakt\u0131r.<\/p>\n<p style=\"text-align: justify;\">Bireyi ve onun haklar\u0131n\u0131 esas alan, milli birli\u011fimizi ve ortak de\u011ferlerimizi koruyan, toplumsal \u00e7e\u015fitlili\u011fi zenginlik kabul eden, tek seslili\u011fi de\u011fil, \u00e7o\u011fulculu\u011fu \u00f6ne \u00e7\u0131karan bir anayasa olacakt\u0131r. Bu \u00e7er\u00e7evede siyaset\u00e7ilerimizden ayd\u0131nlar\u0131m\u0131za, hukuk\u00e7ular\u0131m\u0131zdan sosyal bilimcilerimize, medyam\u0131zdan sivil toplum \u00f6rg\u00fctlerimize kadar her insan\u0131m\u0131z \u00fczerine d\u00fc\u015fen sorumlulukla yeni anayasa haz\u0131rl\u0131klar\u0131na katk\u0131 sa\u011flamal\u0131d\u0131r.&#8221;<\/p>\n<p style=\"text-align: justify;\"><strong>&#8220;Ter\u00f6rden medet umanlar&#8221;<\/strong><\/p>\n<p style=\"text-align: justify;\">Erdo\u011fan, T\u00fcrkiye&#8217;nin gelece\u011fe d\u00f6n\u00fck en olmazsa olmaz hedefinin ileri demokrasi ve hukukun \u00fcst\u00fcnl\u00fc\u011f\u00fcn\u00fc hayata ge\u00e7irmek, demokrasiyi en ileri seviyede ya\u015famak ve ya\u015fatmak oldu\u011funu yeni anayasas\u0131yla da a\u00e7\u0131k\u00e7a g\u00f6stermesi gerekti\u011fini belirterek, &#8220;\u0130nan\u0131yorum ki bu s\u00fcre\u00e7ten en hay\u0131rl\u0131 sonucu alacak, T\u00fcrkiye&#8217;ye yak\u0131\u015fan anayasay\u0131 hayata ge\u00e7irece\u011fiz&#8221; diye konu\u015ftu.<\/p>\n<p style=\"text-align: justify;\">Erdo\u011fan, T\u00fcrkiye&#8217;nin b\u00fcy\u00fcmesini, geli\u015fmesini, b\u00f6lgesinde g\u00fc\u00e7l\u00fc bir \u00fclke olmas\u0131n\u0131 \u00e7ekemeyen g\u00fc\u00e7lerin, bunu engellemek i\u00e7in devreye girdiklerini veya ta\u015feronlar\u0131n\u0131 devreye soktuklar\u0131n\u0131 belirterek, &#8220;Ter\u00f6rden medet umanlar, kandan ve kinden beslenenler, karde\u015fli\u011fi hedef alanlar hi\u00e7bir \u015fekilde sonu\u00e7 alamayacaklar\u0131n\u0131 bilmelidir&#8221; dedi.<\/p>\n<p style=\"text-align: justify;\"><a href=\"http:\/\/www.cnnturk.com\/2011\/turkiye\/07\/30\/ulusa.sesleniste.anayasa.vurgusu\/624578.0\/index.html\" target=\"_blank\">Kaynak : CNN T\u00dcRK<\/a><\/p>\n","protected":false},"excerpt":{"rendered":"<p style=\"text-align: justify;\">\n<p style=\"text-align: justify;\">Ba\u015fbakan Erdo\u011fan, T\u00fcrkiye&#8217;nin demokrasinin ask\u0131ya al\u0131nd\u0131\u011f\u0131 bir d\u00f6nemin ola\u011fan\u00fcst\u00fc \u015fartlar\u0131nda haz\u0131rlanan bir anayasa ile yoluna devam edemeyece\u011fini belirterek, &#8220;12 Haziran&#8217;da sand\u0131ktan \u00e7\u0131kan sonu\u00e7, yeni anayasan\u0131n m\u00fcmk\u00fcn olan en geni\u015f kat\u0131l\u0131mla haz\u0131rlanmas\u0131 gerekti\u011fini ortaya koymaktad\u0131r&#8221; dedi. <\/p>\n","protected":false},"author":1,"featured_media":0,"comment_status":"open","ping_status":"open","sticky":false,"template":"","format":"standard","meta":{"footnotes":""},"categories":[105],"tags":[],"class_list":["post-37583","post","type-post","status-publish","format-standard","hentry","category-gundem","odd"],"_links":{"self":[{"href":"http:\/\/www.korhanyilmaz.com\/index.php?rest_route=\/wp\/v2\/posts\/37583","targetHints":{"allow":["GET"]}}],"collection":[{"href":"http:\/\/www.korhanyilmaz.com\/index.php?rest_route=\/wp\/v2\/posts"}],"about":[{"href":"http:\/\/www.korhanyilmaz.com\/index.php?rest_route=\/wp\/v2\/types\/post"}],"author":[{"embeddable":true,"href":"http:\/\/www.korhanyilmaz.com\/index.php?rest_route=\/wp\/v2\/users\/1"}],"replies":[{"embeddable":true,"href":"http:\/\/www.korhanyilmaz.com\/index.php?rest_route=%2Fwp%2Fv2%2Fcomments&post=37583"}],"version-history":[{"count":0,"href":"http:\/\/www.korhanyilmaz.com\/index.php?rest_route=\/wp\/v2\/posts\/37583\/revisions"}],"wp:attachment":[{"href":"http:\/\/www.korhanyilmaz.com\/index.php?rest_route=%2Fwp%2Fv2%2Fmedia&parent=37583"}],"wp:term":[{"taxonomy":"category","embeddable":true,"href":"http:\/\/www.korhanyilmaz.com\/index.php?rest_route=%2Fwp%2Fv2%2Fcategories&post=37583"},{"taxonomy":"post_tag","embeddable":true,"href":"http:\/\/www.korhanyilmaz.com\/index.php?rest_route=%2Fwp%2Fv2%2Ftags&post=37583"}],"curies":[{"name":"wp","href":"https:\/\/api.w.org\/{rel}","templated":true}]}}