{"id":37577,"date":"2009-11-02T17:06:41","date_gmt":"2009-11-02T15:06:41","guid":{"rendered":"http:\/\/www.korhanyilmaz.com\/?p=37577"},"modified":"2011-07-30T21:04:16","modified_gmt":"2011-07-30T18:04:16","slug":"basbakan-hakkinda-suc-duyurusu","status":"publish","type":"post","link":"http:\/\/www.korhanyilmaz.com\/?p=37577","title":{"rendered":"Ba\u015fbakan hakk\u0131nda su\u00e7 duyurusu"},"content":{"rendered":"<p style=\"text-align: justify;\"><a href=\"http:\/\/www.korhanyilmaz.com\/wp-content\/uploads\/2011\/07\/2158.jpg\"  class=\"lightview\"><img loading=\"lazy\" decoding=\"async\" class=\"aligncenter size-full wp-image-37578\" title=\"\" src=\"http:\/\/www.korhanyilmaz.com\/wp-content\/uploads\/2011\/07\/2158.jpg\" alt=\"\" width=\"300\" height=\"239\" \/><\/a><\/p>\n<p style=\"text-align: justify;\">\u0130\u015f\u00e7i Partisi, Ba\u015fbakan Erdo\u011fan hakk\u0131nda Ankara Cumhuriyet Ba\u015fsavc\u0131l\u0131\u011f\u0131&#8217;na i\u015fadam\u0131 Remzi G\u00fcr, \u0130stanbul B\u00fcy\u00fck\u015fehir Belediye Ba\u015fkan\u0131 Kadir Topba\u015f ve KKTC Cumhurba\u015fkan\u0131 Mehmet Ali Talat ile yapt\u0131\u011f\u0131 ve internet sitelerine d\u00fc\u015fen telefon konu\u015fmalar\u0131 dolay\u0131s\u0131yla kamu davas\u0131 a\u00e7\u0131lmas\u0131 i\u00e7in su\u00e7 duyurusunda bulundu.<\/p>\n<p style=\"text-align: justify;\">Ankara- \u0130\u015f\u00e7i Partisi Genel Ba\u015fkan Yard\u0131mc\u0131s\u0131 Avukat Mehmet Cengiz, Ankara Cumhuriyet Ba\u015fsavc\u0131l\u0131\u011f\u0131&#8217;na Ba\u015fbakan Recep Tayyip Erdo\u011fan hakk\u0131nda, i\u015fadam\u0131 Remzi G\u00fcr, \u0130stanbul B\u00fcy\u00fck\u015fehir Belediye Ba\u015fkan\u0131 Kadir Topba\u015f ve KKTC Cumhurba\u015fkan\u0131 Mehmet Ali Talat ile yapt\u0131\u011f\u0131 ve internet sitelerine d\u00fc\u015fen telefon konu\u015fmalar\u0131 dolay\u0131s\u0131yla kamu davas\u0131 a\u00e7\u0131lmas\u0131 i\u00e7in su\u00e7 duyurusunda bulundu. <!--more--><\/p>\n<p style=\"text-align: justify;\">Ba\u015fbakan Recep Tayyip Erdo\u011fan&#8217;\u0131n a\u00e7\u0131klanan telefon g\u00f6r\u00fc\u015fmelerinde, i\u015flenmi\u015f su\u00e7lar\u0131n kan\u0131tlar\u0131 bulundu\u011funu \u00f6ne s\u00fcren Cengiz, Remzi G\u00fcr ve Kadir Topba\u015f hakk\u0131nda da soru\u015fturma a\u00e7\u0131l\u0131p cezaland\u0131r\u0131lmalar\u0131 istemiyle su\u00e7 duyurusunda bulundu.<\/p>\n<p style=\"text-align: justify;\">Ba\u015fbakan Erdo\u011fan&#8217;\u0131n saptanan telefon g\u00f6r\u00fc\u015fmelerinin ses kay\u0131tlar\u0131n\u0131n haftalard\u0131r yay\u0131nland\u0131\u011f\u0131n\u0131, her g\u00f6r\u00fc\u015fmenin bir ba\u015fka su\u00e7un kan\u0131t\u0131 oldu\u011funu iddia eden Cengiz, \u015f\u00f6yle dedi:<\/p>\n<p style=\"text-align: justify;\">&#8220;M. Ali Talat&#8217;la yapt\u0131\u011f\u0131 telefon g\u00f6r\u00fc\u015fmesinde KKTC&#8217;nin varl\u0131\u011f\u0131na son vermek i\u00e7in giri\u015fimde bulunduklar\u0131 ve d\u00f6nemin KKTC Cumhurba\u015fkan\u0131 Rauf Denkta\u015f&#8217;\u0131n &#8216;bitirilmesi&#8217; i\u00e7in planlar yap\u0131ld\u0131\u011f\u0131 a\u00e7\u0131k\u00e7a anla\u015f\u0131lmaktad\u0131r. Bu telefon g\u00f6r\u00fc\u015fmelerinin yap\u0131ld\u0131\u011f\u0131 d\u00f6nemde, h\u00fck\u00fcmet olarak Annan Plan\u0131&#8217;n\u0131n ya\u015fama ge\u00e7irilmesi i\u00e7in nas\u0131l \u00e7aba g\u00f6sterildi\u011fi, D\u0131\u015fi\u015fleri Bakan\u0131 olan Abdullah G\u00fcl&#8217;\u00fcn ABD D\u0131\u015fi\u015fleri Bakan Yard\u0131mc\u0131s\u0131 Powell ile yapt\u0131\u011f\u0131 2 sayfa 9 maddelik gizli anla\u015fmayla bu konuda taahh\u00fctte bulundu\u011fu ve Rauf Denkta\u015f&#8217;la ilgili olarak &#8216;Arafat modelinin uygulanmas\u0131&#8217;n\u0131n \u00f6ng\u00f6r\u00fcld\u00fc\u011f\u00fc bilinmektedir. TCK&#8217;n\u0131n tan\u0131mlamas\u0131yla &#8216;devletin g\u00fcvenli\u011fi veya i\u00e7 ve d\u0131\u015f yararlar\u0131&#8217; ile ba\u011fda\u015fmayan ve telefon g\u00f6r\u00fc\u015fmelerinde itiraf edilen bu eylem su\u00e7tur.&#8221;<\/p>\n<p style=\"text-align: justify;\"><strong>Remzi G\u00fcr ile g\u00f6r\u00fc\u015fme<\/strong><\/p>\n<p style=\"text-align: justify;\">Ba\u015fbakan Erdo\u011fan&#8217;\u0131n \u00e7ocuklar\u0131n\u0131n yurtd\u0131\u015f\u0131ndaki \u00f6\u011frenim masraflar\u0131n\u0131 kar\u015f\u0131lad\u0131\u011f\u0131 belirtilen Remzi G\u00fcr ile yapt\u0131\u011f\u0131 telefon g\u00f6r\u00fc\u015fmesinde &#8220;20-25 gibi gitmesi laz\u0131m&#8221; diyerek 20-25 bin lira ya da 20-25 bin dolar gibi bir paran\u0131n \u00f6denmesi talimat\u0131n\u0131 verdi\u011fini iddia eden Mehmet Cengiz \u015funlar\u0131 s\u00f6yledi:<\/p>\n<p style=\"text-align: justify;\">&#8220;Erdo\u011fan&#8217;\u0131n bu s\u00f6zleri, hakk\u0131nda &#8216;haks\u0131z kazan\u00e7 elde etti\u011fi ve usuls\u00fcz mal beyan\u0131nda bulundu\u011fu&#8217; iddias\u0131yla a\u00e7\u0131lm\u0131\u015f, ancak milletvekili se\u00e7ilmesi nedeniyle durdurulmu\u015f olan dava; Remzi G\u00fcr&#8217;\u00fcn, CHP milletvekili Mehmet Y\u0131ld\u0131r\u0131m&#8217;a Abdullah G\u00fcl lehine oy kullanmas\u0131 i\u00e7in &#8216;r\u00fc\u015fvet vermeye te\u015febb\u00fcs&#8217; etti\u011fi i\u00e7in mahk\u00fbm edilmi\u015f olmas\u0131yla birlikte de\u011ferlendirildi\u011finde Remzi G\u00fcr&#8217;\u00fcn Tayyip Erdo\u011fan&#8217;\u0131n &#8216;gizli kasas\u0131&#8217; oldu\u011fu anla\u015f\u0131lmaktad\u0131r. &#8220;<\/p>\n<p style=\"text-align: justify;\">Ba\u015fbakan Erdo\u011fan&#8217;\u0131n g\u00f6revinin sa\u011flad\u0131\u011f\u0131 n\u00fcfuzu k\u00f6t\u00fcye kullanmak suretiyle yarar sa\u011flad\u0131\u011f\u0131 ve &#8220;irtikap&#8221; su\u00e7unu i\u015fledi\u011fi, bu &#8220;su\u00e7tan kaynaklanan mal varl\u0131\u011f\u0131 de\u011ferlerini Remzi G\u00fcr vas\u0131tas\u0131yla yurt d\u0131\u015f\u0131na \u00e7\u0131kard\u0131\u011f\u0131n\u0131&#8221; \u00f6ne s\u00fcren Cengiz, \u015f\u00f6yle devam etti:<\/p>\n<p style=\"text-align: justify;\">&#8220;Keza Erdo\u011fan&#8217;\u0131n \u0130stanbul B\u00fcy\u00fck\u015fehir Belediye Ba\u015fkan\u0131 Kadir Topba\u015f ile yapt\u0131\u011f\u0131 telefon g\u00f6r\u015f\u00fcmesinden, bug\u00fcn Do\u011fan medya grubu \u00fczerinde 4 milyar dolar vergi cezas\u0131 kesilmesine kadar uzanan siyasi bask\u0131n\u0131n uzun zaman \u00f6ncesinden beri planlanmakta oldu\u011fu anla\u015f\u0131lmaktad\u0131r. Bu g\u00f6r\u00fc\u015fmede, Tayyip Erdo\u011fan&#8217;\u0131n \u0130stanbul B\u00fcy\u00fck\u015fehir Belediye Ba\u015fkan\u0131 oldu\u011fu d\u00f6nemde Do\u011fan grubunun kendisine verece\u011fi &#8216;medya deste\u011fi&#8217; kar\u015f\u0131l\u0131\u011f\u0131nda baz\u0131 \u00f6zel uygulamalar yapt\u0131\u011f\u0131 ve &#8216;g\u00f6revi k\u00f6t\u00fcye kulland\u0131\u011f\u0131&#8217; da itiraf edilmektedir. Bu g\u00f6r\u00fc\u015fmeler haftalard\u0131r yay\u0131mland\u0131\u011f\u0131 ve ger\u00e7ekli\u011fi kabul edildi\u011fi halde bug\u00fcne de\u011fin bir soru\u015fturma a\u00e7\u0131lmam\u0131\u015ft\u0131r. Oysa ses kay\u0131tlar\u0131yla saptanan g\u00f6r\u00fc\u015fmelerde ikrar olunan bu eylemler resen soru\u015fturulmas\u0131 gereken su\u00e7lard\u0131r.&#8221;<\/p>\n<p style=\"text-align: justify;\">Cengiz, g\u00f6r\u00fc\u015fmeyi yay\u0131nlayan Ayd\u0131nl\u0131k dergisi ve Ulusal Kanal&#8217;a ayn\u0131 g\u00fcn operasyon yap\u0131ld\u0131\u011f\u0131n\u0131. Konunun Ba\u015fbakan Recep Tayyip Erdo\u011fan&#8217;\u0131n ki\u015fisel yarar\u0131 olunca, ileti\u015fim kay\u0131tlar\u0131n\u0131n tespiti eyleminin soru\u015fturulmas\u0131n\u0131n takibinin \u015fikayete ba\u011fl\u0131 oldu\u011fu g\u00f6zetilmeden, &#8220;durumdan g\u00f6rev \u00e7\u0131karan&#8221; Be\u015fikta\u015f&#8217;taki \u00f6zel savc\u0131l\u0131k bu operasyonu ger\u00e7ekle\u015ftirdi\u011fi halde, telefon g\u00f6r\u00fc\u015fmeleri hakk\u0131nda bir soru\u015fturma ba\u015flat\u0131lmad\u0131\u011f\u0131n\u0131 kaydetti. Cengiz, &#8220;Yeterince bekledi\u011fimiz inanc\u0131yla ba\u015fvuruda bulunuyor ve yetkili Cumhuriyet Savc\u0131l\u0131\u011f\u0131&#8217;n\u0131 g\u00f6reve \u00e7a\u011f\u0131r\u0131yoruz&#8221; dedi ve \u0130\u015f\u00e7i Partisi ad\u0131na, \u015fik\u00e2yet edilenlerin belirtilen eylemlerinin soru\u015fturularak cezaland\u0131r\u0131lmalar\u0131 i\u00e7in kamu davas\u0131 a\u00e7\u0131lmas\u0131n\u0131 talep etti\u011fini bildirdi.<\/p>\n<p style=\"text-align: justify;\"><strong>Ad\u0131 ge\u00e7en konu\u015fmalar\u0131n \u00e7\u00f6z\u00fcm\u00fc da\u011f\u0131t\u0131ld\u0131<\/strong><\/p>\n<p style=\"text-align: justify;\">Bu arada \u0130\u015f\u00e7i Partisi, Ba\u015fbakan Recep Tayyip Erdo\u011fan&#8217;\u0131n i\u015fadam\u0131 Remzi G\u00fcr, \u0130stanbul B\u00fcy\u00fck\u015fehir Belediye Ba\u015fkan\u0131 Kadir Topba\u015f ve KKTC Cumhurba\u015fkan\u0131 Mehmet Ali Talat ile yapt\u0131\u011f\u0131 iddia edilen telefon g\u00f6r\u00fc\u015fmelerinin d\u00f6k\u00fcmlerini de bas\u0131n kurulu\u015flar\u0131na da\u011f\u0131tt\u0131.<\/p>\n<p style=\"text-align: justify;\"><a href=\"http:\/\/www.cumhuriyet.com.tr\/?im=yhs&amp;hn=91588\" target=\"_blank\">Kaynak : Cumhuriyet Haber Portal\u0131<\/a><\/p>\n<hr style=\"width: 500px;\" width=\"500\" \/>\n<p><center><\/p>\n<div style=\"background: transparent; width: 540px; height: 334px;\"><object width=\"540\" height=\"334\" classid=\"clsid:d27cdb6e-ae6d-11cf-96b8-444553540000\" codebase=\"http:\/\/download.macromedia.com\/pub\/shockwave\/cabs\/flash\/swflash.cab#version=6,0,40,0\"><param name=\"flashvars\" value=\"playerVars=showStats=no|autoPlay=no|\" \/><param name=\"src\" value=\"http:\/\/www.metacafe.com\/fplayer\/3633479\/ba_bakan_tayyip_erdo_andan_gizli_kasas_remzi_g_re_s_meyyeye_20_25_gibi_gitmesi_l_z_m.swf\" \/><param name=\"wmode\" value=\"transparent\" \/><param name=\"allowfullscreen\" value=\"true\" \/><param name=\"allowscriptaccess\" value=\"always\" \/><param name=\"pluginspage\" value=\"http:\/\/www.macromedia.com\/go\/getflashplayer\" \/><embed width=\"540\" height=\"334\" type=\"application\/x-shockwave-flash\" src=\"http:\/\/www.metacafe.com\/fplayer\/3633479\/ba_bakan_tayyip_erdo_andan_gizli_kasas_remzi_g_re_s_meyyeye_20_25_gibi_gitmesi_l_z_m.swf\" flashvars=\"playerVars=showStats=no|autoPlay=no|\" wmode=\"transparent\" allowfullscreen=\"true\" allowscriptaccess=\"always\" pluginspage=\"http:\/\/www.macromedia.com\/go\/getflashplayer\" \/><\/object><\/div>\n<p>&nbsp;<\/p>\n<p><\/center><center><\/p>\n<div style=\"background: transparent; width: 540px; height: 334px;\"><object width=\"540\" height=\"334\" classid=\"clsid:d27cdb6e-ae6d-11cf-96b8-444553540000\" codebase=\"http:\/\/download.macromedia.com\/pub\/shockwave\/cabs\/flash\/swflash.cab#version=6,0,40,0\"><param name=\"flashvars\" value=\"playerVars=showStats=no|autoPlay=no|\" \/><param name=\"src\" value=\"http:\/\/www.metacafe.com\/fplayer\/3587592\/erdo_an_ve_talat_n_telefon_g_r_mesi_ses_kaydi.swf\" \/><param name=\"wmode\" value=\"transparent\" \/><param name=\"allowfullscreen\" value=\"true\" \/><param name=\"allowscriptaccess\" value=\"always\" \/><param name=\"pluginspage\" value=\"http:\/\/www.macromedia.com\/go\/getflashplayer\" \/><embed width=\"540\" height=\"334\" type=\"application\/x-shockwave-flash\" src=\"http:\/\/www.metacafe.com\/fplayer\/3587592\/erdo_an_ve_talat_n_telefon_g_r_mesi_ses_kaydi.swf\" flashvars=\"playerVars=showStats=no|autoPlay=no|\" wmode=\"transparent\" allowfullscreen=\"true\" allowscriptaccess=\"always\" pluginspage=\"http:\/\/www.macromedia.com\/go\/getflashplayer\" \/><\/object><\/div>\n<p>&nbsp;<\/p>\n<p><\/center>Video Kaynaklar\u0131 : <a href=\"http:\/\/www.metacafe.com\/watch\/3633479\/ba_bakan_tayyip_erdo_andan_gizli_kasas_remzi_g_re_s_meyyeye_20_25_gibi_gitmesi_l_z_m\/\" target=\"_blank\">http:\/\/www.metacafe.com\/watch\/3633479\/ba_bakan_tayyip_erdo_andan_gizli_kasas_remzi_g_re_s_meyyeye_20_25_gibi_gitmesi_l_z_m\/<\/a><\/p>\n<p>Video Kayna\u011f\u0131 2 : <a href=\"http:\/\/www.metacafe.com\/watch\/3587592\/erdo_an_ve_talat_n_telefon_g_r_mesi_ses_kaydi\/\" target=\"_blank\">http:\/\/www.metacafe.com\/watch\/3587592\/erdo_an_ve_talat_n_telefon_g_r_mesi_ses_kaydi\/<\/a><\/p>\n","protected":false},"excerpt":{"rendered":"<p style=\"text-align: justify;\">\n<p style=\"text-align: justify;\">\u0130\u015f\u00e7i Partisi, Ba\u015fbakan Erdo\u011fan hakk\u0131nda Ankara Cumhuriyet Ba\u015fsavc\u0131l\u0131\u011f\u0131&#8217;na i\u015fadam\u0131 Remzi G\u00fcr, \u0130stanbul B\u00fcy\u00fck\u015fehir Belediye Ba\u015fkan\u0131 Kadir Topba\u015f ve KKTC Cumhurba\u015fkan\u0131 Mehmet Ali Talat ile yapt\u0131\u011f\u0131 ve internet sitelerine d\u00fc\u015fen telefon konu\u015fmalar\u0131 dolay\u0131s\u0131yla kamu davas\u0131 a\u00e7\u0131lmas\u0131 i\u00e7in su\u00e7 duyurusunda bulundu.<\/p>\n<p style=\"text-align: justify;\">Ankara- \u0130\u015f\u00e7i Partisi Genel Ba\u015fkan Yard\u0131mc\u0131s\u0131 Avukat Mehmet Cengiz, <\/p>\n","protected":false},"author":1,"featured_media":0,"comment_status":"open","ping_status":"open","sticky":false,"template":"","format":"standard","meta":{"footnotes":""},"categories":[105],"tags":[278],"class_list":["post-37577","post","type-post","status-publish","format-standard","hentry","category-gundem","tag-remzi-gur","odd"],"_links":{"self":[{"href":"http:\/\/www.korhanyilmaz.com\/index.php?rest_route=\/wp\/v2\/posts\/37577","targetHints":{"allow":["GET"]}}],"collection":[{"href":"http:\/\/www.korhanyilmaz.com\/index.php?rest_route=\/wp\/v2\/posts"}],"about":[{"href":"http:\/\/www.korhanyilmaz.com\/index.php?rest_route=\/wp\/v2\/types\/post"}],"author":[{"embeddable":true,"href":"http:\/\/www.korhanyilmaz.com\/index.php?rest_route=\/wp\/v2\/users\/1"}],"replies":[{"embeddable":true,"href":"http:\/\/www.korhanyilmaz.com\/index.php?rest_route=%2Fwp%2Fv2%2Fcomments&post=37577"}],"version-history":[{"count":0,"href":"http:\/\/www.korhanyilmaz.com\/index.php?rest_route=\/wp\/v2\/posts\/37577\/revisions"}],"wp:attachment":[{"href":"http:\/\/www.korhanyilmaz.com\/index.php?rest_route=%2Fwp%2Fv2%2Fmedia&parent=37577"}],"wp:term":[{"taxonomy":"category","embeddable":true,"href":"http:\/\/www.korhanyilmaz.com\/index.php?rest_route=%2Fwp%2Fv2%2Fcategories&post=37577"},{"taxonomy":"post_tag","embeddable":true,"href":"http:\/\/www.korhanyilmaz.com\/index.php?rest_route=%2Fwp%2Fv2%2Ftags&post=37577"}],"curies":[{"name":"wp","href":"https:\/\/api.w.org\/{rel}","templated":true}]}}