{"id":37572,"date":"2011-02-18T14:06:20","date_gmt":"2011-02-18T12:06:20","guid":{"rendered":"http:\/\/www.korhanyilmaz.com\/?p=37572"},"modified":"2011-07-30T20:34:58","modified_gmt":"2011-07-30T17:34:58","slug":"halis-aga-aslanli-koske-veda-etti","status":"publish","type":"post","link":"http:\/\/www.korhanyilmaz.com\/?p=37572","title":{"rendered":"Halis A\u011fa, Aslanl\u0131 K\u00f6\u015fk&#8217;e veda etti"},"content":{"rendered":"<p style=\"text-align: center;\"><a href=\"http:\/\/www.korhanyilmaz.com\/wp-content\/uploads\/2011\/07\/2157.jpg\"  class=\"lightview\"><img loading=\"lazy\" decoding=\"async\" class=\"aligncenter size-full wp-image-37573\" src=\"http:\/\/www.korhanyilmaz.com\/wp-content\/uploads\/2011\/07\/2157.jpg\" alt=\"\" width=\"400\" height=\"281\" \/><\/a><\/p>\n<p style=\"text-align: justify;\">Toprak, Remzi G\u00fcr&#8217;\u00fcn 23.8 milyon liraya ald\u0131\u011f\u0131 Sar\u0131yer&#8217;deki k\u00f6\u015fk\u00fc tahliye etti.<\/p>\n<p style=\"text-align: justify;\">\u0130STANBUL &#8211; \u0130\u015f adam\u0131 Halis Toprak, Tasarruf Mevduat\u0131 Sigorta Fonunun (TMSF) sat\u0131\u015fa \u00e7\u0131kard\u0131\u011f\u0131 ihalede i\u015f adam\u0131 Remzi G\u00fcr&#8217;\u00fcn 23 milyon 800 bin lira bedelle ald\u0131\u011f\u0131 Sar\u0131yer&#8217;deki Aslanl\u0131 K\u00f6\u015fk&#8217;\u00fc tahliye etti.<\/p>\n<p style=\"text-align: justify;\">21 y\u0131ld\u0131r oturdu\u011fu Aslanl\u0131 K\u00f6\u015fk&#8217;\u00fc bo\u015faltmas\u0131 i\u00e7in TMSF&#8217;nin Halis Toprak&#8217;a verdi\u011fi 15 g\u00fcnl\u00fck s\u00fcre d\u00fcn dolarken, bu sabah Toprak&#8217;\u0131n e\u015fyas\u0131n\u0131n k\u00f6\u015fk\u00fcn bah\u00e7esindeki 2 nakliye kamyonuna ta\u015f\u0131nmas\u0131 s\u0131ras\u0131nda TMSF&#8217;nin avukatlar\u0131 da k\u00f6\u015fke geldi. <!--more--><\/p>\n<p style=\"text-align: justify;\"><strong>K\u00f6\u015fk\u00fcn bo\u015f salonunda bas\u0131n a\u00e7\u0131klamas\u0131 yapt\u0131<\/strong><\/p>\n<p style=\"text-align: justify;\">Halis toprak, tahliye i\u015flemini izlemek \u00fczere k\u00f6\u015fk \u00f6n\u00fcnde bekleyen bas\u0131n mensuplar\u0131na k\u00f6\u015fk\u00fcn bo\u015f salonunda bir sandalyede oturarak a\u00e7\u0131klamalarda bulundu.<\/p>\n<p style=\"text-align: justify;\">Aslanl\u0131 K\u00f6\u015fk&#8217;\u00fcn 50&#8217;de bir fiyat\u0131na sat\u0131ld\u0131\u011f\u0131n\u0131 ileri s\u00fcren Toprak, &#8220;Sat\u0131\u015f\u0131n\u0131 kimseye s\u00f6ylemediler. Sat\u0131\u015f metrekaresi 1.300 dolar olarak ger\u00e7ekle\u015fti. Hemen buradaki belediyenin arsas\u0131nda ise metrekare fiyat 18 bin dolar oldu. Buras\u0131 otel, al\u0131\u015fveri\u015f merkezi de olabilir. 3-5 milyar dolarl\u0131k bir yer&#8221; \u015feklinde konu\u015ftu.<\/p>\n<p style=\"text-align: justify;\"><strong>180 milyon dolar nereye gitti?<\/strong><\/p>\n<p style=\"text-align: justify;\">Ba\u015fbakan Recep Tayyip Erdo\u011fan&#8217;a \u00e7a\u011fr\u0131da bulunmak istedi\u011fini ifade eden Toprak, &#8220;\u015eunu rica ediyorum, m\u00fcfetti\u015f g\u00f6nderin. 180 milyon dolar nereye gitti? Ahmet Ert\u00fcrk, \u015eakir Ercan G\u00fcl&#8217;\u00fcn i\u015fine son verin ki m\u00fcfetti\u015fler i\u015fini tam yaps\u0131n. Dan\u0131\u015ftay\u0131n verdi\u011fi karar\u0131n ard\u0131ndan 380 milyon TL alaca\u011f\u0131m\u0131z var&#8221; dedi.<\/p>\n<p style=\"text-align: justify;\"><strong>O\u011flunun evinde kalacak<\/strong><\/p>\n<p style=\"text-align: justify;\">&#8220;Oturdu\u011funuz bu k\u00f6\u015fkten ayr\u0131l\u0131rken ne hissediyorsunuz?&#8221; sorusuna, &#8220;Bu bir facia. Halis Toprak bu kadar fabrika, sosyal tesis yapt\u0131&#8221; yan\u0131t\u0131n\u0131 veren Toprak, bir ba\u015fka soru \u00fczerine de, &#8220;\u015eimdilik yerim yok. E\u015fya i\u00e7in bir depo tuttuk. 2-3 g\u00fcn bu yak\u0131nlarda bulunan o\u011flumun evinde kalaca\u011f\u0131m. 17 tane evim vard\u0131. TMSF y\u00fcz\u00fcnden 17&#8217;si de gitti. 10 milyonluk mal\u0131 100 liraya sat\u0131yor. Allah&#8217;\u0131n kudretine, yarg\u0131n\u0131n g\u00fcc\u00fcne inan\u0131yorum. Dan\u0131\u015ftay, iptal etmeye ba\u015flad\u0131. \u0130n\u015fallah hem mallar\u0131 hem hakk\u0131m\u0131z\u0131 geri alaca\u011f\u0131z&#8221; diye konu\u015ftu.<\/p>\n<p style=\"text-align: justify;\"><a href=\"http:\/\/www.dunya.com\/haber.asp?id=114706\" target=\"_blank\">Kaynak : D\u00fcnya Gazetesi<\/a><\/p>\n","protected":false},"excerpt":{"rendered":"<p style=\"text-align: center;\">\n<p style=\"text-align: justify;\">Toprak, Remzi G\u00fcr&#8217;\u00fcn 23.8 milyon liraya ald\u0131\u011f\u0131 Sar\u0131yer&#8217;deki k\u00f6\u015fk\u00fc tahliye etti.<\/p>\n<p style=\"text-align: justify;\">\u0130STANBUL &#8211; \u0130\u015f adam\u0131 Halis Toprak, Tasarruf Mevduat\u0131 Sigorta Fonunun (TMSF) sat\u0131\u015fa \u00e7\u0131kard\u0131\u011f\u0131 ihalede i\u015f adam\u0131 Remzi G\u00fcr&#8217;\u00fcn 23 milyon 800 bin lira bedelle ald\u0131\u011f\u0131 Sar\u0131yer&#8217;deki Aslanl\u0131 K\u00f6\u015fk&#8217;\u00fc tahliye etti.<\/p>\n<p style=\"text-align: justify;\">21 y\u0131ld\u0131r oturdu\u011fu Aslanl\u0131 K\u00f6\u015fk&#8217;\u00fc <\/p>\n","protected":false},"author":1,"featured_media":0,"comment_status":"open","ping_status":"open","sticky":false,"template":"","format":"standard","meta":{"footnotes":""},"categories":[105],"tags":[278],"class_list":["post-37572","post","type-post","status-publish","format-standard","hentry","category-gundem","tag-remzi-gur","odd"],"_links":{"self":[{"href":"http:\/\/www.korhanyilmaz.com\/index.php?rest_route=\/wp\/v2\/posts\/37572","targetHints":{"allow":["GET"]}}],"collection":[{"href":"http:\/\/www.korhanyilmaz.com\/index.php?rest_route=\/wp\/v2\/posts"}],"about":[{"href":"http:\/\/www.korhanyilmaz.com\/index.php?rest_route=\/wp\/v2\/types\/post"}],"author":[{"embeddable":true,"href":"http:\/\/www.korhanyilmaz.com\/index.php?rest_route=\/wp\/v2\/users\/1"}],"replies":[{"embeddable":true,"href":"http:\/\/www.korhanyilmaz.com\/index.php?rest_route=%2Fwp%2Fv2%2Fcomments&post=37572"}],"version-history":[{"count":0,"href":"http:\/\/www.korhanyilmaz.com\/index.php?rest_route=\/wp\/v2\/posts\/37572\/revisions"}],"wp:attachment":[{"href":"http:\/\/www.korhanyilmaz.com\/index.php?rest_route=%2Fwp%2Fv2%2Fmedia&parent=37572"}],"wp:term":[{"taxonomy":"category","embeddable":true,"href":"http:\/\/www.korhanyilmaz.com\/index.php?rest_route=%2Fwp%2Fv2%2Fcategories&post=37572"},{"taxonomy":"post_tag","embeddable":true,"href":"http:\/\/www.korhanyilmaz.com\/index.php?rest_route=%2Fwp%2Fv2%2Ftags&post=37572"}],"curies":[{"name":"wp","href":"https:\/\/api.w.org\/{rel}","templated":true}]}}