{"id":37566,"date":"2009-04-14T16:53:56","date_gmt":"2009-04-14T13:53:56","guid":{"rendered":"http:\/\/www.korhanyilmaz.com\/?p=37566"},"modified":"2011-07-30T20:19:10","modified_gmt":"2011-07-30T17:19:10","slug":"ahmet-afif-pasa-yalisi-sabanciya-gitti","status":"publish","type":"post","link":"http:\/\/www.korhanyilmaz.com\/?p=37566","title":{"rendered":"Ahmet Afif Pa\u015fa Yal\u0131s\u0131 Sabanc\u0131&#8217;ya gitti"},"content":{"rendered":"<p style=\"text-align: center;\"><a href=\"http:\/\/www.korhanyilmaz.com\/wp-content\/uploads\/2011\/07\/2154.jpeg\"  class=\"lightview\"><img loading=\"lazy\" decoding=\"async\" class=\"aligncenter size-full wp-image-37567\" src=\"http:\/\/www.korhanyilmaz.com\/wp-content\/uploads\/2011\/07\/2154.jpeg\" alt=\"\" width=\"357\" height=\"238\" \/><\/a><\/p>\n<p style=\"text-align: justify;\">Uzanlar&#8217;\u0131n eski yal\u0131s\u0131 58 milyon liraya sat\u0131ld\u0131.<\/p>\n<p style=\"text-align: justify;\">STANBUL &#8211; Uzanlara ait olan ve Sar\u0131yer&#8217;de bulunan Ahmet Afif Pa\u015fa Yal\u0131s\u0131 i\u00e7in bug\u00fcn Tasaruf Mevduat\u0131 Sigorta Fonu&#8217;nda yap\u0131lan kapal\u0131 teklif a\u00e7\u0131k art\u0131rma usul\u00fc ihalede y\u00fcksek teklifi Suzan Sabanc\u0131 Din\u00e7er verdi. <!--more--><\/p>\n<p style=\"text-align: justify;\"><strong>\u0130HALE, 34 M\u0130LYON 500 B\u0130N L\u0130RAYLA A\u00c7ILDI<\/strong><\/p>\n<p style=\"text-align: justify;\">34 milyon muhammen bedelle sat\u0131\u015fa \u00e7\u0131kar\u0131lan yal\u0131 i\u00e7in pe\u015fin sat\u0131\u015f bedelinin y\u00fczde 5&#8217;i olan 1 milyon 700 bin liral\u0131k teminat\u0131 be\u015f firma yat\u0131rd\u0131. Saat 14.00&#8217;te TMSF&#8217;nin Esentepe&#8217;deki Merkez binas\u0131nda ba\u015flayan ihaleye Yald\u0131z Turizm, Trend Lojistik, K\u00f6yba\u015f\u0131 Turizm, Nezih Barut (Abdi \u0130brahim \u0130la\u00e7) ve Suzan Sabanc\u0131 Din\u00e7er ad\u0131na Haluk Din\u00e7er kat\u0131ld\u0131. Firmalardan gelen en y\u00fcksek teklif olan 34 milyon 500 bin lira bedelle ba\u015flayan ihalede olduk\u00e7a \u00e7ek\u015fimeli anlar ya\u015fand\u0131. K\u00f6yba\u015f\u0131 Turizm \u015firketinin 34 milyon 500 bin liral\u0131k teklifiyle a\u00e7\u0131lan ihalenin ilk dakikalar\u0131nda K\u00f6yba\u015f\u0131 Turizm ile Trend Lojistik aras\u0131nda rekabet ya\u015fand\u0131. Yakla\u015f\u0131k 1 saat s\u00fcren ihale boyunca firmalar 6 kez ara istedi. \u0130halenin sonlar\u0131na do\u011fru Sabanc\u0131 y\u00fcksek teklifler vermeye ba\u015flay\u0131nca ba\u015fta iddial\u0131 olan K\u00f6yba\u015f\u0131 Turizm ve Trend Lojistik fiyat art\u0131rmad\u0131. \u0130hale Suzan Sabanc\u0131 Din\u00e7er ad\u0131na ihaleye kat\u0131lan Sabanc\u0131 Holding Perakende Grup Ba\u015fkan\u0131 Haluk Din\u00e7er&#8217;in 58 milyon liral\u0131k teklifiyle son buldu. B\u00f6ylece Uzanlar\u0131n daha \u00f6nce sat\u0131lamayan Ahmet Afif Pa\u015fa Yal\u0131s\u0131 i\u00e7in en y\u00fcksek teklifi Sabanc\u0131lar vermi\u015f oldu.<\/p>\n<p style=\"text-align: justify;\"><strong>HALUK D\u0130N\u00c7ER: A\u0130LE \u0130\u00c7\u0130N ALDIK<\/strong><\/p>\n<p style=\"text-align: justify;\">58 milyon bedelle Ahmet Afif Pa\u015fa yal\u0131s\u0131na en y\u00fcksek teklifi veren Sabanc\u0131 Holding Perakende Grup Ba\u015fkan\u0131 Haluk Din\u00e7er ihalede olu\u015fan fiyat\u0131n piyasa \u015fartlar\u0131nda olu\u015fan bir fiyat oldu\u011funu s\u00f6yledi. Yal\u0131n\u0131n nas\u0131l kullan\u0131laca\u011f\u0131nja ili\u015fkin soruyu da cevapland\u0131ran Din\u00e7er, &#8221; Hen\u00fcz bir karar vermi\u015f de\u011filiz ; ama aile i\u00e7in ald\u0131k. Dolay\u0131s\u0131yla aile i\u00e7in en uygun \u015fekilde kullan\u0131lacak. Biz bunu daha \u00e7ok bir k\u00fclt\u00fcr miras\u0131 olarak g\u00f6r\u00fcyoruz. Bir emanet olarak g\u00f6r\u00fcyoruz ge\u00e7mi\u015f nesillerden bize. En iyi \u015fekilde korumaya devam edece\u011fiz&#8221; dedi.<\/p>\n<p style=\"text-align: justify;\"><strong>20 G\u00dcN \u0130\u00c7\u0130NDE 58 M\u0130LYON L\u0130RANIN YATIRILMASI GEREK\u0130YOR<\/strong><\/p>\n<p style=\"text-align: justify;\">\u0130halede en y\u00fcksek teklif olan 58 milyon liral\u0131k teklifin per\u015fembe g\u00fcn\u00fc sat\u0131\u015f onay\u0131 ger\u00e7ekle\u015fecek. Daha sonra rakam Teklif Kuruluna sunuculacak. En y\u00fcksek teklifi veren firmaya bunun ard\u0131ndan 20 g\u00fcnl\u00fck bir s\u00fcre verilecek. Bu s\u00fcre i\u00e7inde 58 milyon liral\u0131k bedelin yat\u0131r\u0131lmas\u0131 beklenecek. Miktar\u0131n yat\u0131r\u0131lmas\u0131n\u0131n ard\u0131ndan ise, tapu ve devir i\u015flemleri ba\u015flayacak. Tapu ve devir i\u015flemlerinin tamamlanmas\u0131n\u0131n ard\u0131ndan ise, Fon kurulunun onay\u0131yla sat\u0131\u015f ger\u00e7ekle\u015fmi\u015f olacak.<\/p>\n<p style=\"text-align: justify;\"><strong>AHMET AF\u0130F PA\u015eA YALISI<\/strong><\/p>\n<p style=\"text-align: justify;\">\u0130stinye mahallesi K\u00f6yba\u015f\u0131 caddesi Sar\u0131yer&#8217;de bulunan, iki parselden olu\u015fan Ahmet Afif Pa\u015fa Yal\u0131s\u0131n\u0131n y\u00fcz\u00f6l\u00e7\u00fcm\u00fc 2 bin 242 metrekare. Tarihi yal\u0131da zemin kat, 2 normal kat, \u00e7at\u0131 kat\u0131, ve \u00e7at\u0131 aras\u0131 bulunuyor. Toplam 22 oda ve sofas\u0131 olan yal\u0131 bin 250 metrekare kapal\u0131 alana sahip. Yal\u0131yla biti\u015fik konumda yer alan 22 numaral\u0131 parselde, i\u00e7inde garaj\u0131, kay\u0131khanesi bulunan bah\u00e7eli, kagir bir de ev mevcut. 20. y\u00fczy\u0131l\u0131n ba\u015f\u0131nda in\u015faa edilen yal\u0131n\u0131n son sahibi Uzan ailesiydi. Kemal Uzan&#8217;\u0131n 17 y\u0131l ya\u015fad\u0131\u011f\u0131 Ahmet Afif Pa\u015fa yal\u0131s\u0131na Uzanlar\u0131n borcuna kar\u015f\u0131l\u0131k 4 y\u0131l \u00f6nce TMSF taraf\u0131ndan el konulmu\u015ftu. 95 y\u0131ll\u0131k bir ge\u00e7mi\u015fi olan yal\u0131ya Sabah ve atv\u2019nin orta\u011f\u0131 Katar Emiri \u015eeyh El Thani\u2019ni de talip olmu\u015ftu. Ahmet Afif Pa\u015fa Yal\u0131s\u0131 daha \u00f6nce de 40 milyon 100 bin liral\u0131k bir muhammen bedelle sat\u0131\u015fa \u00e7\u0131kar\u0131lm\u0131\u015f; ancak al\u0131c\u0131 bulamam\u0131\u015ft\u0131.<\/p>\n<p style=\"text-align: justify;\"><a href=\"http:\/\/www.radikal.com.tr\/Radikal.aspx?aType=RadikalDetayV3&amp;ArticleID=931171\" target=\"_blank\">Kaynak : Radikal.com.tr<\/a><\/p>\n","protected":false},"excerpt":{"rendered":"<p style=\"text-align: center;\">\n<p style=\"text-align: justify;\">Uzanlar&#8217;\u0131n eski yal\u0131s\u0131 58 milyon liraya sat\u0131ld\u0131.<\/p>\n<p style=\"text-align: justify;\">STANBUL &#8211; Uzanlara ait olan ve Sar\u0131yer&#8217;de bulunan Ahmet Afif Pa\u015fa Yal\u0131s\u0131 i\u00e7in bug\u00fcn Tasaruf Mevduat\u0131 Sigorta Fonu&#8217;nda yap\u0131lan kapal\u0131 teklif a\u00e7\u0131k art\u0131rma usul\u00fc ihalede y\u00fcksek teklifi Suzan Sabanc\u0131 Din\u00e7er verdi. <\/p>\n","protected":false},"author":1,"featured_media":0,"comment_status":"open","ping_status":"open","sticky":false,"template":"","format":"standard","meta":{"footnotes":""},"categories":[105],"tags":[280,282,281],"class_list":["post-37566","post","type-post","status-publish","format-standard","hentry","category-gundem","tag-ahmet-afif-pasa-yalisi","tag-suzan-sabanci-dincer","tag-tasaruf-mevduati-sigorta-fonu","odd"],"_links":{"self":[{"href":"http:\/\/www.korhanyilmaz.com\/index.php?rest_route=\/wp\/v2\/posts\/37566","targetHints":{"allow":["GET"]}}],"collection":[{"href":"http:\/\/www.korhanyilmaz.com\/index.php?rest_route=\/wp\/v2\/posts"}],"about":[{"href":"http:\/\/www.korhanyilmaz.com\/index.php?rest_route=\/wp\/v2\/types\/post"}],"author":[{"embeddable":true,"href":"http:\/\/www.korhanyilmaz.com\/index.php?rest_route=\/wp\/v2\/users\/1"}],"replies":[{"embeddable":true,"href":"http:\/\/www.korhanyilmaz.com\/index.php?rest_route=%2Fwp%2Fv2%2Fcomments&post=37566"}],"version-history":[{"count":0,"href":"http:\/\/www.korhanyilmaz.com\/index.php?rest_route=\/wp\/v2\/posts\/37566\/revisions"}],"wp:attachment":[{"href":"http:\/\/www.korhanyilmaz.com\/index.php?rest_route=%2Fwp%2Fv2%2Fmedia&parent=37566"}],"wp:term":[{"taxonomy":"category","embeddable":true,"href":"http:\/\/www.korhanyilmaz.com\/index.php?rest_route=%2Fwp%2Fv2%2Fcategories&post=37566"},{"taxonomy":"post_tag","embeddable":true,"href":"http:\/\/www.korhanyilmaz.com\/index.php?rest_route=%2Fwp%2Fv2%2Ftags&post=37566"}],"curies":[{"name":"wp","href":"https:\/\/api.w.org\/{rel}","templated":true}]}}