{"id":37531,"date":"2011-07-30T17:06:02","date_gmt":"2011-07-30T14:06:02","guid":{"rendered":"http:\/\/www.korhanyilmaz.com\/?p=37531"},"modified":"2011-07-30T18:28:25","modified_gmt":"2011-07-30T15:28:25","slug":"vekalet-uretildi-mi-tartismasi","status":"publish","type":"post","link":"http:\/\/www.korhanyilmaz.com\/?p=37531","title":{"rendered":"&#8216;Vekalet \u00fcretildi mi?&#8217; tart\u0131\u015fmas\u0131"},"content":{"rendered":"<p style=\"text-align: justify;\"><a href=\"http:\/\/www.korhanyilmaz.com\/wp-content\/uploads\/2011\/07\/2147.jpg\"  class=\"lightview\"><img loading=\"lazy\" decoding=\"async\" class=\"aligncenter size-full wp-image-37532\" title=\"\" src=\"http:\/\/www.korhanyilmaz.com\/wp-content\/uploads\/2011\/07\/2147.jpg\" alt=\"\" width=\"200\" height=\"221\" \/><\/a><\/p>\n<p style=\"text-align: justify;\">Genelkurmay Ba\u015fkan\u0131 Orgeneral I\u015f\u0131k Ko\u015faner ile Kuvvet Komutanlar\u0131n\u0131n istifas\u0131n\u0131n hukuki y\u00f6nden incelenmesi gerekti\u011fine dikkat \u00e7eken <strong>Hukukun Egemenli\u011fi Derne\u011fi Genel Ba\u015fkan\u0131 Avukat Erdem Aky\u00fcz<\/strong>, Kara Kuvvetleri Komutanl\u0131\u011f\u0131&#8217;na atanan Orgeneral <strong>Necdet \u00d6zel<\/strong>&#8216;in <strong>Y\u00fcksek Askeri \u015eura<\/strong>&#8216;ya (YA\u015e) ancak <strong>2 A\u011fustos Sal\u0131 g\u00fcn\u00fc<\/strong> itibariyle kat\u0131labilece\u011fini savundu.<!--more--><\/p>\n<p style=\"text-align: justify;\">Ankara- Hukukun Egemenli\u011fi Derne\u011fi Genel Ba\u015fkan\u0131 Avukat Erdem Aky\u00fcz, Orgeneral I\u015f\u0131k Ko\u015faner ile Kuvvet Komutanlar\u0131n\u0131n istifas\u0131n\u0131n hukuki y\u00f6nden incelenmesi gerekti\u011fini belirtti. Aky\u00fcz yaz\u0131l\u0131 bir a\u00e7\u0131klama yaparak, &#8220;Genelkurmay Ba\u015fkan\u0131 ve Kuvvet Komutanlar\u0131&#8217;n\u0131n g\u00f6revden ayr\u0131lmalar\u0131n\u0131n ard\u0131ndan yap\u0131lan yeni atamalar ve yap\u0131lacak olan YA\u015e&#8217;\u0131n ge\u00e7erli\u011fi a\u00e7\u0131s\u0131ndan hukuki \u015f\u00fcphelerin bulundu\u011funu ifade etti.<\/p>\n<p style=\"text-align: justify;\">Olay\u0131n askeri ve siyasi y\u00f6n\u00fcn\u00fcn d\u0131\u015f\u0131nda hukuki taraf\u0131na bak\u0131lmas\u0131 gerekti\u011fini s\u00f6yleyen Aky\u00fcz, &#8220;T\u00fcrk Silahl\u0131 Kuvvetler (TSK) \u00fcst kademesinde ya\u015fanan g\u00f6revden ayr\u0131lmalar sonras\u0131 yap\u0131lan ve yap\u0131lacak olan atamalarla bu tarihten itibaren ilk \u00e7al\u0131\u015fma g\u00fcn\u00fcnde yap\u0131lacak olan YA\u015e toplant\u0131s\u0131n\u0131n hukuki ge\u00e7erli\u011finin incelenmesi gereklidir&#8221; dedi. Komutanlar\u0131n g\u00f6revden ayr\u0131lma yolundaki dilek\u00e7elerinin i\u00e7erik ve amac\u0131na bak\u0131lmas\u0131 gerekti\u011fini ifade eden Aky\u00fcz &#8220;Kuvvet Komutanlar\u0131n\u0131n normal g\u00f6rev s\u00fcreleri A\u011fustos ay\u0131 i\u00e7inde dolmaktad\u0131r. Genelkurmay Ba\u015fkan\u0131n\u0131n emeklilik dilek\u00e7esinin ise 30 A\u011fustos tarihi itibariyle h\u00fck\u00fcm ifade edece\u011fi s\u00f6ylenmektedir. Hal b\u00f6yle olunca, emeklilik istemlerinin, bu tarihlerden \u00f6nce i\u015fleme konulmamas\u0131 gerekir. Ayr\u0131ca \u00e7al\u0131\u015fma saati sonras\u0131nda yap\u0131lan emeklilik ve atama i\u015flemlerinin ge\u00e7erli\u011fi konusu da hukuki bir tart\u0131\u015fma yaratabilecek de\u011ferdedir&#8221; dedi.<\/p>\n<p style=\"text-align: justify;\"><strong>&#8216;Vekalet diye bir m\u00fcessese yok&#8217;<\/strong><\/p>\n<p style=\"text-align: justify;\">Aky\u00fcz, &#8220;Hukuki a\u00e7\u0131dan s\u00fcreler, tebli\u011fi izleyen g\u00fcn ba\u015flar ve s\u00fcrenin sonunun tatile isabet etmesi halinde uzat\u0131l\u0131r. Orgeneral Necdet \u00d6zel&#8217;in KKK&#8217;na atanmas\u0131 29 Temmuz Cuma g\u00fcn\u00fc yap\u0131ld\u0131\u011f\u0131na g\u00f6re, s\u00fcrenin ba\u015flang\u0131c\u0131 Cumartesi g\u00fcn\u00fc olacakt\u0131r. Ancak Cumartesi ve Pazar g\u00fcn\u00fcn\u00fcn tatil olmas\u0131 nedeni ile 24 saatlik \u00e7al\u0131\u015fma s\u00fcresi Pazartesi g\u00fcn\u00fc tamamlanacak ve Orgeneral \u00d6zel en erken 2 Eyl\u00fcl Sal\u0131 g\u00fcn\u00fcnden itibaren YA\u015e toplant\u0131lar\u0131na kat\u0131labilecektir&#8221; dedi.<\/p>\n<p style=\"text-align: justify;\">TSK Personel Kanunu&#8217;nun general ve amirallerin terfileri ve Genelkurmay Ba\u015fkan\u0131&#8217;n\u0131n atanmas\u0131n\u0131 d\u00fczenleyen maddelerinde de bo\u015fluk bulundu\u011funa ve Genelkurmay Ba\u015fkanl\u0131\u011f\u0131na vekalet diye bir m\u00fcessesenin bulunmad\u0131\u011f\u0131na dikkat \u00e7eken Aky\u00fcz &#8220;TSK Personel Kanunu, general ve amirallerin terfilerine ili\u015fkin 47. maddeye g\u00f6re, terfi ko\u015fulu olarak; r\u00fctbeye ait en az bir y\u0131ll\u0131k sicili bulunmay\u0131 \u00f6ng\u00f6rmektedir. Bu maddenin Genelkurmay Ba\u015fkanl\u0131\u011f\u0131na atanmas\u0131nda aranmas\u0131 halinde, kuvvet komutanl\u0131\u011f\u0131nda en az bir y\u0131ll\u0131k sicilin bulunmas\u0131 gerekecektir&#8221; ifadesini kulland\u0131.<\/p>\n<p style=\"text-align: justify;\"><a href=\"http:\/\/www.cumhuriyet.com.tr\/?hn=265234\" target=\"_blank\">Kaynak : Cumhuriyet Haber Portal\u0131<\/a><\/p>\n<p style=\"text-align: justify;\">\n","protected":false},"excerpt":{"rendered":"<p style=\"text-align: justify;\">\n<p style=\"text-align: justify;\">Genelkurmay Ba\u015fkan\u0131 Orgeneral I\u015f\u0131k Ko\u015faner ile Kuvvet Komutanlar\u0131n\u0131n istifas\u0131n\u0131n hukuki y\u00f6nden incelenmesi gerekti\u011fine dikkat \u00e7eken Hukukun Egemenli\u011fi Derne\u011fi Genel Ba\u015fkan\u0131 Avukat Erdem Aky\u00fcz, Kara Kuvvetleri Komutanl\u0131\u011f\u0131&#8217;na atanan Orgeneral Necdet \u00d6zel&#8216;in Y\u00fcksek Askeri \u015eura&#8216;ya (YA\u015e) ancak 2 A\u011fustos Sal\u0131 g\u00fcn\u00fc itibariyle kat\u0131labilece\u011fini savundu.<\/p>\n","protected":false},"author":1,"featured_media":0,"comment_status":"open","ping_status":"open","sticky":false,"template":"","format":"standard","meta":{"footnotes":""},"categories":[105],"tags":[],"class_list":["post-37531","post","type-post","status-publish","format-standard","hentry","category-gundem","odd"],"_links":{"self":[{"href":"http:\/\/www.korhanyilmaz.com\/index.php?rest_route=\/wp\/v2\/posts\/37531","targetHints":{"allow":["GET"]}}],"collection":[{"href":"http:\/\/www.korhanyilmaz.com\/index.php?rest_route=\/wp\/v2\/posts"}],"about":[{"href":"http:\/\/www.korhanyilmaz.com\/index.php?rest_route=\/wp\/v2\/types\/post"}],"author":[{"embeddable":true,"href":"http:\/\/www.korhanyilmaz.com\/index.php?rest_route=\/wp\/v2\/users\/1"}],"replies":[{"embeddable":true,"href":"http:\/\/www.korhanyilmaz.com\/index.php?rest_route=%2Fwp%2Fv2%2Fcomments&post=37531"}],"version-history":[{"count":0,"href":"http:\/\/www.korhanyilmaz.com\/index.php?rest_route=\/wp\/v2\/posts\/37531\/revisions"}],"wp:attachment":[{"href":"http:\/\/www.korhanyilmaz.com\/index.php?rest_route=%2Fwp%2Fv2%2Fmedia&parent=37531"}],"wp:term":[{"taxonomy":"category","embeddable":true,"href":"http:\/\/www.korhanyilmaz.com\/index.php?rest_route=%2Fwp%2Fv2%2Fcategories&post=37531"},{"taxonomy":"post_tag","embeddable":true,"href":"http:\/\/www.korhanyilmaz.com\/index.php?rest_route=%2Fwp%2Fv2%2Ftags&post=37531"}],"curies":[{"name":"wp","href":"https:\/\/api.w.org\/{rel}","templated":true}]}}