{"id":3753,"date":"2009-02-26T17:42:37","date_gmt":"2009-02-26T15:42:37","guid":{"rendered":"http:\/\/www.korhanyilmaz.com\/?p=3753"},"modified":"2009-02-26T17:42:37","modified_gmt":"2009-02-26T15:42:37","slug":"mahkeme-mudahillik-talebine-yesil-isik-yakti","status":"publish","type":"post","link":"http:\/\/www.korhanyilmaz.com\/?p=3753","title":{"rendered":"Mahkeme, m\u00fcdahillik talebine ye\u015fil \u0131\u015f\u0131k yakt\u0131"},"content":{"rendered":"<p><img loading=\"lazy\" decoding=\"async\" class=\"aligncenter size-full wp-image-3754\" title=\"Mahkeme, m\u00fcdahillik talebine ye\u015fil \u0131\u015f\u0131k yakt\u0131 \" src=\"http:\/\/www.korhanyilmaz.com\/wp-content\/uploads\/2009\/02\/madimak.gif\" alt=\"Mahkeme, m\u00fcdahillik talebine ye\u015fil \u0131\u015f\u0131k yakt\u0131 \" width=\"300\" height=\"240\" \/><\/p>\n<p style=\"text-align: justify;\"><strong>Ankara 11. A\u011f\u0131r Ceza Mahkemesi, Sivas katliam\u0131ndan 16 y\u0131l sonra ma\u011fdur ve m\u00fc\u015fteki yak\u0131nlar\u0131n\u0131n m\u00fcdahil olma talebini oy birli\u011fiyle kabul etti.<\/strong><\/p>\n<p style=\"text-align: justify;\">Sivas&#8217;ta Mad\u0131mak Oteli&#8217;nin 2 Temmuz 1993&#8217;te yak\u0131lmas\u0131 ve 37 ki\u015finin \u00f6l\u00fcm\u00fcyle sonu\u00e7lanan olaylara ili\u015fkin ana davadan dosyalar\u0131 ayr\u0131lan firari 7 san\u0131\u011f\u0131n yarg\u0131lanmas\u0131na devam edildi.<br \/>\nAnkara 11. A\u011f\u0131r Ceza Mahkemesinde g\u00f6r\u00fclen davan\u0131n bug\u00fcnk\u00fc duru\u015fmas\u0131na, san\u0131k \u0130hsan \u00c7akmak&#8217;\u0131n avukat\u0131 G\u00f6khan \u00d6zt\u00fcrk ile m\u00fcdahil avukatlar\u0131 Fevzi G\u00fcm\u00fc\u015f, \u015eenal Sar\u0131han, Mehdi Bekta\u015f, Kaz\u0131m Gen\u00e7, S\u00fcleyman Ate\u015f, \u00dcz\u00fcm Ate\u015f ve Ankara Barosu ad\u0131na avukat Onur Tatar kat\u0131ld\u0131.<br \/>\nMahkeme Ba\u015fkan\u0131 Hasan \u015eat\u0131r, hakk\u0131nda yakalama emri bulunan Cafer Er\u00e7akmak&#8217;\u0131n yakalanamad\u0131\u011f\u0131n\u0131 bildirdi.<br \/>\nBaz\u0131 m\u00fcdahil avukatlar\u0131 s\u00f6z alarak, kat\u0131lma talebinde bulundu ve soru\u015fturman\u0131n geni\u015fletilmesini istedi. <!--more--><br \/>\nCumhuriyet Savc\u0131s\u0131 Mustafa Bilgili, ma\u011fdur ve m\u00fc\u015fteki vekillerinin, davaya m\u00fcdahil olma talebinin kabul\u00fcne karar verilmesini talep etti.<br \/>\nSavc\u0131 Bilgili, san\u0131k Cafer Er\u00e7akmak hakk\u0131ndaki yakalama emrinin devam\u0131na karar verilmesini ve Yarg\u0131tayda bulunan &#8220;Sivas Davas\u0131&#8221; ana dosyas\u0131n\u0131n beklenilmesini istedi.\n<\/p>\n<p style=\"text-align: justify;\">Mahkeme Heyeti, ara karar\u0131nda, kat\u0131lma isteminde bulunan vekillerin dilek\u00e7elerinde adlar\u0131 ge\u00e7en ki\u015filerin, su\u00e7tan zarar g\u00f6rme ihtimallerine kar\u015f\u0131 Fevzi G\u00fcm\u00fc\u015f, \u015eenal Sar\u0131han, Mehdi Bekta\u015f, Kaz\u0131m Gen\u00e7, S\u00fcleyman Ate\u015f, \u00dcz\u00fcm Ate\u015f ve Onur Tatar&#8217;\u0131n m\u00fcdahil vekili olarak kabullerine oy birli\u011fi ile karar verdi.<\/p>\n<p style=\"text-align: justify;\"><strong>-FOTO\u011eRAF VE G\u00d6R\u00dcNT\u00dcLER \u0130NCELENS\u0130N-<\/strong><\/p>\n<p style=\"text-align: justify;\">Avukat \u015eenal Sar\u0131han, &#8220;Sivas olaylar\u0131 s\u0131ras\u0131nda \u00e7ekilen video kayd\u0131 ve emniyet\u00e7e \u00e7ekilen foto\u011fraflar ile m\u00fcdahiller taraf\u0131ndan sunulan foto\u011fraflar\u0131n ana dava dosyas\u0131nda yer ald\u0131\u011f\u0131n\u0131 belirterek, Yarg\u0131taydaki ana dava dosyas\u0131 i\u00e7indeki s\u00f6z konusu foto\u011fraf ve g\u00f6r\u00fcnt\u00fclerin mahkemeye getirilmesini, san\u0131klar\u0131n buralarda yer al\u0131p almad\u0131\u011f\u0131n\u0131n bilirki\u015fi heyetince tespit edilmesini&#8221; istedi.<br \/>\nG\u00f6rg\u00fcye dayal\u0131 bilgileri olan ma\u011fdurlar ile olay\u0131n tan\u0131\u011f\u0131 polis g\u00f6revlilerinin haz\u0131r edilerek, san\u0131klar ile ilgili te\u015fhis i\u015flemi yapt\u0131r\u0131lmas\u0131n\u0131, olaylara kat\u0131ld\u0131\u011f\u0131 tespit edildi\u011fi halde bug\u00fcne kadar yarg\u0131 \u00f6n\u00fcne \u00e7\u0131kar\u0131lamam\u0131\u015f ve haklar\u0131nda iddianame d\u00fczenlenmemi\u015f ki\u015filerle ilgili haz\u0131rl\u0131k soru\u015fturmas\u0131 yap\u0131l\u0131p yap\u0131lmad\u0131\u011f\u0131n\u0131n, Sivas ve Ankara Emniyet m\u00fcd\u00fcrl\u00fcklerinden sorulmas\u0131n\u0131 talep etti.<br \/>\nCumhuriyet Savc\u0131s\u0131 Mustafa Bilgili, m\u00fcdahillerin belirtti\u011fi hususlar\u0131n \u00e7o\u011funun Yarg\u0131taydaki ana dosyada bulundu\u011funu belirterek, ana dosyan\u0131n d\u00f6n\u00fc\u015f\u00fcn\u00fcn beklenilmesine karar verilmesini istedi.<br \/>\nSan\u0131k \u0130hsan \u00c7akmak&#8217;\u0131n avukat\u0131 G\u00f6khan \u00d6zt\u00fcrk ise m\u00fcvekkili a\u00e7\u0131s\u0131ndan gerekli t\u00fcm incelemelerin yap\u0131ld\u0131\u011f\u0131n\u0131 savunarak, m\u00fcdahil avukatlar\u0131n\u0131n talebinin san\u0131k \u00c7akmak a\u00e7\u0131s\u0131ndan reddini istedi. \u00d6zt\u00fcrk, &#8220;\u0130ddia makam\u0131n\u0131n m\u00fctalaas\u0131 gibi san\u0131k \u0130hsan \u00c7akmak y\u00f6n\u00fcnden zaman a\u015f\u0131m\u0131 sebebiyle kamu davas\u0131n\u0131n d\u00fc\u015f\u00fcr\u00fclmesini, aksi halde beraat\u0131na karar verilmesini talep ediyorum&#8221; dedi.<br \/>\nMahkeme Ba\u015fkan\u0131 Hasan \u015eat\u0131r, hakk\u0131nda yakalama emri bulunan Cafer Er\u00e7akmak&#8217;\u0131n yakalama emrinin infaz\u0131 ile temyiz incelemesi i\u00e7in Yarg\u0131tayda bulunan ana dava dosyas\u0131n\u0131n d\u00f6n\u00fc\u015f\u00fcn\u00fcn beklenilmesine karar verildi\u011fini a\u00e7\u0131klad\u0131.<br \/>\nMahkeme heyeti, m\u00fcdahil vekillerinin yaz\u0131l\u0131 dilek\u00e7elerinde belirtti\u011fi soru\u015fturman\u0131n geni\u015fletilmesi y\u00f6n\u00fcndeki taleplerinin ise dosya mahkemeye gelip incelendikten sonra de\u011ferlendirilmesine karar verdi.<br \/>\nOlaylara kat\u0131ld\u0131\u011f\u0131 tespit edildi\u011fi halde bug\u00fcne kadar yarg\u0131 \u00f6n\u00fcne \u00e7\u0131kar\u0131lamam\u0131\u015f ve haklar\u0131nda iddianame d\u00fczenlenmemi\u015f ki\u015filerle ilgili haz\u0131rl\u0131k soru\u015fturmas\u0131 yap\u0131l\u0131p yap\u0131lmad\u0131\u011f\u0131n\u0131n, Sivas ve Ankara Emniyet m\u00fcd\u00fcrl\u00fcklerinden sorulmas\u0131na karar veren mahkeme, \u015fayet haz\u0131rl\u0131k soru\u015fturmas\u0131 var ise bu davaya konu san\u0131klarla ilgili bilgi ve belgelerin onayl\u0131 suretlerinin g\u00f6nderilmesinin istenmesini kararla\u015ft\u0131rd\u0131.\n<\/p>\n<p style=\"text-align: justify;\">Mahkeme, bu eksikliklerin tamamlanmas\u0131 i\u00e7in duru\u015fmay\u0131 erteledi.<\/p>\n<p style=\"text-align: justify;\">AA<\/p>\n","protected":false},"excerpt":{"rendered":"<\/p>\n<p style=\"text-align: justify;\">Ankara 11. A\u011f\u0131r Ceza Mahkemesi, Sivas katliam\u0131ndan 16 y\u0131l sonra ma\u011fdur ve m\u00fc\u015fteki yak\u0131nlar\u0131n\u0131n m\u00fcdahil olma talebini oy birli\u011fiyle kabul etti.<\/p>\n<p style=\"text-align: justify;\">Sivas&#8217;ta Mad\u0131mak Oteli&#8217;nin 2 Temmuz 1993&#8217;te yak\u0131lmas\u0131 ve 37 ki\u015finin \u00f6l\u00fcm\u00fcyle sonu\u00e7lanan olaylara ili\u015fkin ana davadan dosyalar\u0131 ayr\u0131lan firari 7 san\u0131\u011f\u0131n yarg\u0131lanmas\u0131na devam edildi. Ankara 11. A\u011f\u0131r Ceza Mahkemesinde <\/p>\n","protected":false},"author":1,"featured_media":0,"comment_status":"open","ping_status":"closed","sticky":false,"template":"","format":"standard","meta":{"footnotes":""},"categories":[105],"tags":[],"class_list":["post-3753","post","type-post","status-publish","format-standard","hentry","category-gundem","odd"],"_links":{"self":[{"href":"http:\/\/www.korhanyilmaz.com\/index.php?rest_route=\/wp\/v2\/posts\/3753","targetHints":{"allow":["GET"]}}],"collection":[{"href":"http:\/\/www.korhanyilmaz.com\/index.php?rest_route=\/wp\/v2\/posts"}],"about":[{"href":"http:\/\/www.korhanyilmaz.com\/index.php?rest_route=\/wp\/v2\/types\/post"}],"author":[{"embeddable":true,"href":"http:\/\/www.korhanyilmaz.com\/index.php?rest_route=\/wp\/v2\/users\/1"}],"replies":[{"embeddable":true,"href":"http:\/\/www.korhanyilmaz.com\/index.php?rest_route=%2Fwp%2Fv2%2Fcomments&post=3753"}],"version-history":[{"count":0,"href":"http:\/\/www.korhanyilmaz.com\/index.php?rest_route=\/wp\/v2\/posts\/3753\/revisions"}],"wp:attachment":[{"href":"http:\/\/www.korhanyilmaz.com\/index.php?rest_route=%2Fwp%2Fv2%2Fmedia&parent=3753"}],"wp:term":[{"taxonomy":"category","embeddable":true,"href":"http:\/\/www.korhanyilmaz.com\/index.php?rest_route=%2Fwp%2Fv2%2Fcategories&post=3753"},{"taxonomy":"post_tag","embeddable":true,"href":"http:\/\/www.korhanyilmaz.com\/index.php?rest_route=%2Fwp%2Fv2%2Ftags&post=3753"}],"curies":[{"name":"wp","href":"https:\/\/api.w.org\/{rel}","templated":true}]}}