{"id":37523,"date":"2011-07-30T14:43:49","date_gmt":"2011-07-30T11:43:49","guid":{"rendered":"http:\/\/www.korhanyilmaz.com\/?p=37523"},"modified":"2011-07-30T16:44:22","modified_gmt":"2011-07-30T13:44:22","slug":"chp-grup-baskanvekili-emine-ulker-tarhandan-6-maddelik-sert-aciklama","status":"publish","type":"post","link":"http:\/\/www.korhanyilmaz.com\/?p=37523","title":{"rendered":"CHP Grup Ba\u015fkanvekili Emine \u00dclker Tarhan&#8217;dan 6 maddelik sert a\u00e7\u0131klama"},"content":{"rendered":"<p style=\"text-align: center;\"><a href=\"http:\/\/www.korhanyilmaz.com\/wp-content\/uploads\/2011\/07\/2146.jpg\"  class=\"lightview\"><img loading=\"lazy\" decoding=\"async\" class=\"aligncenter size-full wp-image-37524\" src=\"http:\/\/www.korhanyilmaz.com\/wp-content\/uploads\/2011\/07\/2146.jpg\" alt=\"\" width=\"391\" height=\"205\" \/><\/a><\/p>\n<p style=\"text-align: justify;\">CHP Grup Ba\u015fkanvekili Emine \u00dclker Tarhan, Genelkurmay Ba\u015fkan\u0131 Orgeneral I\u015f\u0131k Ko\u015faner ve \u00fc\u00e7 kuvvet komutan\u0131n\u0131n g\u00f6revlerinden istifa etmelerinin, devlet kurumlar\u0131 aras\u0131nda ciddi bir kopukluk oldu\u011funun g\u00f6stergesi oldu\u011funu belirterek \u201cMademki komutanlar g\u00f6revlerinden ayr\u0131ld\u0131lar, onlara ve iktidara d\u00fc\u015fen g\u00f6rev, bu tutumlar\u0131n\u0131n t\u00fcm gerek\u00e7elerini kamuoyuyla payla\u015fmalar\u0131d\u0131r. Bu, taraflar\u0131n varsa hakl\u0131 gerek\u00e7elerini \u00f6\u011frenmemize ve hem de demokrasiye katk\u0131 sa\u011flayacakt\u0131r\u201d dedi.\u00a0 <!--more--><\/p>\n<p style=\"text-align: justify;\">ANKARA &#8211; CHP Grup Ba\u015fkanvekili Emine \u00dclker Tarhan, Genelkurmay Ba\u015fkan\u0131 Orgeneral I\u015f\u0131k Ko\u015faner ve \u00fc\u00e7 kuvvet komutan\u0131n\u0131n g\u00f6revlerinden istifa etmelerini de\u011ferlendirirken askerin s\u0131cak siyasetin i\u00e7ine \u00e7ekilmesinin hi\u00e7bir zaman do\u011fru olmad\u0131\u011f\u0131n\u0131 belirterek \u201cAncak sabah ak\u015fam askeri k\u00f6t\u00fclemek, iftira ederek onlar\u0131 itibars\u0131zla\u015ft\u0131rmak, sayg\u0131nl\u0131\u011f\u0131na g\u00f6lge d\u00fc\u015f\u00fcrmek ulusumuza hi\u00e7bir yarar sa\u011flamaz. Bu t\u00fcr \u00e7abalar orduyu s\u0131cak siyasetin i\u00e7ine \u00e7eker. Buna ortam haz\u0131rlanmamal\u0131 ve izin verilmemelidir\u201d diye konu\u015ftu. Tarhan, komutanlar\u0131 ve H\u00fck\u00fcmet\u2019i istifalar\u0131n gerek\u00e7elerini a\u00e7\u0131klamaya \u00e7a\u011f\u0131rd\u0131.<\/p>\n<p style=\"text-align: justify;\">Genelkurmay Ba\u015fkan\u0131 Orgeneral I\u015f\u0131k Ko\u015faner ve kuvvet komutanlar\u0131n\u0131n istifalar\u0131n\u0131n ard\u0131ndan tatilini yar\u0131da keserek Ankara\u2019ya d\u00f6nen CHP Genel Ba\u015fkan\u0131 Kemal K\u0131l\u0131\u00e7daro\u011flu, parti y\u00f6netimiyle istifalar\u0131 de\u011ferlendirdi. Yap\u0131lan de\u011ferlendirmenin ard\u0131ndan CHP Grup Ba\u015fkanvekili Emine \u00dclker Tarhan, bir bas\u0131n toplant\u0131s\u0131 d\u00fczenleyerek CHP\u2019nin konuyla ilgili de\u011ferlendirmesini a\u00e7\u0131klad\u0131. \u00d6zg\u00fcrl\u00fck\u00e7\u00fc demokrasilerde kamusal kararlar\u0131n se\u00e7ilmi\u015fler taraf\u0131ndan al\u0131nmas\u0131n\u0131n esas oldu\u011funu, kurallar\u0131n se\u00e7ilmi\u015fler taraf\u0131ndan konulmas\u0131 ve y\u00f6netime se\u00e7ilmi\u015flerin hakim olmas\u0131n\u0131n, demokrasinin temel ilkesi oldu\u011funu vurgulayan Tarhan, \u201cKendilerine verilen olanaklar ve yetkiler nedeniyle \u00f6zel bir konumda bulunan askeri kuvvetler, polis, istihbarat birimleri gibi devlet kurumlar\u0131 sivil otoritenin kontrol\u00fcnde olmal\u0131, siviller taraf\u0131ndan denetlenmelidir\u201d diye konu\u015ftu.<\/p>\n<p style=\"text-align: justify;\"><strong>\u201c CHP, S\u0130LAHLI KUVVETLER\u0130N S\u0130YASETE KARI\u015eMASINA KAR\u015eIDIR\u201d<\/strong><\/p>\n<p style=\"text-align: justify;\">Halk\u0131n oylar\u0131yla se\u00e7ilen parlamentonun ve h\u00fck\u00fcmetin yetkilerinin, hukukun \u00f6ng\u00f6rd\u00fc\u011f\u00fc demokratik kural ve kurumlar d\u0131\u015f\u0131nda hi\u00e7bir g\u00fc\u00e7 taraf\u0131ndan s\u0131n\u0131rland\u0131r\u0131lmas\u0131n\u0131 kabul etmediklerini belirten Tarhan, \u201c CHP, bu anlay\u0131\u015fla silahl\u0131 kuvvetlerin siyasete kar\u0131\u015fmas\u0131na kar\u015f\u0131 \u00e7\u0131kmaktad\u0131r\u201d dedi.<\/p>\n<p style=\"text-align: justify;\"><strong>\u201c\u0130KT\u0130DAR, MUHAL\u0130F HER HAREKET\u0130 \u2018TER\u00d6R\u2019 KAVRAMIYLA \u0130L\u0130\u015eK\u0130LEND\u0130REREK G\u00dcVENL\u0130K D\u0130L\u0130N\u0130 HAK\u0130M KILIYOR\u201d<\/strong><\/p>\n<p style=\"text-align: justify;\">CHP\u2019nin, T\u00fcrkiye i\u00e7in kapsaml\u0131 ve tutarl\u0131 bir siville\u015fme program\u0131 \u00f6neren tek parti oldu\u011funu kaydeden Tarhan, \u015f\u00f6yle konu\u015ftu:<\/p>\n<p style=\"text-align: justify;\">\u201c Ordunun ne b\u00fcy\u00fckl\u00fckte olmas\u0131 gerekti\u011fi, zorunlu askerli\u011fin hangi \u015fartlarda yap\u0131laca\u011f\u0131, askeri harcamalar\u0131n b\u00fcy\u00fckl\u00fc\u011f\u00fc gibi konular siviller taraf\u0131ndan karara ba\u011flanmal\u0131d\u0131r. CHP, t\u00fcm anayasal siyasi hareketlere ili\u015fkin olarak, bu tarz nitelendirmelerden uzak bar\u0131\u015f\u00e7\u0131l bir dil kurmu\u015ftur. Mevcut iktidar\u0131n ise kendisine muhalif her hareketi \u2018ter\u00f6r\u2019, \u2018illegal\u2019 gibi kavramlarla ili\u015fkilendirerek siyasi alan\u0131 militerle\u015ftirdi\u011fi, g\u00fcvenlik dilini hakim k\u0131ld\u0131\u011f\u0131 g\u00f6r\u00fcnmektedir. \u0130ktidara hakim olan bu zihniyet, t\u00fcm muhalif hareketleri g\u00fcvenlik b\u00fcrokrasisi i\u00e7in me\u015fru hedefler haline getiren bir durum do\u011furmu\u015ftur. Siville\u015fmeyi savundu\u011funu iddia edenler i\u00e7in bu durum, en hafif ifade ile bir tutars\u0131zl\u0131kt\u0131r.\u201d<\/p>\n<p style=\"text-align: justify;\"><strong>\u201c\u0130KT\u0130DARIN G\u00d6REV\u0130 KURUMLARI \u0130T\u0130BARSIZLA\u015eTIRARAK ELE GE\u00c7\u0130RMEK OLMAMALI\u201d<\/strong><\/p>\n<p style=\"text-align: justify;\">Tarhan, CHP\u2019nin siville\u015fmeyi savunan, AKP\u2019nin ise siville\u015fme konusunda direnen bir parti konumunda bulundu\u011funu dile getirirken \u201cAKP\u2019nin bu direni\u015fi, bu partinin ge\u00e7mi\u015fte siville\u015fme s\u00f6ylemi kullanmas\u0131n\u0131n as\u0131l nedeninin, sivillerin her hal\u00fckarda g\u00fcvenlik b\u00fcrokrasisine hakim olmas\u0131 inanc\u0131 de\u011fil, sadece g\u00fcvenlik b\u00fcrokrasisinin kendisinden yana olmamas\u0131ndan kaynaklanan bir kayg\u0131 oldu\u011fu g\u00f6r\u00fc\u015f\u00fcn\u00fc g\u00fc\u00e7lendirmektedir\u201d diye konu\u015ftu.<\/p>\n<p style=\"text-align: justify;\">\u0130ktidar\u0131n ba\u011f\u0131ms\u0131z ve tarafs\u0131z yarg\u0131 taraf\u0131ndan denetiminin, \u00f6zg\u00fcrl\u00fck\u00e7\u00fc demokrasinin olmazsa olmas\u0131 oldu\u011funa dikkat \u00e7eken Tarhan, \u201cSa\u011fl\u0131kl\u0131 i\u015fleyen bir sivil y\u00f6netim, y\u00f6netmesi gereken kurumlarla kriz \u00e7\u0131karan bir y\u00f6netim de\u011fildir ve olmamal\u0131d\u0131r da. Demokrasinin olmazsa olmazlar\u0131ndan biri de devlet kurumlar\u0131 aras\u0131ndaki uyumdur. \u0130ktidar\u0131n g\u00f6revi, devlet kurumlar\u0131n\u0131 itibars\u0131zla\u015ft\u0131rarak ele ge\u00e7irmek olmamal\u0131d\u0131r\u201d dedi.<\/p>\n<p style=\"text-align: justify;\"><strong>\u201cSABAH AK\u015eAM ASKER\u0130 K\u00d6T\u00dcLEMEK ULUSUMUZA YARAR SA\u011eLAMAZ\u201d<\/strong><\/p>\n<p style=\"text-align: justify;\">Tarhan, askerin s\u0131cak siyasetin i\u00e7ine \u00e7ekilmesinin hi\u00e7bir zaman do\u011fru olmad\u0131\u011f\u0131n\u0131 belirterek \u201cAncak sabah ak\u015fam askeri k\u00f6t\u00fclemek, iftira ederek onlar\u0131 itibars\u0131zla\u015ft\u0131rmak, sayg\u0131nl\u0131\u011f\u0131na g\u00f6lge d\u00fc\u015f\u00fcrmek ulusumuza hi\u00e7bir yarar sa\u011flamaz. Bu t\u00fcr \u00e7abalar orduyu s\u0131cak siyasetin i\u00e7ine \u00e7eker. Buna ortam haz\u0131rlanmamal\u0131 ve izin verilmemelidir\u201d diye konu\u015ftu.<\/p>\n<p style=\"text-align: justify;\"><strong>\u201cYARGI \u0130KT\u0130DARIN \u0130RADES\u0130NE G\u00d6RE KARAR VEREN B\u0130R KURUMA D\u00d6N\u00dc\u015eT\u00dc&#8221;<\/strong><\/p>\n<p style=\"text-align: justify;\">Demokrasinin, iktidardaki sivil y\u00f6netimin her istedi\u011fini yapt\u0131\u011f\u0131 bir d\u00fczen olmad\u0131\u011f\u0131n\u0131, iktidar g\u00fcc\u00fcn\u00fcn \u201chukukun \u00fcst\u00fcnl\u00fc\u011f\u00fc\u201d \u00e7er\u00e7evesinde denetlenmesi gerekti\u011fini ifade eden Tarhan, \u201cDemokrasi, \u2018otokrasi\u2019ye d\u00f6n\u00fc\u015fmemelidir\u201d dedi.<\/p>\n<p style=\"text-align: justify;\">Son olayda yarg\u0131 ba\u011f\u0131ms\u0131zl\u0131\u011f\u0131n\u0131n \u00f6neminin bir kez daha ortaya \u00e7\u0131kt\u0131\u011f\u0131n\u0131 vurgulayan Tarhan, \u015f\u00f6yle devam etti:<\/p>\n<p style=\"text-align: justify;\">\u201cBitmeyen mahkemeler, infaza d\u00f6n\u00fc\u015fen tutuklamalar, ihlal edilen insan haklar\u0131, yarg\u0131ya duyulan g\u00fcveni derinden sarsar noktaya gelmi\u015ftir. Yarg\u0131 art\u0131k milli irade ad\u0131na de\u011fil, siyasi iktidar\u0131n iradesine g\u00f6re karar veren bir kuruma d\u00f6n\u00fc\u015fm\u00fc\u015ft\u00fcr. Unutulmamal\u0131d\u0131r ki her iktidar\u0131n temelinde me\u015fruiyet bulunmal\u0131d\u0131r. Me\u015fruiyetin temel ko\u015fulu da vicdanlardaki adalet duygusudur. AKP iktidar\u0131nda bu duygu a\u015f\u0131nm\u0131\u015ft\u0131r. \u0130ktidar yarg\u0131dan elini \u00e7ekmelidir.\u201d<\/p>\n<p style=\"text-align: justify;\"><strong>\u201cKOMUTANLAR VE \u0130KT\u0130DAR \u0130ST\u0130FA GEREK\u00c7ELER\u0130N\u0130 A\u00c7IKLAMALI\u201d<\/strong><\/p>\n<p style=\"text-align: justify;\">Tarhan, Genelkurmay Ba\u015fkan\u0131 ve \u00fc\u00e7 kuvvet komutan\u0131n\u0131n ordudaki terfiler \u00f6ncesinde g\u00f6revlerinden istifa etmelerinin, devlet kurumlar\u0131 aras\u0131nda ciddi bir kopuklu\u011fun oldu\u011funu g\u00f6sterdi\u011fine i\u015faret ederek \u201cMademki komutanlar g\u00f6revlerinden ayr\u0131ld\u0131lar, onlara ve iktidara d\u00fc\u015fen g\u00f6rev, bu tutumlar\u0131n\u0131n t\u00fcm gerek\u00e7elerini kamuoyuyla payla\u015fmalar\u0131d\u0131r. Bu, taraflar\u0131n varsa hakl\u0131 gerek\u00e7elerini \u00f6\u011frenmemize ve hem de demokrasiye katk\u0131 sa\u011flayacakt\u0131r\u201d dedi.<\/p>\n<p style=\"text-align: justify;\">Tarhan, a\u00e7\u0131klamas\u0131n\u0131n ard\u0131ndan soru almad\u0131.<\/p>\n<p><a href=\"http:\/\/www.gazeteport.com.tr\/haber\/44951\/chpden_istifalara_sert_aciklama\" target=\"_blank\">Kaynak : GAZETEPORT<\/a><\/p>\n<hr style=\"width: 500px;\" width=\"500\" \/>\n<p><a class=\"lightview\" title=\" :::: width:640, height:480\" href=\"http:\/\/www.korhanyilmaz.com\/dosyalar\/medya\/Video_Haber\/30072011_chp.html\" rel=\"set[chp]\"><img decoding=\"async\" class=\"aligncenter\" src=\"http:\/\/www.korhanyilmaz.com\/wp-data\/images\/videoizle1.png\" alt=\"\" \/ class=\"lightview\"><\/a><\/p>\n","protected":false},"excerpt":{"rendered":"<p style=\"text-align: center;\">\n<p style=\"text-align: justify;\">CHP Grup Ba\u015fkanvekili Emine \u00dclker Tarhan, Genelkurmay Ba\u015fkan\u0131 Orgeneral I\u015f\u0131k Ko\u015faner ve \u00fc\u00e7 kuvvet komutan\u0131n\u0131n g\u00f6revlerinden istifa etmelerinin, devlet kurumlar\u0131 aras\u0131nda ciddi bir kopukluk oldu\u011funun g\u00f6stergesi oldu\u011funu belirterek \u201cMademki komutanlar g\u00f6revlerinden ayr\u0131ld\u0131lar, onlara ve iktidara d\u00fc\u015fen g\u00f6rev, bu tutumlar\u0131n\u0131n t\u00fcm gerek\u00e7elerini kamuoyuyla payla\u015fmalar\u0131d\u0131r. Bu, taraflar\u0131n varsa hakl\u0131 gerek\u00e7elerini \u00f6\u011frenmemize ve <\/p>\n","protected":false},"author":1,"featured_media":0,"comment_status":"open","ping_status":"open","sticky":false,"template":"","format":"standard","meta":{"footnotes":""},"categories":[105],"tags":[],"class_list":["post-37523","post","type-post","status-publish","format-standard","hentry","category-gundem","odd"],"_links":{"self":[{"href":"http:\/\/www.korhanyilmaz.com\/index.php?rest_route=\/wp\/v2\/posts\/37523","targetHints":{"allow":["GET"]}}],"collection":[{"href":"http:\/\/www.korhanyilmaz.com\/index.php?rest_route=\/wp\/v2\/posts"}],"about":[{"href":"http:\/\/www.korhanyilmaz.com\/index.php?rest_route=\/wp\/v2\/types\/post"}],"author":[{"embeddable":true,"href":"http:\/\/www.korhanyilmaz.com\/index.php?rest_route=\/wp\/v2\/users\/1"}],"replies":[{"embeddable":true,"href":"http:\/\/www.korhanyilmaz.com\/index.php?rest_route=%2Fwp%2Fv2%2Fcomments&post=37523"}],"version-history":[{"count":0,"href":"http:\/\/www.korhanyilmaz.com\/index.php?rest_route=\/wp\/v2\/posts\/37523\/revisions"}],"wp:attachment":[{"href":"http:\/\/www.korhanyilmaz.com\/index.php?rest_route=%2Fwp%2Fv2%2Fmedia&parent=37523"}],"wp:term":[{"taxonomy":"category","embeddable":true,"href":"http:\/\/www.korhanyilmaz.com\/index.php?rest_route=%2Fwp%2Fv2%2Fcategories&post=37523"},{"taxonomy":"post_tag","embeddable":true,"href":"http:\/\/www.korhanyilmaz.com\/index.php?rest_route=%2Fwp%2Fv2%2Ftags&post=37523"}],"curies":[{"name":"wp","href":"https:\/\/api.w.org\/{rel}","templated":true}]}}