{"id":37514,"date":"2011-07-30T15:48:38","date_gmt":"2011-07-30T12:48:38","guid":{"rendered":"http:\/\/www.korhanyilmaz.com\/?p=37514"},"modified":"2011-07-30T15:55:05","modified_gmt":"2011-07-30T12:55:05","slug":"genelkurmay-krizine-yol-acan-iki-talep","status":"publish","type":"post","link":"http:\/\/www.korhanyilmaz.com\/?p=37514","title":{"rendered":"Genelkurmay krizine yol a\u00e7an iki talep"},"content":{"rendered":"<p style=\"text-align: center;\"><a href=\"http:\/\/www.korhanyilmaz.com\/wp-content\/uploads\/2011\/07\/2144.jpg\"  class=\"lightview\"><img loading=\"lazy\" decoding=\"async\" class=\"aligncenter size-full wp-image-37516\" src=\"http:\/\/www.korhanyilmaz.com\/wp-content\/uploads\/2011\/07\/2144.jpg\" alt=\"\" width=\"307\" height=\"236\" \/><\/a><\/p>\n<p style=\"text-align: justify;\">Vatan gazetesi, Genelkurmay&#8217;\u0131n YA\u015e toplant\u0131s\u0131nda Org.Sald\u0131ray Berk&#8217;in Kara Kuvvetleri Komutanl\u0131\u011f\u0131&#8217;na, Org. Aslan G\u00fcner&#8217;in de Jandarma Genel Komutanl\u0131\u011f\u0131&#8217;na getirilmesi i\u00e7in \u0131srar etti\u011fini, H\u00fck\u00fcmet bu talepleri kar\u015f\u0131lamay\u0131nca Genelkurmay Ba\u015fkan\u0131 ve Kuvvet komutanlar\u0131n\u0131n istifa etti\u011fini \u00f6ne s\u00fcrd\u00fc. <!--more--><\/p>\n<p style=\"text-align: justify;\">Vatan gazetesinin haberi \u015f\u00f6yle:<\/p>\n<p style=\"text-align: justify;\">YA\u015e \u00f6ncesi Ankara&#8217;da 4 g\u00fcnd\u00fcr s\u00fcren kritik toplant\u0131lar, Cumhuriyet tarihinin en b\u00fcy\u00fck kriziyle noktaland\u0131. Cumhurba\u015fkan\u0131, Ba\u015fbakan ve Genelkurmay aras\u0131ndaki g\u00f6r\u00fc\u015fmeler hangi noktada t\u0131kand\u0131?<\/p>\n<p style=\"text-align: justify;\">Kulislerden s\u0131zan bilgilere g\u00f6re, Genelkurmay Ba\u015fkan\u0131 ve t\u00fcm kuvvet komutanlar\u0131n\u0131n istifa etmesine yol a\u00e7an geli\u015fme, h\u00fck\u00fcmetin TSK&#8217;n\u0131n iki talebine olumsuz yan\u0131t vermesi. Genelkurmay, YA\u015e toplant\u0131s\u0131nda Org.Sald\u0131ray Berk&#8217;in Kara Kuvvetleri Komutanl\u0131\u011f\u0131&#8217;na, Org. Aslan G\u00fcner&#8217;in de Jandarma Genel Komutanla\u011f\u0131&#8217;na getirilmesi i\u00e7in \u0131srar etti. H\u00fck\u00fcmet her iki talebi de olumsuz kar\u015f\u0131lad\u0131, bu atamalara imza atmayaca\u011f\u0131n\u0131 belirtti. 4 g\u00fcnd\u00fcr y\u00fcr\u00fct\u00fclen g\u00f6r\u00fc\u015fmelerde bir uzla\u015fma sa\u011flanamay\u0131nca ba\u015fta Genelkurmay Ba\u015fkan\u0131 olmak \u00fczere kuvvet komutanlar\u0131 istifa karar\u0131 ald\u0131.<\/p>\n<p style=\"text-align: justify;\"><strong>ASLAN G\u00dcNER:<\/strong><\/p>\n<p style=\"text-align: justify;\">Napoli\/\u0130talya\u2019da G\u00fcney Avrupa M\u00fcttefik Kuvvetleri Komutanl\u0131\u011f\u0131 (Afsouth) Plan Prensipler Ba\u015fkanl\u0131\u011f\u0131nda Kararg\u00e2h Subayl\u0131\u011f\u0131 yapan Orgeneral G\u00fcner, 30 A\u011fustos 2009 tarihinden ge\u00e7erli olarak Genelkurmay \u0130kinci Ba\u015fkanl\u0131\u011f\u0131&#8217;na getirilmi\u015fti.<\/p>\n<p style=\"text-align: justify;\">Baz\u0131 bas\u0131n organlar\u0131nda yer alan iddialara g\u00f6re Aslan G\u00fcner&#8217;in, Korgeneral r\u00fctbesiyle 2007&#8217;de \u0130stihbarat Ba\u015fkanl\u0131\u011f\u0131 g\u00f6revini y\u00fcr\u00fctt\u00fc\u011f\u00fc s\u0131rada, &#8220;PKK&#8217;l\u0131lar\u0131 dinleyece\u011fiz&#8221; gerek\u00e7esiyle \u0130srail&#8217;den al\u0131nan sistemle, kamuoyunun yak\u0131ndan tan\u0131d\u0131\u011f\u0131 isimler idinletti\u011fi iddia edilmi\u015fti.<\/p>\n<p style=\"text-align: justify;\"><strong>EDOK Komutan\u0131 Sald\u0131ray Berk<\/strong><\/p>\n<p style=\"text-align: justify;\">30 A\u011fustos 2007&#8217;de orgeneralli\u011fe terfi ederek 3. Ordu Komutanl\u0131\u011f\u0131 g\u00f6revine getirilen Berk. 2010 YA\u015e kararlar\u0131 ile h\u00fck\u00fcmetin veto etmesiyle Ordu Komutanl\u0131\u011f\u0131ndan tenzili r\u00fctbe say\u0131lan E.D.O.K.(E\u011fitim ve Doktrin Komutanl\u0131\u011f\u0131)&#8217;na getirilmi\u015fti.<\/p>\n<p style=\"text-align: justify;\">Orgeneral Sald\u0131ray Berk hakk\u0131nda baz\u0131 yay\u0131n organlar\u0131nda ilgin\u00e7 su\u00e7lamalarda bulunulmu\u015ftu. Berk&#8217;e ait oldu\u011fu \u00f6ne s\u00fcr\u00fclen bir ses kayd\u0131na dayan\u0131larak &#8220;Bizim g\u00f6revimiz karakol savunmak de\u011fil, T\u00fcrkiye bir kaosa s\u00fcr\u00fckleniyor&#8221; dedi\u011fi iddia edilmi\u015fti.<\/p>\n<p style=\"text-align: justify;\"><a href=\"http:\/\/www.cnnturk.com\/2011\/yazarlar\/07\/30\/genelkurmay.krizine.yol.acan.iki.talep\/624558.0\/index.html\" target=\"_blank\">Kaynak : CNN T\u00dcRK<\/a><\/p>\n","protected":false},"excerpt":{"rendered":"<p style=\"text-align: center;\">\n<p style=\"text-align: justify;\">Vatan gazetesi, Genelkurmay&#8217;\u0131n YA\u015e toplant\u0131s\u0131nda Org.Sald\u0131ray Berk&#8217;in Kara Kuvvetleri Komutanl\u0131\u011f\u0131&#8217;na, Org. Aslan G\u00fcner&#8217;in de Jandarma Genel Komutanl\u0131\u011f\u0131&#8217;na getirilmesi i\u00e7in \u0131srar etti\u011fini, H\u00fck\u00fcmet bu talepleri kar\u015f\u0131lamay\u0131nca Genelkurmay Ba\u015fkan\u0131 ve Kuvvet komutanlar\u0131n\u0131n istifa etti\u011fini \u00f6ne s\u00fcrd\u00fc. <\/p>\n","protected":false},"author":1,"featured_media":0,"comment_status":"open","ping_status":"open","sticky":false,"template":"","format":"standard","meta":{"footnotes":""},"categories":[105],"tags":[],"class_list":["post-37514","post","type-post","status-publish","format-standard","hentry","category-gundem","odd"],"_links":{"self":[{"href":"http:\/\/www.korhanyilmaz.com\/index.php?rest_route=\/wp\/v2\/posts\/37514","targetHints":{"allow":["GET"]}}],"collection":[{"href":"http:\/\/www.korhanyilmaz.com\/index.php?rest_route=\/wp\/v2\/posts"}],"about":[{"href":"http:\/\/www.korhanyilmaz.com\/index.php?rest_route=\/wp\/v2\/types\/post"}],"author":[{"embeddable":true,"href":"http:\/\/www.korhanyilmaz.com\/index.php?rest_route=\/wp\/v2\/users\/1"}],"replies":[{"embeddable":true,"href":"http:\/\/www.korhanyilmaz.com\/index.php?rest_route=%2Fwp%2Fv2%2Fcomments&post=37514"}],"version-history":[{"count":0,"href":"http:\/\/www.korhanyilmaz.com\/index.php?rest_route=\/wp\/v2\/posts\/37514\/revisions"}],"wp:attachment":[{"href":"http:\/\/www.korhanyilmaz.com\/index.php?rest_route=%2Fwp%2Fv2%2Fmedia&parent=37514"}],"wp:term":[{"taxonomy":"category","embeddable":true,"href":"http:\/\/www.korhanyilmaz.com\/index.php?rest_route=%2Fwp%2Fv2%2Fcategories&post=37514"},{"taxonomy":"post_tag","embeddable":true,"href":"http:\/\/www.korhanyilmaz.com\/index.php?rest_route=%2Fwp%2Fv2%2Ftags&post=37514"}],"curies":[{"name":"wp","href":"https:\/\/api.w.org\/{rel}","templated":true}]}}