{"id":37510,"date":"2011-07-30T13:59:11","date_gmt":"2011-07-30T10:59:11","guid":{"rendered":"http:\/\/www.korhanyilmaz.com\/?p=37510"},"modified":"2011-07-30T15:50:17","modified_gmt":"2011-07-30T12:50:17","slug":"gul-beklenen-aciklamayi-yapti","status":"publish","type":"post","link":"http:\/\/www.korhanyilmaz.com\/?p=37510","title":{"rendered":"G\u00fcl, beklenen a\u00e7\u0131klamay\u0131 yapt\u0131"},"content":{"rendered":"<p style=\"text-align: center;\"><a href=\"http:\/\/www.korhanyilmaz.com\/wp-content\/uploads\/2011\/07\/2143.jpg\"  class=\"lightview\"><img loading=\"lazy\" decoding=\"async\" class=\"aligncenter size-full wp-image-37511\" src=\"http:\/\/www.korhanyilmaz.com\/wp-content\/uploads\/2011\/07\/2143.jpg\" alt=\"\" width=\"234\" height=\"222\" \/><\/a><\/p>\n<p style=\"text-align: justify;\">Cumhurba\u015fkan\u0131 Abdullah G\u00fcl, Genelkurmay Ba\u015fkan\u0131 ve kuvvet komutanlar\u0131n\u0131n emekliliklerini istemesiyle ilgili, &#8220;Her\u015fey kendi mecras\u0131nda devam ediyor g\u00f6rd\u00fc\u011f\u00fcn\u00fcz gibi, herhangi bir bo\u015fluk s\u00f6z konusu de\u011fil&#8221; dedi.<\/p>\n<p style=\"text-align: justify;\">G\u00fcl, \u0130stanbul&#8217;a hareketinden \u00f6nce Ankara Esenbo\u011fa Havaliman\u0131&#8217;nda gazetecilerin sorular\u0131n\u0131 yan\u0131tlad\u0131. <!--more--><\/p>\n<p style=\"text-align: justify;\">G\u00fcl, &#8220;Haberiniz var m\u0131yd\u0131? \u00dc\u00e7l\u00fc zirvede biliyor muydunuz generallerin istifa edeceklerini, emekliliklerini isteyeceklerini?&#8221; sorusu \u00fczerine, \u015funlar\u0131 s\u00f6yledi:<\/p>\n<p style=\"text-align: justify;\">&#8220;Asl\u0131nda herhangi bir kriz s\u00f6z konusu de\u011fil ortada, onu s\u00f6ylemek isterim. Tabii ki Genelkurmay Ba\u015fkan\u0131 I\u015f\u0131k Ko\u015faner, askeri y\u00f6n\u00fcnden sayg\u0131 duydu\u011fumuz ve de\u011ferli bir komutand\u0131r. Bir s\u00fcredir kendisi ayr\u0131lmay\u0131 d\u00fc\u015f\u00fcnm\u00fc\u015f. Biz kendisinin devam etmesini arzu etmemize ra\u011fmen kendisi bu karar\u0131 verince onu da sayg\u0131yla kar\u015f\u0131lad\u0131k.<\/p>\n<p style=\"text-align: justify;\">Di\u011fer komutanlar zaten bildi\u011finiz gibi emeklilik s\u00fcreleri gelmi\u015fti, emekli olacaklard\u0131. Dolay\u0131s\u0131yla yeni komuta heyetinin sorumluluklar\u0131 alacaklar\u0131 i\u00e7in Askeri \u015eura&#8217;daki b\u00fct\u00fcn \u00e7al\u0131\u015fmalar\u0131 onlar\u0131n g\u00f6t\u00fcrmeleri anormal kar\u015f\u0131land\u0131. Dolay\u0131s\u0131yla bunu normal g\u00f6rmeniz gerekir bu a\u00e7\u0131dan. Her \u015fey de kendi mecras\u0131nda devam ediyor g\u00f6rd\u00fc\u011f\u00fcn\u00fcz gibi, herhangi bir bo\u015fluk da s\u00f6z konusu de\u011fildir.&#8221;<\/p>\n<p style=\"text-align: justify;\">Cumhurba\u015fkan\u0131 G\u00fcl, ba\u015fka bir soru \u00fczerine, T\u00fcrkiye&#8217;nin bir hukuk \u00fclkesi oldu\u011funa ve T\u00fcrkiye&#8217;de kuvvetler ayr\u0131l\u0131\u011f\u0131 bulundu\u011funa i\u015faret ederek, &#8220;Mahkemelerin karar\u0131 ayr\u0131d\u0131r, h\u00fck\u00fcmetlerin, Cumhurba\u015fkan\u0131n\u0131 veya devletin di\u011fer organlar\u0131n\u0131n \u00fclkemizin kuvvetler ayr\u0131l\u0131\u011f\u0131 prensibi oldu\u011funu hepimiz biliyoruz. O a\u00e7\u0131dan yap\u0131labilecek \u015fu anda tabii bir \u015fey yok. Ama \u015funu herkesin bilmesi isterim ki her \u015fey kendi mecras\u0131nda devam ediyor. Ba\u015fbakanl\u0131ktan d\u00fcn yap\u0131lan a\u00e7\u0131klamada g\u00f6rd\u00fc\u011f\u00fcn\u00fcz gibi Askeri \u015eura normal toplant\u0131lar\u0131n\u0131 yapacak ve normal terfiler ve normal g\u00f6r\u00fc\u015fmeler kendi kurallar\u0131 \u00e7er\u00e7evesi i\u00e7erisinde her \u015fey devam edecek&#8221; diye konu\u015ftu.<\/p>\n<p style=\"text-align: justify;\">G\u00fcl, &#8220;D\u00fcnk\u00fc toplant\u0131da kuvvet komutanl\u0131klar\u0131yla ilgili isti\u015fareler olup olmad\u0131\u011f\u0131&#8221; y\u00f6n\u00fcndeki soruya kar\u015f\u0131l\u0131k \u015fu yan\u0131t\u0131 verdi:<\/p>\n<p style=\"text-align: justify;\">&#8220;Onlar ayr\u0131, bunlar ayr\u0131 konular. \u015e\u00fcphesiz ki demin s\u00f6yledi\u011fim gibi yeni komuta heyetinde olacak ki\u015filer bu askeri \u015furay\u0131 zaten y\u00f6netecekler. Say\u0131n Ba\u015fbakan askeri \u015furan\u0131n ba\u015fkan\u0131 olarak&#8230; Onlar kendi isti\u015farelerini kendi kararlar\u0131na ba\u011flayacaklard\u0131r. O bak\u0131mdan herkes T\u00fcrkiye&#8217;de herhangi bir kriz, herhangi bir problem devam ediyor gibi g\u00f6rmesin. \u015e\u00fcphesiz ki d\u00fcnk\u00fc ya\u015fananlar kendi \u00e7ap\u0131nda bir ola\u011fan\u00fcst\u00fc durumdur ama her \u015fey mecras\u0131na girmi\u015ftir, y\u00f6r\u00fcngesine girmi\u015ftir ve normal prosed\u00fcrler i\u015fleyecektir.&#8221;<\/p>\n<p style=\"text-align: justify;\"><a href=\"http:\/\/www.cnnturk.com\/2011\/turkiye\/07\/30\/gul.beklenen.aciklamayi.yapti\/624539.0\/index.html\">Kaynak : CNN T\u00dcRK<\/a><\/p>\n","protected":false},"excerpt":{"rendered":"<p style=\"text-align: center;\">\n<p style=\"text-align: justify;\">Cumhurba\u015fkan\u0131 Abdullah G\u00fcl, Genelkurmay Ba\u015fkan\u0131 ve kuvvet komutanlar\u0131n\u0131n emekliliklerini istemesiyle ilgili, &#8220;Her\u015fey kendi mecras\u0131nda devam ediyor g\u00f6rd\u00fc\u011f\u00fcn\u00fcz gibi, herhangi bir bo\u015fluk s\u00f6z konusu de\u011fil&#8221; dedi.<\/p>\n<p style=\"text-align: justify;\">G\u00fcl, \u0130stanbul&#8217;a hareketinden \u00f6nce Ankara Esenbo\u011fa Havaliman\u0131&#8217;nda gazetecilerin sorular\u0131n\u0131 yan\u0131tlad\u0131. <\/p>\n","protected":false},"author":1,"featured_media":0,"comment_status":"open","ping_status":"open","sticky":false,"template":"","format":"standard","meta":{"footnotes":""},"categories":[105],"tags":[],"class_list":["post-37510","post","type-post","status-publish","format-standard","hentry","category-gundem","odd"],"_links":{"self":[{"href":"http:\/\/www.korhanyilmaz.com\/index.php?rest_route=\/wp\/v2\/posts\/37510","targetHints":{"allow":["GET"]}}],"collection":[{"href":"http:\/\/www.korhanyilmaz.com\/index.php?rest_route=\/wp\/v2\/posts"}],"about":[{"href":"http:\/\/www.korhanyilmaz.com\/index.php?rest_route=\/wp\/v2\/types\/post"}],"author":[{"embeddable":true,"href":"http:\/\/www.korhanyilmaz.com\/index.php?rest_route=\/wp\/v2\/users\/1"}],"replies":[{"embeddable":true,"href":"http:\/\/www.korhanyilmaz.com\/index.php?rest_route=%2Fwp%2Fv2%2Fcomments&post=37510"}],"version-history":[{"count":0,"href":"http:\/\/www.korhanyilmaz.com\/index.php?rest_route=\/wp\/v2\/posts\/37510\/revisions"}],"wp:attachment":[{"href":"http:\/\/www.korhanyilmaz.com\/index.php?rest_route=%2Fwp%2Fv2%2Fmedia&parent=37510"}],"wp:term":[{"taxonomy":"category","embeddable":true,"href":"http:\/\/www.korhanyilmaz.com\/index.php?rest_route=%2Fwp%2Fv2%2Fcategories&post=37510"},{"taxonomy":"post_tag","embeddable":true,"href":"http:\/\/www.korhanyilmaz.com\/index.php?rest_route=%2Fwp%2Fv2%2Ftags&post=37510"}],"curies":[{"name":"wp","href":"https:\/\/api.w.org\/{rel}","templated":true}]}}