{"id":37506,"date":"2010-12-03T23:21:22","date_gmt":"2010-12-03T21:21:22","guid":{"rendered":"http:\/\/www.korhanyilmaz.com\/?p=37506"},"modified":"2011-07-30T15:42:02","modified_gmt":"2011-07-30T12:42:02","slug":"%e2%80%98umraniye%e2%80%99de-ses-kaydi-soku","status":"publish","type":"post","link":"http:\/\/www.korhanyilmaz.com\/?p=37506","title":{"rendered":"\u2018\u00dcmraniye\u2019de ses kayd\u0131 \u015foku"},"content":{"rendered":"<p style=\"text-align: center;\"><a href=\"http:\/\/www.korhanyilmaz.com\/wp-content\/uploads\/2011\/07\/2142.jpg\"  class=\"lightview\"><img loading=\"lazy\" decoding=\"async\" class=\"aligncenter size-full wp-image-37507\" src=\"http:\/\/www.korhanyilmaz.com\/wp-content\/uploads\/2011\/07\/2142.jpg\" alt=\"\" width=\"400\" height=\"300\" \/><\/a><\/p>\n<p style=\"text-align: justify;\"><strong>Erdo\u011fan, G\u00fcr\u2019den para istemi\u015f<\/strong><\/p>\n<p style=\"text-align: justify;\">\u00dcmran\u0130ye Davas\u0131\u2019n\u0131n d\u00fcn yap\u0131lan 166. duru\u015fmas\u0131nda Do\u011fu Perin\u00e7ek, Ba\u015fbakan Erdo\u011fan\u2019\u0131n i\u015fadam\u0131 Remzi G\u00fcr\u2019den k\u0131z\u0131 i\u00e7in para istedi\u011fi iddia edilen bir ses kayd\u0131n\u0131 dinletti. Perin\u00e7ek, \u201cG\u00fcr, Erdo\u011fan\u2019\u0131n yurt d\u0131\u015f\u0131 hesaplar\u0131n\u0131n muhasebecisi\u201d dedi.<\/p>\n<p style=\"text-align: justify;\"><strong>\u201cServet&#8230;\u201d diyen tutuklan\u0131yor!<\/strong><\/p>\n<p style=\"text-align: justify;\">Erdo\u011fan\u2019\u0131n 2 g\u00fcn \u00f6nce \u201c1 milyar dolarl\u0131k servet hakk\u0131nda ge\u00e7mi\u015fte a\u00e7\u0131klama yapanlar\u0131n \u015fimdi Silivri\u2019de oldu\u011funu s\u00f6yledi\u011fini\u201d hat\u0131rlatan Perin\u00e7ek, Erdo\u011fan\u2019\u0131n talimat\u0131 \u00fczerine tutukland\u0131klar\u0131n\u0131 \u00f6ne s\u00fcrd\u00fc ve Ba\u015fkan \u015eeng\u00fcn d\u0131\u015f\u0131ndaki 2 hakimi ele\u015ftirdi. <!--more--><\/p>\n<p style=\"text-align: justify;\"><strong>Perin\u00e7ek ses kayd\u0131 dinletti<\/strong><\/p>\n<p style=\"text-align: justify;\">\u00dcmraniye Davas\u0131\u2019n\u0131n d\u00fcnk\u00fc duru\u015fmas\u0131nda Do\u011fu Perin\u00e7ek, Ba\u015fbakan Erdo\u011fan\u2019\u0131n i\u015f adam\u0131 Remzi G\u00fcr\u2019den k\u0131z\u0131 i\u00e7in para istedi\u011fi iddia edilen bir ses kayd\u0131n\u0131 mahkeme salonunda dinletti.<\/p>\n<p style=\"text-align: justify;\">Birinci \u00dcmraniye davas\u0131n\u0131n 166. duru\u015fmas\u0131 d\u00fcn ger\u00e7ekle\u015ftirildi. \u0130stanbul 13. A\u011f\u0131r Ceza Mahkemesince Silivri Ceza \u0130nfaz Kurumlar\u0131 Yerle\u015fkesi\u2019nde olu\u015fturulan salonda yap\u0131lan duru\u015fmada, \u0130\u015f\u00e7i Partisi (\u0130P) Genel Ba\u015fkan\u0131 Do\u011fu Perin\u00e7ek, Ayd\u0131nl\u0131k dergisindeki aramalarda ele ge\u00e7irilerek dosyaya konulan Ba\u015fbakan Recep Tayyip Erdo\u011fan ile Remzi G\u00fcr aras\u0131nda ge\u00e7en telefon kayd\u0131n\u0131 dinletti. Bu kay\u0131tta Ba\u015fbakan Erdo\u011fan\u2019\u0131n G\u00fcr\u2019den k\u0131z\u0131 i\u00e7in para g\u00f6ndermesini istedi\u011fini savunan Perin\u00e7ek, G\u00fcr\u2019\u00fcn Erdo\u011fan\u2019\u0131n yurt d\u0131\u015f\u0131ndaki hesaplar\u0131n\u0131n muhasebecisi oldu\u011funu iddia etti.<\/p>\n<p style=\"text-align: justify;\"><strong>Olay ispatlanm\u0131\u015ft\u0131r<\/strong><\/p>\n<p style=\"text-align: justify;\">Perin\u00e7ek, Erdo\u011fan\u2019\u0131n \u0130svi\u00e7re\u2019de 8 banka hesab\u0131 oldu\u011funa ili\u015fkin belgeyi 6 y\u0131ld\u0131r elinde tuttu\u011funu ileri s\u00fcrerek, WikiLeaks belgelerinin de bunu kan\u0131tlad\u0131\u011f\u0131n\u0131 s\u00f6yledi. Perin\u00e7ek, \u201cOlay art\u0131k ispatlanm\u0131\u015ft\u0131r. \u00c7\u00fcnk\u00fc bizzat ABD B\u00fcy\u00fckel\u00e7isi Edelman\u2019\u0131n bu \u2019s\u0131rda\u015f hesap\u2019bilgisini, 30 Aral\u0131k 2004 tarihinde bir kriptoyla ABD D\u0131\u015fi\u015fleri Bakanl\u0131\u011f\u0131na da ula\u015ft\u0131rd\u0131\u011f\u0131 ortaya \u00e7\u0131km\u0131\u015ft\u0131r\u201d dedi. Erdo\u011fan\u2019\u0131n 2 g\u00fcn \u00f6nce \u201cBir milyar dolarl\u0131k servet hakk\u0131nda ge\u00e7mi\u015fte a\u00e7\u0131klama yapanlar\u0131n \u015fimdi Silivri\u2019de oldu\u011funu s\u00f6yledi\u011fini\u201d ifade eden Perin\u00e7ek, Erdo\u011fan\u2019\u0131n talimat\u0131 \u00fczerine tutukland\u0131klar\u0131n\u0131 \u00f6ne s\u00fcrd\u00fc.<\/p>\n<p style=\"text-align: justify;\"><strong>Remzi G\u00fcr r\u00fc\u015fvetten su\u00e7lu bulunmu\u015ftu<\/strong><\/p>\n<p style=\"text-align: justify;\">Ankara 10. A\u011f\u0131r Ceza Mahkemesi, Ba\u015fbakan Tayyip Erdo\u011fan\u2019a yak\u0131nl\u0131\u011f\u0131yla bilinen i\u015f adam\u0131 Remzi G\u00fcr\u2019\u00fcn Cumhurba\u015fkanl\u0131\u011f\u0131 se\u00e7imi \u00f6ncesinde, eski CHP Kastamonu Milletvekili Mehmet Y\u0131ld\u0131r\u0131m\u2019a \u201cr\u00fc\u015fvet vermeye te\u015febb\u00fcs etti\u011fi\u201d iddias\u0131yla yarg\u0131land\u0131\u011f\u0131 davay\u0131 sal\u0131 g\u00fcn\u00fc karara ba\u011flam\u0131\u015ft\u0131. Remzi G\u00fcr\u2019\u00fc, \u201cr\u00fc\u015fvet vermeye te\u015febb\u00fcs etmek\u201d su\u00e7undan 10 ay hapis cezas\u0131na \u00e7arpt\u0131ran mahkeme, bu cezay\u0131 6 bin TL para cezas\u0131na \u00e7evirmi\u015fti.<\/p>\n<p style=\"text-align: justify;\"><a href=\"http:\/\/www.yenicaggazetesi.com.tr\/yg\/habergoster.php?haber=43016\" target=\"_blank\">Kaynak : Salim Yava\u015fo\u011flu &#8211; Yeni\u00e7a\u011f Gazetesi<\/a><\/p>\n","protected":false},"excerpt":{"rendered":"<p style=\"text-align: center;\">\n<p style=\"text-align: justify;\">Erdo\u011fan, G\u00fcr\u2019den para istemi\u015f<\/p>\n<p style=\"text-align: justify;\">\u00dcmran\u0130ye Davas\u0131\u2019n\u0131n d\u00fcn yap\u0131lan 166. duru\u015fmas\u0131nda Do\u011fu Perin\u00e7ek, Ba\u015fbakan Erdo\u011fan\u2019\u0131n i\u015fadam\u0131 Remzi G\u00fcr\u2019den k\u0131z\u0131 i\u00e7in para istedi\u011fi iddia edilen bir ses kayd\u0131n\u0131 dinletti. Perin\u00e7ek, \u201cG\u00fcr, Erdo\u011fan\u2019\u0131n yurt d\u0131\u015f\u0131 hesaplar\u0131n\u0131n muhasebecisi\u201d dedi.<\/p>\n<p style=\"text-align: justify;\">\u201cServet&#8230;\u201d diyen tutuklan\u0131yor!<\/p>\n<p style=\"text-align: justify;\">Erdo\u011fan\u2019\u0131n 2 g\u00fcn \u00f6nce \u201c1 milyar <\/p>\n","protected":false},"author":1,"featured_media":0,"comment_status":"open","ping_status":"open","sticky":false,"template":"","format":"standard","meta":{"footnotes":""},"categories":[105],"tags":[278],"class_list":["post-37506","post","type-post","status-publish","format-standard","hentry","category-gundem","tag-remzi-gur","odd"],"_links":{"self":[{"href":"http:\/\/www.korhanyilmaz.com\/index.php?rest_route=\/wp\/v2\/posts\/37506","targetHints":{"allow":["GET"]}}],"collection":[{"href":"http:\/\/www.korhanyilmaz.com\/index.php?rest_route=\/wp\/v2\/posts"}],"about":[{"href":"http:\/\/www.korhanyilmaz.com\/index.php?rest_route=\/wp\/v2\/types\/post"}],"author":[{"embeddable":true,"href":"http:\/\/www.korhanyilmaz.com\/index.php?rest_route=\/wp\/v2\/users\/1"}],"replies":[{"embeddable":true,"href":"http:\/\/www.korhanyilmaz.com\/index.php?rest_route=%2Fwp%2Fv2%2Fcomments&post=37506"}],"version-history":[{"count":0,"href":"http:\/\/www.korhanyilmaz.com\/index.php?rest_route=\/wp\/v2\/posts\/37506\/revisions"}],"wp:attachment":[{"href":"http:\/\/www.korhanyilmaz.com\/index.php?rest_route=%2Fwp%2Fv2%2Fmedia&parent=37506"}],"wp:term":[{"taxonomy":"category","embeddable":true,"href":"http:\/\/www.korhanyilmaz.com\/index.php?rest_route=%2Fwp%2Fv2%2Fcategories&post=37506"},{"taxonomy":"post_tag","embeddable":true,"href":"http:\/\/www.korhanyilmaz.com\/index.php?rest_route=%2Fwp%2Fv2%2Ftags&post=37506"}],"curies":[{"name":"wp","href":"https:\/\/api.w.org\/{rel}","templated":true}]}}