{"id":37498,"date":"2011-04-28T17:43:29","date_gmt":"2011-04-28T14:43:29","guid":{"rendered":"http:\/\/www.korhanyilmaz.com\/?p=37498"},"modified":"2011-07-30T15:19:54","modified_gmt":"2011-07-30T12:19:54","slug":"aydinlik-dergisine-basbakan-erdoganin-ses-kaydi-cezasi","status":"publish","type":"post","link":"http:\/\/www.korhanyilmaz.com\/?p=37498","title":{"rendered":"Ayd\u0131nl\u0131k Dergisi&#8217;ne ba\u015fbakan Erdogan&#8217;\u0131n ses kayd\u0131 cezas\u0131"},"content":{"rendered":"<p style=\"text-align: justify;\"><a href=\"http:\/\/www.korhanyilmaz.com\/wp-content\/uploads\/2011\/07\/2140.jpg\"  class=\"lightview\"><img loading=\"lazy\" decoding=\"async\" class=\"aligncenter size-full wp-image-37499\" title=\"\" src=\"http:\/\/www.korhanyilmaz.com\/wp-content\/uploads\/2011\/07\/2140.jpg\" alt=\"\" width=\"300\" height=\"200\" \/><\/a><\/p>\n<p style=\"text-align: justify;\">Ayd\u0131nl\u0131k Dergisi, Ba\u015fbakan Erdo\u011fan ile i\u015fadam\u0131 Remzi G\u00fcr aras\u0131ndaki telefon g\u00f6r\u00fc\u015fmesi y\u00fcz\u00fcnden ceza ald\u0131.<\/p>\n<p style=\"text-align: justify;\">Ayd\u0131nl\u0131k Dergisi\u2019nin eski Sorumlusu Yaz\u0131 \u0130\u015fleri M\u00fcd\u00fcr\u00fc Zahide Ruhsar \u015eeno\u011flu, Ba\u015fbakan Recep Tayyip Erdo\u011fan ile i\u015f adam\u0131 Remzi G\u00fcr aras\u0131nda ge\u00e7ti\u011fi \u00f6ne s\u00fcr\u00fclen bir konu\u015fmaya ili\u015fkin haber nedeniyle yarg\u0131land\u0131\u011f\u0131 davada, 3 bin TL para cezas\u0131na \u00e7arpt\u0131r\u0131ld\u0131. <!--more--><\/p>\n<p style=\"text-align: justify;\">\u0130stanbul 2. Asliye Ceza Mahkemesi Hakimi Sevim Efendiler, san\u0131k Zahide Ruhsar \u015eeno\u011flu\u2019nun kayda al\u0131nan konu\u015fmalar\u0131, ki\u015filerin izni olmadan yay\u0131mlad\u0131\u011f\u0131 ve bunu bas\u0131n yoluyla yapt\u0131\u011f\u0131n\u0131n t\u00fcm dosya kapsam\u0131ndan anla\u015f\u0131ld\u0131\u011f\u0131n\u0131 belirterek, san\u0131\u011f\u0131 6 ay hapis cezas\u0131na \u00e7arpt\u0131rd\u0131. \u015eeno\u011flu\u2019nun duru\u015fmadaki tutum ve davran\u0131\u015f\u0131n\u0131 lehe indirim sebebi olarak kabul eden Efendiler, cezay\u0131 5 aya indirdi.<\/p>\n<p style=\"text-align: justify;\">San\u0131k hakk\u0131nda, ge\u00e7mi\u015fteki hali ve ki\u015fili\u011fi g\u00f6z \u00f6n\u00fcne al\u0131narak, \u2019\u2019h\u00fck\u00fcm a\u00e7\u0131klanmas\u0131n\u0131n geri b\u0131rak\u0131lmas\u0131n\u0131\u2019\u2019 d\u00fczenleyen CMK\u2019n\u0131n 231. maddesinin uygulanmas\u0131na yer olmad\u0131\u011f\u0131na karar veren Efendiler, TCK\u2019n\u0131n 51. maddesi uyar\u0131nca 5 ayl\u0131k hapis cezas\u0131n\u0131 3 bin TL adli para cezas\u0131na \u00e7evirdi.<\/p>\n<p style=\"text-align: justify;\">San\u0131k hakk\u0131nda \u2019\u2019sesli g\u00f6r\u00fcnt\u00fcl\u00fc bir ileti ile hakaret\u2019\u2019ten de dava a\u00e7\u0131ld\u0131\u011f\u0131n\u0131 hat\u0131rlatan Efendiler, dava konusu yaz\u0131da hakaret i\u00e7eren s\u00f6zlerin bulunmad\u0131\u011f\u0131n\u0131 belirterek, unsurlar\u0131 olu\u015fmayan su\u00e7tan san\u0131\u011f\u0131n beraat\u0131na karar verdi.<\/p>\n<p style=\"text-align: justify;\">\u015eeno\u011flu\u2019nun \u2019\u2019ki\u015filer aras\u0131nda aleni olmayan konu\u015fmalar\u0131 kayda almak\u2019\u2019 su\u00e7undan da cezaland\u0131r\u0131lmas\u0131n\u0131n talep edildi\u011fini hat\u0131rlatan hakim Efendiler, ki\u015filer aras\u0131nda aleni olmayan konu\u015fmalar\u0131n kayda al\u0131nd\u0131\u011f\u0131na dair dosyada her hangi bir delil olmad\u0131\u011f\u0131n\u0131 ifade ederek, bu su\u00e7tan da san\u0131\u011f\u0131n beraat\u0131na h\u00fckmetti.<\/p>\n<p style=\"text-align: justify;\">Hakim Efendiler, san\u0131\u011f\u0131n deneme s\u00fcresi i\u00e7erisinde yeni bir su\u00e7 i\u015fledi\u011fi g\u00f6z \u00f6n\u00fcne al\u0131narak daha \u00f6nce h\u00fckm\u00fcn a\u00e7\u0131klanmas\u0131n\u0131n geri b\u0131rak\u0131lmas\u0131 karar\u0131yla sonu\u00e7lanan dava dosyas\u0131n\u0131n da verilen karar kesinle\u015ftikten sonra tekrar ele al\u0131nmas\u0131n\u0131 kararla\u015ft\u0131rd\u0131.<\/p>\n<p style=\"text-align: justify;\">\u0130ddianameden, i\u015f adam\u0131 Remzi G\u00fcr\u2019\u00fcn avukat\u0131n\u0131n \u015fikayetinde, Ayd\u0131nl\u0131k Dergisi\u2019nin 25 Ekim 2009 tarihli say\u0131s\u0131nda yay\u0131mlanan \u2019\u2019\u0130spatl\u0131yoruz! Remzi G\u00fcr Tayyip\u2019in gizli kasas\u0131\u2019\u2019 ba\u015fl\u0131kl\u0131 yaz\u0131da, Ba\u015fbakan Recep Tayyip Erdo\u011fan ile G\u00fcr aras\u0131nda ge\u00e7ti\u011fi \u00f6ne s\u00fcr\u00fclen bir konu\u015fmaya yer verildi\u011finin anlat\u0131larak, yaz\u0131da su\u00e7 unsurlar\u0131 bulundu\u011funun bildirildi\u011fi kaydediliyordu.<\/p>\n<p style=\"text-align: justify;\">Yaz\u0131da ba\u015fl\u0131\u011f\u0131 ve verili\u015f \u015fekli dikkate al\u0131nd\u0131\u011f\u0131nda haber verme ve ele\u015ftiri hakk\u0131n\u0131n a\u015f\u0131ld\u0131\u011f\u0131 belirtilen iddianamede, derginin Sorumlu Yaz\u0131 \u0130\u015fleri M\u00fcd\u00fcr\u00fc Zahide Ruhsar \u015eeno\u011flu\u2019nun, \u2019\u2019kayda al\u0131nan konu\u015fmalar\u0131 yay\u0131mlamak\u2019\u2019, \u2019\u2019ki\u015filer aras\u0131ndaki aleni olmayan konu\u015fmalar\u0131 kay\u0131t etmek\u2019\u2019 ve \u2019\u2019yaz\u0131l\u0131 ve g\u00f6r\u00fcnt\u00fcl\u00fc bir ileti ile hakaret etmek\u2019\u2019 su\u00e7lar\u0131ndan yarg\u0131lanmas\u0131 isteniyordu.<\/p>\n<p style=\"text-align: justify;\"><a href=\"http:\/\/www.medyaradar.com\/haber\/gundem-61254\/aydinlik-dergisine-basbakan-erdoganin-ses-kaydi-cezasi.html\" target=\"_blank\">Kaynak : medyaradar.com<\/a><\/p>\n","protected":false},"excerpt":{"rendered":"<p style=\"text-align: justify;\">\n<p style=\"text-align: justify;\">Ayd\u0131nl\u0131k Dergisi, Ba\u015fbakan Erdo\u011fan ile i\u015fadam\u0131 Remzi G\u00fcr aras\u0131ndaki telefon g\u00f6r\u00fc\u015fmesi y\u00fcz\u00fcnden ceza ald\u0131.<\/p>\n<p style=\"text-align: justify;\">Ayd\u0131nl\u0131k Dergisi\u2019nin eski Sorumlusu Yaz\u0131 \u0130\u015fleri M\u00fcd\u00fcr\u00fc Zahide Ruhsar \u015eeno\u011flu, Ba\u015fbakan Recep Tayyip Erdo\u011fan ile i\u015f adam\u0131 Remzi G\u00fcr aras\u0131nda ge\u00e7ti\u011fi \u00f6ne s\u00fcr\u00fclen bir konu\u015fmaya ili\u015fkin haber nedeniyle yarg\u0131land\u0131\u011f\u0131 davada, 3 bin TL para <\/p>\n","protected":false},"author":1,"featured_media":0,"comment_status":"open","ping_status":"open","sticky":false,"template":"","format":"standard","meta":{"footnotes":""},"categories":[105],"tags":[278],"class_list":["post-37498","post","type-post","status-publish","format-standard","hentry","category-gundem","tag-remzi-gur","odd"],"_links":{"self":[{"href":"http:\/\/www.korhanyilmaz.com\/index.php?rest_route=\/wp\/v2\/posts\/37498","targetHints":{"allow":["GET"]}}],"collection":[{"href":"http:\/\/www.korhanyilmaz.com\/index.php?rest_route=\/wp\/v2\/posts"}],"about":[{"href":"http:\/\/www.korhanyilmaz.com\/index.php?rest_route=\/wp\/v2\/types\/post"}],"author":[{"embeddable":true,"href":"http:\/\/www.korhanyilmaz.com\/index.php?rest_route=\/wp\/v2\/users\/1"}],"replies":[{"embeddable":true,"href":"http:\/\/www.korhanyilmaz.com\/index.php?rest_route=%2Fwp%2Fv2%2Fcomments&post=37498"}],"version-history":[{"count":0,"href":"http:\/\/www.korhanyilmaz.com\/index.php?rest_route=\/wp\/v2\/posts\/37498\/revisions"}],"wp:attachment":[{"href":"http:\/\/www.korhanyilmaz.com\/index.php?rest_route=%2Fwp%2Fv2%2Fmedia&parent=37498"}],"wp:term":[{"taxonomy":"category","embeddable":true,"href":"http:\/\/www.korhanyilmaz.com\/index.php?rest_route=%2Fwp%2Fv2%2Fcategories&post=37498"},{"taxonomy":"post_tag","embeddable":true,"href":"http:\/\/www.korhanyilmaz.com\/index.php?rest_route=%2Fwp%2Fv2%2Ftags&post=37498"}],"curies":[{"name":"wp","href":"https:\/\/api.w.org\/{rel}","templated":true}]}}