{"id":3749,"date":"2009-02-26T17:37:56","date_gmt":"2009-02-26T15:37:56","guid":{"rendered":"http:\/\/www.korhanyilmaz.com\/?p=3749"},"modified":"2009-02-26T17:37:56","modified_gmt":"2009-02-26T15:37:56","slug":"ergenekon-patlayicilari-fikret-emeki-yakti","status":"publish","type":"post","link":"http:\/\/www.korhanyilmaz.com\/?p=3749","title":{"rendered":"Ergenekon patlay\u0131c\u0131lar\u0131 Fikret Emek&#039;i yakt\u0131"},"content":{"rendered":"<p style=\"text-align: center;\"><img loading=\"lazy\" decoding=\"async\" class=\"aligncenter size-full wp-image-3750\" title=\"Ergenekon patlay\u0131c\u0131lar\u0131 Fikret Emek'i yakt\u0131\" src=\"http:\/\/www.korhanyilmaz.com\/wp-content\/uploads\/2009\/02\/fft5_mf127066.jpeg\" alt=\"Ergenekon patlay\u0131c\u0131lar\u0131 Fikret Emek'i yakt\u0131\" width=\"360\" height=\"240\" \/><\/p>\n<p style=\"text-align: justify;\"><strong>Askeri mahkemeden 1 y\u0131l 8 ayl\u0131k hapis cezas\u0131<\/strong><\/p>\n<p style=\"text-align: justify;\">Ergenekon davas\u0131n\u0131n tutuklu san\u0131\u011f\u0131 emekli binba\u015f\u0131 Firket Emek, annesinin evinde ele ge\u00e7irilen silah ve patlay\u0131c\u0131 maddelerle ilgili olarak yarg\u0131land\u0131\u011f\u0131 askeri mahkeme taraf\u0131ndan su\u00e7lu bulundu ve 1 y\u0131l 8 ay 25 g\u00fcn hapis cezas\u0131na \u00e7arpt\u0131r\u0131ld\u0131. Mahkeme emek&#8217;in ald\u0131\u011f\u0131 cezan\u0131n 2 y\u0131ldan fazla olmamas\u0131, tutum ve davran\u0131\u015flar\u0131n\u0131 g\u00f6z\u00f6n\u00fcne alarak 5 y\u0131l denetim kayd\u0131yla h\u00fckm\u00fc uygulamamaya karar verdi. Mahkeme ayr\u0131ca emek&#8217;in TSK&#8217;dan \u00e7\u0131kar\u0131lmas\u0131na gerek olmad\u0131\u011f\u0131na da karar verdi. Ergenekon davas\u0131n\u0131n dosyas\u0131na giren mahkumiyet karar\u0131 25 Aral\u0131k 2008 tarihini ta\u015f\u0131yor.<\/p>\n<p style=\"text-align: justify;\"><span style=\"color: #888888;\">Kaynak : Radikal Gazetesi<\/span><\/p>\n","protected":false},"excerpt":{"rendered":"<p style=\"text-align: center;\">\n<p style=\"text-align: justify;\">Askeri mahkemeden 1 y\u0131l 8 ayl\u0131k hapis cezas\u0131<\/p>\n<p style=\"text-align: justify;\">Ergenekon davas\u0131n\u0131n tutuklu san\u0131\u011f\u0131 emekli binba\u015f\u0131 Firket Emek, annesinin evinde ele ge\u00e7irilen silah ve patlay\u0131c\u0131 maddelerle ilgili olarak yarg\u0131land\u0131\u011f\u0131 askeri mahkeme taraf\u0131ndan su\u00e7lu bulundu ve 1 y\u0131l 8 ay 25 g\u00fcn hapis cezas\u0131na \u00e7arpt\u0131r\u0131ld\u0131. Mahkeme emek&#8217;in ald\u0131\u011f\u0131 cezan\u0131n 2 y\u0131ldan <\/p>\n","protected":false},"author":1,"featured_media":0,"comment_status":"open","ping_status":"closed","sticky":false,"template":"","format":"standard","meta":{"footnotes":""},"categories":[105],"tags":[],"class_list":["post-3749","post","type-post","status-publish","format-standard","hentry","category-gundem","odd"],"_links":{"self":[{"href":"http:\/\/www.korhanyilmaz.com\/index.php?rest_route=\/wp\/v2\/posts\/3749","targetHints":{"allow":["GET"]}}],"collection":[{"href":"http:\/\/www.korhanyilmaz.com\/index.php?rest_route=\/wp\/v2\/posts"}],"about":[{"href":"http:\/\/www.korhanyilmaz.com\/index.php?rest_route=\/wp\/v2\/types\/post"}],"author":[{"embeddable":true,"href":"http:\/\/www.korhanyilmaz.com\/index.php?rest_route=\/wp\/v2\/users\/1"}],"replies":[{"embeddable":true,"href":"http:\/\/www.korhanyilmaz.com\/index.php?rest_route=%2Fwp%2Fv2%2Fcomments&post=3749"}],"version-history":[{"count":0,"href":"http:\/\/www.korhanyilmaz.com\/index.php?rest_route=\/wp\/v2\/posts\/3749\/revisions"}],"wp:attachment":[{"href":"http:\/\/www.korhanyilmaz.com\/index.php?rest_route=%2Fwp%2Fv2%2Fmedia&parent=3749"}],"wp:term":[{"taxonomy":"category","embeddable":true,"href":"http:\/\/www.korhanyilmaz.com\/index.php?rest_route=%2Fwp%2Fv2%2Fcategories&post=3749"},{"taxonomy":"post_tag","embeddable":true,"href":"http:\/\/www.korhanyilmaz.com\/index.php?rest_route=%2Fwp%2Fv2%2Ftags&post=3749"}],"curies":[{"name":"wp","href":"https:\/\/api.w.org\/{rel}","templated":true}]}}