{"id":37458,"date":"2011-07-30T08:54:39","date_gmt":"2011-07-30T05:54:39","guid":{"rendered":"http:\/\/www.korhanyilmaz.com\/?p=37458"},"modified":"2011-07-30T09:57:44","modified_gmt":"2011-07-30T06:57:44","slug":"dakika-dakika-istifa-depremi","status":"publish","type":"post","link":"http:\/\/www.korhanyilmaz.com\/?p=37458","title":{"rendered":"Dakika dakika istifa depremi"},"content":{"rendered":"<p style=\"text-align: justify;\"><a href=\"http:\/\/www.korhanyilmaz.com\/wp-content\/uploads\/2011\/07\/2128.jpg\"  class=\"lightview\"><img loading=\"lazy\" decoding=\"async\" class=\"aligncenter size-full wp-image-37459\" title=\"\" src=\"http:\/\/www.korhanyilmaz.com\/wp-content\/uploads\/2011\/07\/2128.jpg\" alt=\"\" width=\"350\" height=\"210\" \/><\/a><\/p>\n<p style=\"text-align: justify;\"><span style=\"text-decoration: underline;\">Genelkurmay Ba\u015fkan\u0131 Org. I\u015f\u0131k Ko\u015faner ile kuvvet komutanlar\u0131n\u0131 istifaya g\u00f6t\u00fcren kriz dakika dakika \u015f\u00f6yle geli\u015fti:<\/span><\/p>\n<p style=\"text-align: justify;\">10.30 \u00c7ankaya K\u00f6\u015fk\u00fc\u2019nde Cumhurba\u015fkan\u0131, Ba\u015fbakan ve Genelkurmay Ba\u015fkan\u0131 \u00fc\u00e7l\u00fc zirvede bulu\u015ftu.<\/p>\n<p style=\"text-align: justify;\">11.30 \u00c7ankaya K\u00f6\u015fk\u00fc\u2019ndeki \u00fc\u00e7l\u00fc zirve sona erdi. G\u00fcl ve Erdo\u011fan, ba\u015fba\u015fa g\u00f6r\u00fc\u015fmeye ge\u00e7ti.<\/p>\n<p style=\"text-align: justify;\">12.00 Ba\u015fbakan K\u00f6\u015fk\u2019ten \u00e7\u0131kt\u0131.<!--more--><\/p>\n<p style=\"text-align: justify;\">14.00 Cumhurba\u015fkan\u0131 G\u00fcl, cuma namaz\u0131 \u00e7\u0131k\u0131\u015f\u0131nda \u201cCumhurba\u015fkan\u0131 olarak neye imza att\u0131\u011f\u0131m\u0131 bilirim. G\u00f6z\u00fc kapal\u0131 kimse bir \u015feye imza atmaz\u201d a\u00e7\u0131klamas\u0131n\u0131 yapt\u0131.<\/p>\n<p style=\"text-align: justify;\">14.40 Bir t\u00fcmgeneral, Ba\u015fbakanl\u0131k merkez binaya geldi.<\/p>\n<p style=\"text-align: justify;\">14.50 T\u00fcmgeneral, Ba\u015fbakanl\u0131k\u2019tan ayr\u0131ld\u0131.<\/p>\n<p style=\"text-align: justify;\">15.00 Adalet Bakan\u0131 Sadullah Ergin, Ba\u015fbakanl\u0131k\u2019a geldi.<\/p>\n<p style=\"text-align: justify;\">15.50 Bakan Ergin, Ba\u015fbakanl\u0131k\u2019tan ayr\u0131ld\u0131.<\/p>\n<p style=\"text-align: justify;\">18.17 Ko\u015faner\u2019in emeklili\u011fini istedi\u011fi haberi bomba gibi d\u00fc\u015ft\u00fc.<\/p>\n<p style=\"text-align: justify;\">18.27 Ko\u015faner\u2019in ard\u0131ndan Kara Kuvvetleri Komutan\u0131 Org. Erdal Ceylano\u011flu, Hava Kuvvetleri Komutan\u0131 Org. Hasan Aksay ile Deniz Kuvvetleri Komutan\u0131 Oramiral E\u015fref U\u011fur Yi\u011fit de emeklili\u011fini istedi.<\/p>\n<p style=\"text-align: justify;\">19.00 Ba\u015fbakan Yard\u0131mc\u0131s\u0131 Be\u015fir Atalay, Ba\u015fbakanl\u0131k\u2019a geldi.<\/p>\n<p style=\"text-align: justify;\">19.18 Ba\u015fbakan i\u00e7in \u00e7\u0131k\u0131\u015f haz\u0131rl\u0131\u011f\u0131 verildi.<\/p>\n<p style=\"text-align: justify;\">19.19 Ba\u015fbakan\u2019\u0131n \u00e7\u0131k\u0131\u015f\u0131 iptal edildi, makam arac\u0131 garaja \u00e7ekildi.<\/p>\n<p style=\"text-align: justify;\">19.20 Jandarma Genel Komutan\u0131 Orgeneral Necdet \u00d6zel, Ba\u015fbakanl\u0131k merkez binaya geldi.<\/p>\n<p style=\"text-align: justify;\">20.04 Org. \u00d6zel, Ba\u015fbakanl\u0131k\u2019tan ayr\u0131ld\u0131.<\/p>\n<p style=\"text-align: justify;\">20.12 Org. \u00d6zel K\u00f6\u015fk\u2019e \u00e7\u0131kt\u0131.<\/p>\n<p style=\"text-align: justify;\">20.24 Erdo\u011fan, Ba\u015fbakanl\u0131k&#8217;tan \u00e7\u0131k\u0131\u015f yapt\u0131.<\/p>\n<p style=\"text-align: justify;\">20.29 Erdo\u011fan da K\u00f6\u015fk\u2019e geldi.<\/p>\n<p style=\"text-align: justify;\">20.30 Ba\u015fbakan\u2019\u0131n dan\u0131\u015fman\u0131 H\u00fcseyin Besli de K\u00f6\u015fk\u2019e geldi.<\/p>\n<p style=\"text-align: justify;\">21.33 Cumhurba\u015fkan\u0131, Ba\u015fbakan ve Jandarma Genel Komutan\u0131\u2019n\u0131n g\u00f6r\u00fc\u015fmesi sona erdi.<\/p>\n<p style=\"text-align: justify;\">21.35 Ba\u015fbakan Erdo\u011fan ve Besli, K\u00f6\u015fk\u2019ten ayr\u0131larak, Resmi Konut\u2019a ge\u00e7ti. \u00d6zel de K\u00f6\u015fk\u2019\u00fcn ba\u015fka bir kap\u0131s\u0131ndan \u00e7\u0131kt\u0131.<\/p>\n<p style=\"text-align: justify;\">21.45 Ba\u015fbakanl\u0131k M\u00fcste\u015far\u0131 Efkan Ala, \u00c7ankaya K\u00f6\u015fk\u00fc\u2019ne geldi.<\/p>\n<p style=\"text-align: justify;\">22.03 Ala, K\u00f6\u015fk\u2019ten \u00e7\u0131k\u0131p, Resmi Konut\u2019a ge\u00e7ti.<\/p>\n<p style=\"text-align: justify;\">22.15 Org. \u00d6zel, Cumhurba\u015fkan\u0131\u2019n\u0131n imzalad\u0131\u011f\u0131 kararname ile Kara Kuvvetleri Komutan\u0131 olarak atand\u0131.<\/p>\n<p style=\"text-align: justify;\">22.30 Ala, yeniden \u00c7ankaya K\u00f6\u015fk\u00fc&#8217;ne giri\u015f yapt\u0131.<\/p>\n<p style=\"text-align: justify;\">22.35 Ala, K\u00f6\u015fk&#8217;ten ayr\u0131ld\u0131. CHP Genel Ba\u015fkan\u0131 Kemal K\u0131l\u0131\u00e7daro\u011flu, tatilini yar\u0131da keserek Ankara&#8217;ya geldi.<\/p>\n<p style=\"text-align: justify;\">23.30 Ba\u015fbakan Erdo\u011fan, \u00c7ankaya K\u00f6\u015fk\u00fc&#8217;nden \u00e7\u0131kt\u0131ktan sonra geldi\u011fi ve 2 saat kald\u0131\u011f\u0131 Resmi Konut&#8217;tan ayr\u0131ld\u0131.<\/p>\n<p style=\"text-align: justify;\">23.35 Ba\u015fbakanl\u0131k, ayn\u0131 saatlerde Jandarma Genel Komutan\u0131 Orgeneral Necdet \u00d6zel\u2019in, Kara Kuvvetleri Komutanl\u0131\u011f\u0131na atanmas\u0131na ili\u015fkin kararnamenin Cumhurba\u015fkan\u0131nca onayland\u0131\u011f\u0131n\u0131, Orgeneral \u00d6zel&#8217;in Ba\u015fbakanl\u0131k onay\u0131yla Genelkurmay Ba\u015fkan Vekili olarak g\u00f6revlendirildi\u011fini a\u00e7\u0131klad\u0131. 1 A\u011fustos\u2019ta ba\u015flamas\u0131 planlanan Y\u00fcksek Askeri \u015eura Toplant\u0131s\u0131&#8217;n\u0131n kararla\u015ft\u0131r\u0131ld\u0131\u011f\u0131 \u015fekilde ger\u00e7ekle\u015ftirilece\u011fi de bildirildi.<\/p>\n<p style=\"text-align: justify;\">23.37 Genelkurmay Ba\u015fkanl\u0131\u011f\u0131 g\u00f6revinden emeklili\u011fini isteyen Orgeneral I\u015f\u0131k Ko\u015faner ise veda mesaj\u0131nda tutuklu ve yarg\u0131lanan emekli ve muvazzaf T\u00fcrk Silahl\u0131 Kuvvetleri mensuplar\u0131na dikkat \u00e7ekerek, \u201cSoru\u015fturma ve uzun s\u00fcreli tutuklamalar\u0131n bir amac\u0131n\u0131n da T\u00fcrk Silahl\u0131 Kuvvetleri&#8217;nin s\u00fcrekli g\u00fcndemde tutularak, kamuoyunda bir su\u00e7 te\u015fkilat\u0131 oldu\u011fu izleniminin yarat\u0131lmaya \u00e7al\u0131\u015f\u0131ld\u0131\u011f\u0131, bunu f\u0131rsat bilen yanl\u0131 medyan\u0131n da her t\u00fcrl\u00fc yalan haber, iftira ve su\u00e7lamalarla y\u00fcce ulusumuzu kendi silahl\u0131 kuvvetlerine kar\u015f\u0131 tav\u0131r almaya te\u015fvik etti\u011fi dikkatlerden ka\u00e7mamaktad\u0131r\u201d ifadelerini kulland\u0131.<\/p>\n<p style=\"text-align: justify;\">23.40 Avrupa Birli\u011fi Bakan\u0131 ve Ba\u015fm\u00fczakereci Egemen Ba\u011f\u0131\u015f, Genelkurmay Ba\u015fkan\u0131 ve kuvvet komutanlar\u0131n\u0131n emekliliklerini istemelerine ili\u015fkin, T\u00fcrkiye\u2019de herkesin demokrasi ve hukukun \u00e7izdi\u011fi \u00e7er\u00e7evede g\u00f6revini yapaca\u011f\u0131n\u0131 belirterek, \u201cBir kriz vesaire s\u00f6z konusu de\u011fildir. Hukukun oldu\u011fu yerde kriz olmaz. Halen de hukuki s\u00fcre\u00e7 i\u015flemektedir. Emeklilik de atama gibi bireysel bir tercihtir. T\u00fcrk ordusu komutans\u0131z kalmaz\u201d dedi.<\/p>\n<p style=\"text-align: justify;\">23.45 Orgeneral I\u015f\u0131k Ko\u015faner&#8217;in emeklilik talebinin Cumhurba\u015fkanl\u0131\u011f\u0131&#8217;na arz\u0131n\u0131n Bakanlar Kurulu&#8217;nca kararla\u015ft\u0131r\u0131ld\u0131\u011f\u0131na dair karar ile Orgeneral Necdet \u00d6zel&#8217;in, Kara Kuvvetleri Komutanl\u0131\u011f\u0131&#8217;na atanmas\u0131na ili\u015fkin kararlar Resmi Gazete\u2019nin m\u00fckerrer say\u0131s\u0131nda yay\u0131mland\u0131.<\/p>\n<p style=\"text-align: justify;\">23.55 Ba\u015fbakan Erdo\u011fan, e\u015fi Emine ve k\u0131z\u0131 S\u00fcmeyye e\u015fli\u011finde, \u00f6zel u\u00e7ak \u201cDAP\u201d ile \u0130stanbul\u2019a geldi.<\/p>\n<p style=\"text-align: justify;\"><a href=\"http:\/\/www.hurriyet.com.tr\/gundem\/18375319.asp?gid=381\" target=\"_blank\">Kaynak : H\u00fcrriyet.com.tr<\/a><\/p>\n","protected":false},"excerpt":{"rendered":"<p style=\"text-align: justify;\">\n<p style=\"text-align: justify;\">Genelkurmay Ba\u015fkan\u0131 Org. I\u015f\u0131k Ko\u015faner ile kuvvet komutanlar\u0131n\u0131 istifaya g\u00f6t\u00fcren kriz dakika dakika \u015f\u00f6yle geli\u015fti:<\/p>\n<p style=\"text-align: justify;\">10.30 \u00c7ankaya K\u00f6\u015fk\u00fc\u2019nde Cumhurba\u015fkan\u0131, Ba\u015fbakan ve Genelkurmay Ba\u015fkan\u0131 \u00fc\u00e7l\u00fc zirvede bulu\u015ftu.<\/p>\n<p style=\"text-align: justify;\">11.30 \u00c7ankaya K\u00f6\u015fk\u00fc\u2019ndeki \u00fc\u00e7l\u00fc zirve sona erdi. G\u00fcl ve Erdo\u011fan, ba\u015fba\u015fa g\u00f6r\u00fc\u015fmeye ge\u00e7ti.<\/p>\n<p style=\"text-align: justify;\">12.00 Ba\u015fbakan K\u00f6\u015fk\u2019ten \u00e7\u0131kt\u0131.<\/p>\n","protected":false},"author":1,"featured_media":0,"comment_status":"open","ping_status":"open","sticky":false,"template":"","format":"standard","meta":{"footnotes":""},"categories":[105],"tags":[],"class_list":["post-37458","post","type-post","status-publish","format-standard","hentry","category-gundem","odd"],"_links":{"self":[{"href":"http:\/\/www.korhanyilmaz.com\/index.php?rest_route=\/wp\/v2\/posts\/37458","targetHints":{"allow":["GET"]}}],"collection":[{"href":"http:\/\/www.korhanyilmaz.com\/index.php?rest_route=\/wp\/v2\/posts"}],"about":[{"href":"http:\/\/www.korhanyilmaz.com\/index.php?rest_route=\/wp\/v2\/types\/post"}],"author":[{"embeddable":true,"href":"http:\/\/www.korhanyilmaz.com\/index.php?rest_route=\/wp\/v2\/users\/1"}],"replies":[{"embeddable":true,"href":"http:\/\/www.korhanyilmaz.com\/index.php?rest_route=%2Fwp%2Fv2%2Fcomments&post=37458"}],"version-history":[{"count":0,"href":"http:\/\/www.korhanyilmaz.com\/index.php?rest_route=\/wp\/v2\/posts\/37458\/revisions"}],"wp:attachment":[{"href":"http:\/\/www.korhanyilmaz.com\/index.php?rest_route=%2Fwp%2Fv2%2Fmedia&parent=37458"}],"wp:term":[{"taxonomy":"category","embeddable":true,"href":"http:\/\/www.korhanyilmaz.com\/index.php?rest_route=%2Fwp%2Fv2%2Fcategories&post=37458"},{"taxonomy":"post_tag","embeddable":true,"href":"http:\/\/www.korhanyilmaz.com\/index.php?rest_route=%2Fwp%2Fv2%2Ftags&post=37458"}],"curies":[{"name":"wp","href":"https:\/\/api.w.org\/{rel}","templated":true}]}}