{"id":37452,"date":"2011-07-28T12:15:45","date_gmt":"2011-07-28T09:15:45","guid":{"rendered":"http:\/\/www.korhanyilmaz.com\/?p=37452"},"modified":"2011-07-30T02:56:37","modified_gmt":"2011-07-29T23:56:37","slug":"30-yil-once-darbecilerin-yaptigini-bugun-yargi-yapiyor","status":"publish","type":"post","link":"http:\/\/www.korhanyilmaz.com\/?p=37452","title":{"rendered":"30 Y\u0131l \u00f6nce darbecilerin yapt\u0131\u011f\u0131n\u0131 bug\u00fcn yarg\u0131 yap\u0131yor"},"content":{"rendered":"<p><a href=\"http:\/\/www.korhanyilmaz.com\/wp-content\/uploads\/2011\/07\/2126.jpg\"  class=\"lightview\"><img loading=\"lazy\" decoding=\"async\" class=\"aligncenter size-full wp-image-37453\" title=\"\" src=\"http:\/\/www.korhanyilmaz.com\/wp-content\/uploads\/2011\/07\/2126.jpg\" alt=\"\" width=\"350\" height=\"245\" \/><\/a><\/p>\n<p style=\"text-align: justify;\">Mahkeme karar\u0131yla kapat\u0131lan Yarg\u0131-Sen\u2019in Genel Ba\u015fkan\u0131 \u00d6mer Faruk Emina\u011fao\u011flu, Odatv\u2019ye \u00e7arp\u0131c\u0131 a\u00e7\u0131klamalarda bulundu. 12 Eyl\u00fcl 1980 askeri darbesiyle durdurulan sendikal faaliyetlere vurgu yapan Emina\u011fao\u011flu, \u201cO g\u00fcn darbecilerin bildirisi ile ger\u00e7ekle\u015fen i\u015flem, bug\u00fcn siyasi iktidar\u0131n bak\u0131\u015f\u0131na uygun olarak a\u00e7\u0131lan davada, bir yarg\u0131 karar\u0131yla ger\u00e7ekle\u015fmi\u015ftir.\u201d dedi. <!--more--><\/p>\n<p style=\"text-align: justify;\">\u0130\u015fte Emina\u011fao\u011flu\u2019nun Odatv\u2019ye yapt\u0131\u011f\u0131 a\u00e7\u0131klama:<\/p>\n<p style=\"text-align: justify;\">Bu karar bu dava yarg\u0131\u00e7 ve savc\u0131lar sendika kuramaz demek i\u00e7in al\u0131nm\u0131\u015ft\u0131r. Yarg\u0131-sen, meslek esaslar\u0131na g\u00f6re sendika esas\u0131na g\u00f6re a\u00e7\u0131ld\u0131. Kamu sendikalar\u0131 kanununda bu \u00e7er\u00e7evede h\u00fck\u00fcm var. Taraf oldu\u011fumuz alt\u0131 tane uluslararas\u0131 s\u00f6zle\u015fme var. BM ki\u015fisel siyasi haklar s\u00f6zle\u015fmesi, BM ekonomik sosyal k\u00fclt\u00fcrel haklar s\u00f6zle\u015fmesi, \u0130nsan haklar\u0131 Avrupa s\u00f6zle\u015fmesi, ILO\u2019nun 87-98 ve 151 say\u0131l\u0131 uluslararas\u0131 s\u00f6zle\u015fmelerinde imzam\u0131z var. Hem meslek esasl\u0131 sendika kurulmas\u0131 hem yarg\u0131\u00e7 ve savc\u0131lar\u0131n sendika kurabilmeleri koruma alt\u0131na al\u0131nmakta.<\/p>\n<p style=\"text-align: justify;\"><strong>\u201c\u00d6ZG\u00dcRL\u00dcKLER\u0130 G\u00d6ZETEN B\u0130R YARGI OLSAYDI KAPATMA DAVASI REDDED\u0130L\u0130RD\u0130\u201d<\/strong><\/p>\n<p style=\"text-align: justify;\">T\u00fcrkiye\u2019de bu s\u00f6zle\u015fmeleri onaylarken yarg\u0131\u00e7 ve savc\u0131lar y\u00f6n\u00fcnden k\u0131s\u0131tlay\u0131c\u0131 hi\u00e7bir beyan veya \u00e7ekince koymad\u0131. Anayasan\u0131n 90. Maddesinde 2004 y\u0131l\u0131nda yap\u0131lan de\u011fi\u015fiklikle temel haklar konusunda uluslararas\u0131 s\u00f6zle\u015fmelerle yasalar \u00e7at\u0131\u015f\u0131rsa uyu\u015fmazl\u0131\u011f\u0131n \u00e7\u00f6z\u00fcm\u00fcnde s\u00f6zle\u015fme h\u00fck\u00fcmleri esas al\u0131n\u0131r diye emredici bir h\u00fck\u00fcm konuldu. Bu anayasa h\u00fckm\u00fc kar\u015f\u0131s\u0131nda an\u0131lan yasadaki k\u0131s\u0131tlay\u0131c\u0131 d\u00fczenlemelerin hi\u00e7bir uygulama yetene\u011fi kalmamas\u0131na ra\u011fmen hukukun \u00fcst\u00fcnl\u00fc\u011f\u00fcn\u00fc temel hak ve \u00f6zg\u00fcrl\u00fcklerini g\u00f6zeten bir yarg\u0131 T\u00fcrkiye\u2019de s\u00f6z konusu olsa idi, bu kapatma davas\u0131n\u0131n reddedilmesi gerekiyordu.<\/p>\n<p style=\"text-align: justify;\"><strong>\u201c30 YIL \u00d6NCE DARBEC\u0130LER\u0130N YARATTI\u011eI SONUCU BUG\u00dcN YARGI YARATMAKTADIR\u201d<\/strong><\/p>\n<p style=\"text-align: justify;\">Ancak siyasi iktidar\u0131n bak\u0131\u015f\u0131 \u00e7er\u00e7evesinde Ankara Valili\u011fince a\u00e7\u0131lan davada, mahkemeden \u00f6zg\u00fcrl\u00fckler ve hukukun \u00fcst\u00fcnl\u00fc\u011f\u00fc lehinde de\u011fil de tam aksine olabildi\u011fince dar bir yorumla temel hak ve \u00f6zg\u00fcrl\u00fckleri ihlal edercesine b\u00f6yle bir kapatma karar\u0131n \u00e7\u0131kmas\u0131, T\u00fcrkiye\u2019de yarg\u0131 organlar\u0131n\u0131n g\u00fcvence olan, adalet da\u011f\u0131tan organlar konumundan h\u0131zla uzakla\u015ft\u0131\u011f\u0131n\u0131 da bize ayr\u0131ca g\u00f6stermi\u015ftir.<\/p>\n<p style=\"text-align: justify;\">Hat\u0131rlarsan\u0131z 1980\u2019de de T\u00fcrkiye\u2019de 12 Eyl\u00fcl darbesiyle Yedi Say\u0131l\u0131 bildiri \u00e7\u0131kar\u0131lm\u0131\u015f ve sendikal faaliyetler durdurulmu\u015ftu. O g\u00fcn darbecilerin bildirisi ile ger\u00e7ekle\u015fen i\u015flem bug\u00fcn siyasi iktidar\u0131n bak\u0131\u015f\u0131na uygun olarak a\u00e7\u0131lan davada bir yarg\u0131 karar\u0131yla ger\u00e7ekle\u015fmi\u015ftir. Sonu\u00e7lar ayn\u0131 sonu\u00e7lard\u0131r. 30 y\u0131l \u00f6nce darbecilerin yaratt\u0131\u011f\u0131 sonucu bug\u00fcn yarg\u0131 yaratmaktad\u0131r. O zaman; bug\u00fcn T\u00fcrkiye\u2019de yarg\u0131 adalet mi da\u011f\u0131tmaktad\u0131r, temel hak ve \u00f6zg\u00fcrl\u00fcklere g\u00fcvence mi olmaktad\u0131r? Nerede durmaktad\u0131r? Bu sorular\u0131nda yan\u0131t\u0131 Yarg\u0131-sen\u2019i kapatma davas\u0131nda a\u00e7\u0131kca ortaya \u00e7\u0131km\u0131\u015ft\u0131r.<\/p>\n<p style=\"text-align: justify;\"><strong>HSYK KEYF\u0130 ATAMA YAPIYOR<\/strong><\/p>\n<p style=\"text-align: justify;\">Kald\u0131 ki bu s\u00fcre\u00e7te HSYK taraf\u0131ndan Yarg\u0131-sen Y\u00f6netim Kurulu \u00fcyelerinin \u00f6nemli bir b\u00f6l\u00fcm\u00fc Ankara d\u0131\u015f\u0131na atanm\u0131\u015ft\u0131r. Uluslararas\u0131 s\u00f6zle\u015fmelerde sendika y\u00f6neticilerinin sendika merkezi d\u0131\u015f\u0131na atanamayacaklar\u0131 kural\u0131 vard\u0131r. HSYK bu uluslararas\u0131 s\u00f6zle\u015fmeleri \u201cben g\u00f6zetmiyorum diyerek\u201d a\u00e7\u0131k\u00e7a devam eden bir davay\u0131 etkileme iradesi sergilemi\u015ftir. S\u00fcre\u00e7te b\u00f6yle bir karar\u0131n ortaya \u00e7\u0131kmas\u0131 mahkeme o i\u015flemin alt\u0131nda kalm\u0131\u015ft\u0131r kalmam\u0131\u015ft\u0131r sorusu ayr\u0131. Ama \u00e7ok ciddi ku\u015fkular\u0131 ve HSYK y\u00f6n\u00fcnden \u00e7ok tart\u0131\u015fmal\u0131 bir durumu da ortaya \u00e7\u0131karm\u0131\u015ft\u0131r ki; HSYK varl\u0131k sebebi olan yarg\u0131 ba\u011f\u0131ms\u0131zl\u0131\u011f\u0131n\u0131n aksine hareket etmi\u015ftir. Yarg\u0131-sen hukukun \u00fcst\u00fcnl\u00fc\u011f\u00fc, etkinli\u011fi, egemenli\u011fi, yarg\u0131 ba\u011f\u0131ms\u0131zl\u0131\u011f\u0131 ve meslek sorunlar\u0131 i\u00e7in m\u00fccadele etmektedir. Sadece yarg\u0131\u00e7 ve savc\u0131lar i\u00e7in de\u011fil. Veya sadece kendi varl\u0131\u011f\u0131 i\u00e7in de\u011fil. Herkes i\u00e7in bu m\u00fccadeleyi vermektedir. Ama s\u00fcre\u00e7te bu kapatma karar\u0131n\u0131n ortaya \u00e7\u0131kmas\u0131 Yarg\u0131-sen\u2019i m\u00fccadelesinden al\u0131koymayacakt\u0131r. \u00c7\u00fcnk\u00fc kapatma karar\u0131 kesinle\u015fene kadar yine Yarg\u0131-sen faaliyetlerine devam edecektir.<\/p>\n<p style=\"text-align: justify;\"><strong>A\u0130HM \u0130LK KEZ B\u00d6YLE B\u0130R DAVAYLA KAR\u015eI KAR\u015eIYA OLACAK<\/strong><\/p>\n<p style=\"text-align: justify;\">\u00c7\u0131kan karar temyiz edilmi\u015ftir. Yarg\u0131tay 9. Hukuk dairesi bu temyiz incelemesini sonu\u00e7land\u0131racakt\u0131r. E\u011fer Yarg\u0131tay\u2019da yerel mahkemenin karar\u0131n\u0131 onarsa, bu sefer Avrupa \u0130nsan Haklar\u0131 Mahkemesi\u2019ne ta\u015f\u0131nacakt\u0131r. ILO\u2019ya ta\u015f\u0131nacakt\u0131r s\u00fcre\u00e7. Ve \u015fu y\u00f6nden ilgin\u00e7 bir tablo ortaya \u00e7\u0131kacakt\u0131r. A\u0130HM\u2019ne bug\u00fcne kadar hi\u00e7bir yarg\u0131\u00e7-savc\u0131 sendika kapatma davas\u0131 intikal etmemi\u015ftir. T\u00fcrkiye bu y\u00f6nden ilk olacakt\u0131r. T\u00fcrkiye\u2019n\u0131n bu y\u00f6nden ilk olmas\u0131 \u00f6rg\u00fctlenme, sendikal \u00f6zg\u00fcrl\u00fckler, temel hak ve \u00f6zg\u00fcrl\u00fckler y\u00f6n\u00fcnden T\u00fcrkiye\u2019nin nerede durdu\u011funu da ayr\u0131ca bize g\u00f6sterecektir. T\u00fcrkiye i\u00e7in \u00fcz\u00fcc\u00fc bir tablodur. E\u011fer Yarg\u0131tay bu karar\u0131 bozarsa yarg\u0131 s\u00fcreci T\u00fcrkiye\u2019de devam edecektir. Ama dedi\u011fim gibi biz bug\u00fcn karar\u0131 temyiz ettik. Temyiz sonucunu beklemekteyiz. E\u011fer oradan da olumlu bir sonu\u00e7 \u00e7\u0131kmazsa. Konuyu A\u0130HM\u2019ye ta\u015f\u0131yaca\u011f\u0131z.<\/p>\n<p style=\"text-align: justify;\"><a href=\"http:\/\/www.odatv.com\/n.php?n=30-yil-once-darbecilerin-yaptigini-bugun-yargi-yapiyor-2807111200\" target=\"_blank\">Kaynak : Odatv.com<\/a><\/p>\n","protected":false},"excerpt":{"rendered":"<\/p>\n<p style=\"text-align: justify;\">Mahkeme karar\u0131yla kapat\u0131lan Yarg\u0131-Sen\u2019in Genel Ba\u015fkan\u0131 \u00d6mer Faruk Emina\u011fao\u011flu, Odatv\u2019ye \u00e7arp\u0131c\u0131 a\u00e7\u0131klamalarda bulundu. 12 Eyl\u00fcl 1980 askeri darbesiyle durdurulan sendikal faaliyetlere vurgu yapan Emina\u011fao\u011flu, \u201cO g\u00fcn darbecilerin bildirisi ile ger\u00e7ekle\u015fen i\u015flem, bug\u00fcn siyasi iktidar\u0131n bak\u0131\u015f\u0131na uygun olarak a\u00e7\u0131lan davada, bir yarg\u0131 karar\u0131yla ger\u00e7ekle\u015fmi\u015ftir.\u201d dedi. <\/p>\n","protected":false},"author":1,"featured_media":0,"comment_status":"open","ping_status":"open","sticky":false,"template":"","format":"standard","meta":{"footnotes":""},"categories":[105],"tags":[],"class_list":["post-37452","post","type-post","status-publish","format-standard","hentry","category-gundem","odd"],"_links":{"self":[{"href":"http:\/\/www.korhanyilmaz.com\/index.php?rest_route=\/wp\/v2\/posts\/37452","targetHints":{"allow":["GET"]}}],"collection":[{"href":"http:\/\/www.korhanyilmaz.com\/index.php?rest_route=\/wp\/v2\/posts"}],"about":[{"href":"http:\/\/www.korhanyilmaz.com\/index.php?rest_route=\/wp\/v2\/types\/post"}],"author":[{"embeddable":true,"href":"http:\/\/www.korhanyilmaz.com\/index.php?rest_route=\/wp\/v2\/users\/1"}],"replies":[{"embeddable":true,"href":"http:\/\/www.korhanyilmaz.com\/index.php?rest_route=%2Fwp%2Fv2%2Fcomments&post=37452"}],"version-history":[{"count":0,"href":"http:\/\/www.korhanyilmaz.com\/index.php?rest_route=\/wp\/v2\/posts\/37452\/revisions"}],"wp:attachment":[{"href":"http:\/\/www.korhanyilmaz.com\/index.php?rest_route=%2Fwp%2Fv2%2Fmedia&parent=37452"}],"wp:term":[{"taxonomy":"category","embeddable":true,"href":"http:\/\/www.korhanyilmaz.com\/index.php?rest_route=%2Fwp%2Fv2%2Fcategories&post=37452"},{"taxonomy":"post_tag","embeddable":true,"href":"http:\/\/www.korhanyilmaz.com\/index.php?rest_route=%2Fwp%2Fv2%2Ftags&post=37452"}],"curies":[{"name":"wp","href":"https:\/\/api.w.org\/{rel}","templated":true}]}}