{"id":37448,"date":"2011-07-29T13:43:52","date_gmt":"2011-07-29T10:43:52","guid":{"rendered":"http:\/\/www.korhanyilmaz.com\/?p=37448"},"modified":"2011-07-30T02:39:15","modified_gmt":"2011-07-29T23:39:15","slug":"imam-hatiplilere-burs-kiyagi","status":"publish","type":"post","link":"http:\/\/www.korhanyilmaz.com\/?p=37448","title":{"rendered":"&#8220;\u0130mam Hatiplilere burs k\u0131ya\u011f\u0131&#8221;"},"content":{"rendered":"<p style=\"text-align: justify;\"><a href=\"http:\/\/www.korhanyilmaz.com\/wp-content\/uploads\/2011\/07\/2125.jpg\"  class=\"lightview\"><img loading=\"lazy\" decoding=\"async\" class=\"aligncenter size-full wp-image-37449\" src=\"http:\/\/www.korhanyilmaz.com\/wp-content\/uploads\/2011\/07\/2125.jpg\" alt=\"\" width=\"462\" height=\"210\" \/><\/a><\/p>\n<p style=\"text-align: justify;\">E\u011fitim-\u0130\u015f Genel Ba\u015fkan\u0131 Veli Demir, \u0130mam Hatip Liselerinde okuyan \u00f6\u011frencilere aktar\u0131lan burs kayna\u011f\u0131n\u0131n y\u00fczde 300\u2019e yak\u0131n oranda art\u0131r\u0131ld\u0131\u011f\u0131n\u0131 savundu.<\/p>\n<p style=\"text-align: justify;\">ANKARA- E\u011fitim-\u0130\u015f Genel Ba\u015fkan\u0131 Veli Demir, &#8220;2010 y\u0131l\u0131nda di\u011fer okullarda okuyan yoksul \u00f6\u011frencilere verilen kar\u015f\u0131l\u0131ks\u0131z burs miktar\u0131 azal\u0131rken, \u0130mam Hatip Liselerinde okuyan \u00f6\u011frencilere aktar\u0131lan burs kayna\u011f\u0131n\u0131n y\u00fczde 300\u2019e yak\u0131n oranda art\u0131r\u0131ld\u0131\u011f\u0131n\u0131&#8221; savundu. <!--more--><\/p>\n<p style=\"text-align: justify;\">Demir, yapt\u0131\u011f\u0131 yaz\u0131l\u0131 a\u00e7\u0131klamada, &#8220;\u0130lk\u00f6\u011fretim ve orta\u00f6\u011fretimdeki yoksul aile \u00e7ocuklar\u0131na sa\u011flanan kar\u015f\u0131l\u0131ks\u0131z burslarla ilgili olarak ortaya \u00e7\u0131kan<\/p>\n<p style=\"text-align: justify;\">verilerin, Milli E\u011fitim Bakanl\u0131\u011f\u0131\u2019n\u0131n, \u0130mam Hatip Lisesi \u00f6\u011frencileri lehine ayr\u0131mc\u0131l\u0131k yapt\u0131\u011f\u0131n\u0131 ortaya \u00e7\u0131kard\u0131\u011f\u0131n\u0131&#8221; iddia etti.<\/p>\n<p style=\"text-align: justify;\">\u0130mam Hatip Liselerinde e\u011fitim g\u00f6ren yoksul \u00e7ocuklar\u0131 dahil, \u00fclkedeki b\u00fct\u00fcn yoksul \u00e7ocuklar\u0131n sa\u011fl\u0131kl\u0131 bir e\u011fitim almaya yetecek \u00f6l\u00e7\u00fcde burs deste\u011fi<\/p>\n<p style=\"text-align: justify;\">almas\u0131 gerekti\u011fini belirten Demir, a\u00e7\u0131klamas\u0131nda \u015funlar\u0131 kaydetti:<\/p>\n<p style=\"text-align: justify;\">&#8220;2002-2003 e\u011fitim-\u00f6\u011fretim y\u0131l\u0131nda 64 bin 534 olan imam hatip liselerinde okuyan \u00f6\u011frenci say\u0131s\u0131, 2010-2011 d\u00f6neminde 235 bin 639\u2019a \u00e7\u0131km\u0131\u015ft\u0131r. Ayn\u0131 \u015fekilde<\/p>\n<p style=\"text-align: justify;\">okul ve derslik say\u0131lar\u0131nda da ge\u00e7mi\u015f y\u0131llara g\u00f6re \u00f6nemli art\u0131\u015flar olmu\u015ftur. 2010 y\u0131l\u0131nda di\u011fer okullarda okuyan yoksul \u00f6\u011frencilere verilen kar\u015f\u0131l\u0131ks\u0131z burs<\/p>\n<p style=\"text-align: justify;\">miktar\u0131 azal\u0131rken \u0130mam Hatip Liselerinde okuyan \u00f6\u011frencilere aktar\u0131lan burs kayna\u011f\u0131 y\u00fczde 300\u2019e yak\u0131n oranda art\u0131r\u0131lm\u0131\u015ft\u0131r. Kar\u015f\u0131l\u0131ks\u0131z burs verilen imam<\/p>\n<p style=\"text-align: justify;\">hatip liseli \u00f6\u011frenci say\u0131s\u0131 2009 y\u0131l\u0131nda 3 bin 857 iken, 2010 y\u0131l\u0131na gelindi\u011finde bu say\u0131 24 bin 395\u2019e \u00e7\u0131km\u0131\u015ft\u0131r. Bakanl\u0131k yoksul \u00e7ocuklar\u0131n tamam\u0131n\u0131 e\u015fit ko\u015fullarda kucaklayacak \u00f6nlemleri zaman ge\u00e7irmeksizin almal\u0131 ve sosyal devlet olman\u0131n gere\u011fini yerine getirmelidir.&#8221;<\/p>\n<p style=\"text-align: justify;\"><a href=\"http:\/\/www.gazeteport.com.tr\/haber\/44826\/quotimam_hatiplilere_burs_kiyagiquot\" target=\"_blank\">Kaynak : GAZEETPORT<\/a><\/p>\n","protected":false},"excerpt":{"rendered":"<p style=\"text-align: justify;\">\n<p style=\"text-align: justify;\">E\u011fitim-\u0130\u015f Genel Ba\u015fkan\u0131 Veli Demir, \u0130mam Hatip Liselerinde okuyan \u00f6\u011frencilere aktar\u0131lan burs kayna\u011f\u0131n\u0131n y\u00fczde 300\u2019e yak\u0131n oranda art\u0131r\u0131ld\u0131\u011f\u0131n\u0131 savundu.<\/p>\n<p style=\"text-align: justify;\">ANKARA- E\u011fitim-\u0130\u015f Genel Ba\u015fkan\u0131 Veli Demir, &#8220;2010 y\u0131l\u0131nda di\u011fer okullarda okuyan yoksul \u00f6\u011frencilere verilen kar\u015f\u0131l\u0131ks\u0131z burs miktar\u0131 azal\u0131rken, \u0130mam Hatip Liselerinde okuyan \u00f6\u011frencilere aktar\u0131lan burs kayna\u011f\u0131n\u0131n y\u00fczde 300\u2019e yak\u0131n <\/p>\n","protected":false},"author":1,"featured_media":0,"comment_status":"open","ping_status":"open","sticky":false,"template":"","format":"standard","meta":{"footnotes":""},"categories":[105],"tags":[],"class_list":["post-37448","post","type-post","status-publish","format-standard","hentry","category-gundem","odd"],"_links":{"self":[{"href":"http:\/\/www.korhanyilmaz.com\/index.php?rest_route=\/wp\/v2\/posts\/37448","targetHints":{"allow":["GET"]}}],"collection":[{"href":"http:\/\/www.korhanyilmaz.com\/index.php?rest_route=\/wp\/v2\/posts"}],"about":[{"href":"http:\/\/www.korhanyilmaz.com\/index.php?rest_route=\/wp\/v2\/types\/post"}],"author":[{"embeddable":true,"href":"http:\/\/www.korhanyilmaz.com\/index.php?rest_route=\/wp\/v2\/users\/1"}],"replies":[{"embeddable":true,"href":"http:\/\/www.korhanyilmaz.com\/index.php?rest_route=%2Fwp%2Fv2%2Fcomments&post=37448"}],"version-history":[{"count":0,"href":"http:\/\/www.korhanyilmaz.com\/index.php?rest_route=\/wp\/v2\/posts\/37448\/revisions"}],"wp:attachment":[{"href":"http:\/\/www.korhanyilmaz.com\/index.php?rest_route=%2Fwp%2Fv2%2Fmedia&parent=37448"}],"wp:term":[{"taxonomy":"category","embeddable":true,"href":"http:\/\/www.korhanyilmaz.com\/index.php?rest_route=%2Fwp%2Fv2%2Fcategories&post=37448"},{"taxonomy":"post_tag","embeddable":true,"href":"http:\/\/www.korhanyilmaz.com\/index.php?rest_route=%2Fwp%2Fv2%2Ftags&post=37448"}],"curies":[{"name":"wp","href":"https:\/\/api.w.org\/{rel}","templated":true}]}}