{"id":37443,"date":"2011-07-29T15:18:17","date_gmt":"2011-07-29T12:18:17","guid":{"rendered":"http:\/\/www.korhanyilmaz.com\/?p=37443"},"modified":"2011-07-30T02:30:18","modified_gmt":"2011-07-29T23:30:18","slug":"yas-surecinden-kotu-kokular-geliyor","status":"publish","type":"post","link":"http:\/\/www.korhanyilmaz.com\/?p=37443","title":{"rendered":"&#8220;YA\u015e s\u00fcrecinden k\u00f6t\u00fc kokular geliyor&#8221;"},"content":{"rendered":"<p style=\"text-align: justify;\"><a href=\"http:\/\/www.korhanyilmaz.com\/wp-content\/uploads\/2011\/07\/2124.jpg\"  class=\"lightview\"><img loading=\"lazy\" decoding=\"async\" class=\"aligncenter size-full wp-image-37444\" src=\"http:\/\/www.korhanyilmaz.com\/wp-content\/uploads\/2011\/07\/2124.jpg\" alt=\"\" width=\"462\" height=\"210\" \/><\/a><\/p>\n<p style=\"text-align: justify;\">CHP Grup Ba\u015fkanvekili Emine \u00dclker Tarhan, ge\u00e7en y\u0131lki YA\u015e&#8217;tan \u00f6nce yarg\u0131 kullan\u0131larak baz\u0131 ki\u015filerin tutukland\u0131\u011f\u0131n\u0131, bu y\u0131l bu y\u00f6ntemin ba\u015fka bir versiyonunun uygulamaya konuldu\u011funu iddia ederek, &#8221;YA\u015e s\u00fcrecinden k\u00f6t\u00fc kokular geldi\u011fini d\u00fc\u015f\u00fcn\u00fcyorum&#8221; dedi.<\/p>\n<p style=\"text-align: justify;\">ANKARA &#8211; Tarhan, TBMM&#8217;de d\u00fczenledi\u011fi bas\u0131nla sohbet toplant\u0131s\u0131nda, g\u00fcndemdeki konulara ili\u015fkin a\u00e7\u0131klamalarda bulundu. <!--more--><\/p>\n<p style=\"text-align: justify;\">\u0130\u00e7i\u015fleri Bakan\u0131 \u0130dris Naim \u015eahin&#8217;in, &#8221;Ter\u00f6rle m\u00fccadelede muhalefetten makul destek bekliyoruz&#8221; a\u00e7\u0131klamas\u0131na ili\u015fkin de\u011ferlendirmesinin sorulmas\u0131 \u00fczerine Tarhan, ter\u00f6rle m\u00fccadele konusunda, AK Parti, CHP ve MHP grup ba\u015fkanvekillerinin imzalad\u0131\u011f\u0131 15 Temmuz tarihli metnin, CHP&#8217;nin ter\u00f6rle m\u00fccadeleye deste\u011fine ili\u015fkin bir karine oldu\u011funu s\u00f6yledi.<\/p>\n<p style=\"text-align: justify;\">Tarhan, 2 g\u00fcn \u00f6nce yapt\u0131\u011f\u0131 bas\u0131n a\u00e7\u0131klamas\u0131nda, &#8221;\u0130ktidar\u0131n ter\u00f6rle m\u00fccadele konusunda ne yapmak istedi\u011fini bilmek istiyoruz, fakat bilmiyoruz&#8221; dedi\u011fini an\u0131msatarak, bu konuda anamuhalefet ve muhalefetin bilgilendirilmesi gerekti\u011fi y\u00f6n\u00fcndeki d\u00fc\u015f\u00fcncesini tekrarlad\u0131.<\/p>\n<p style=\"text-align: justify;\">&#8221;YA\u015e s\u00fcrecinden k\u00f6t\u00fc kokular geldi\u011fini d\u00fc\u015f\u00fcn\u00fcyorum&#8221; diyen Tarhan, ge\u00e7en y\u0131lki YA\u015e&#8217;tan \u00f6nce yarg\u0131 kullan\u0131larak baz\u0131 ki\u015filerin tutukland\u0131\u011f\u0131n\u0131, bu y\u00f6ntemin bu y\u0131l ba\u015fka bir versiyonunun uygulamaya konuldu\u011funu savundu. Tarhan, &#8221;Orduyu kendi anlay\u0131\u015f\u0131 \u00e7er\u00e7evesinde dizayn etme \u00e7al\u0131\u015fmas\u0131n\u0131n \u00f6zg\u00fcn bir \u00f6rne\u011fini yeniden izliyoruz&#8221; dedi.<\/p>\n<p style=\"text-align: justify;\"><strong>YEREL GAZETEC\u0130YE VER\u0130LEN CEZA<\/strong><\/p>\n<p style=\"text-align: justify;\">CHP&#8217;li Tarhan, K\u0131r\u015fehir&#8217;de yerel bas\u0131nda g\u00f6rev yapan bir gazetecinin, AK Parti&#8217;li bir belediye ile ilgili haberi nedeniyle 10 ay kar\u015f\u0131l\u0131\u011f\u0131 300 g\u00fcn adli para cezas\u0131na \u00e7arpt\u0131r\u0131ld\u0131\u011f\u0131n\u0131 an\u0131msatt\u0131. Bu gazetecinin ayr\u0131ca 375 g\u00fcn gazetecilik mesle\u011finden men edildi\u011fini de ifade eden Tarhan, \u015f\u00f6yle konu\u015ftu:<\/p>\n<p style=\"text-align: justify;\">&#8221;Bir gazeteci, gazetecilik mesle\u011finden men edilemez. Yerelden genele dalga dalga yay\u0131lacak bir g\u00f6zda\u011f\u0131 tohumu ekiliyor. Gazeteciler daha \u00f6nce kapal\u0131 kap\u0131lar ard\u0131nda sindirilirken, art\u0131k yarg\u0131 kullan\u0131larak susturulacaklar. Bu karar da bunun m\u00fcjdecisidir. Onurlu gazetecilerin verilen bu mesaj\u0131 iade etmesi gerekiyor.&#8221;<\/p>\n<p style=\"text-align: justify;\">Emine \u00dclker Tarhan, CHP Zonguldak Milletvekili Mehmet Haberal ile ilgili A\u0130HM&#8217;ne yap\u0131lacak ba\u015fvuru ile ilgili bir soruyu yan\u0131tlarken, ba\u015fvuruya ili\u015fkin \u00e7al\u0131\u015fmalar\u0131n s\u00fcrd\u00fc\u011f\u00fcn\u00fc s\u00f6yledi. Bug\u00fcne kadar bununla ilgili emsal bir karar olmad\u0131\u011f\u0131n\u0131, bunun ilk karar olmas\u0131 i\u00e7in \u00e7al\u0131\u015facaklar\u0131n\u0131 ifade eden Tarhan, &#8221;Ya\u015fam hakk\u0131n\u0131n tehlikeye at\u0131lmas\u0131 sorunu oldu\u011fu i\u00e7in, daha k\u0131sa bir s\u00fcrede ele al\u0131naca\u011f\u0131 konusunda umutluyum&#8221; dedi.<\/p>\n<p style=\"text-align: justify;\">Ba\u015fbakan Recep Tayyip Erdo\u011fan&#8217;\u0131n, &#8221;Her \u015feyin \u00d6calan&#8217;\u0131n kontrol\u00fcnde olmad\u0131\u011f\u0131na&#8221; ili\u015fkin a\u00e7\u0131klamas\u0131n\u0131n sorulmas\u0131 \u00fczerine Tarhan, &#8221;B\u00f6yle bir a\u00e7\u0131klama yapabilmek i\u00e7in, birtak\u0131m g\u00f6r\u00fc\u015fmeler yap\u0131lmas\u0131 gerekir diye d\u00fc\u015f\u00fcn\u00fcyorum. Bu, Say\u0131n Ba\u015fbakan&#8217;\u0131n \u00d6calan&#8217;la g\u00f6r\u00fc\u015ft\u00fc\u011f\u00fcne karine de te\u015fkil edebilir diye d\u00fc\u015f\u00fcn\u00fcyorum. Herhalde g\u00f6r\u00fc\u015fm\u00fc\u015fler ki bu konuda bu kadar net bilgi sahibi. B\u00f6yle somut bir mesaj verebildi\u011fine g\u00f6re, muhtemelen kapal\u0131 kap\u0131lar ard\u0131ndaki g\u00f6r\u00fc\u015fmeler hala s\u00fcr\u00fcyor. Silahlar\u0131n toplumun \u00fczerine \u00e7evrildi\u011fi bir noktada, ter\u00f6rle kapal\u0131 kap\u0131lar ard\u0131nda yap\u0131lan pazarl\u0131klar\u0131n \u00e7ok ciddi tehlike yarataca\u011f\u0131n\u0131 d\u00fc\u015f\u00fcn\u00fcyorum&#8221; diye konu\u015ftu.<\/p>\n<p style=\"text-align: justify;\"><strong>&#8221; CHP \u0130ZLEY\u0130C\u0130 OLARAK KATILIYOR&#8221;<\/strong><\/p>\n<p style=\"text-align: justify;\">CHP&#8217;li Tarhan, bir gazetecinin, &#8221;muhtemelen IRA modelinin incelenece\u011fi \u0130ngiltere, \u0130sko\u00e7ya ve \u0130rlanda gezisine kat\u0131lan heyette CHP Genel Ba\u015fkan Yard\u0131mc\u0131s\u0131 Sezgin Tanr\u0131kulu&#8217;nun da yer almas\u0131n\u0131n, parti y\u00f6netiminin karar\u0131 olup olmad\u0131\u011f\u0131n\u0131&#8221; sormas\u0131 \u00fczerine, bu gezinin bir inceleme gezisi oldu\u011funu s\u00f6yledi. Tarhan, orada s\u00fcrecin nas\u0131l geli\u015fti\u011fi konusunda g\u00f6zlem yap\u0131laca\u011f\u0131n\u0131, onun d\u0131\u015f\u0131nda sonu\u00e7 yarat\u0131c\u0131 bir etkisi olmad\u0131\u011f\u0131n\u0131, CHP&#8217;lilerin de izleyici olarak geziye kat\u0131ld\u0131klar\u0131n\u0131 ifade etti.<\/p>\n<p style=\"text-align: justify;\">MHP&#8217;lilerin &#8221; CHP&#8217;nin bu geziye kat\u0131lmas\u0131n\u0131 \u015fer ittifak\u0131&#8221; olarak nitelendirdi\u011fi an\u0131msat\u0131lan Tarhan, &#8221;\u00c7ok yanl\u0131\u015f bir de\u011ferlendirme. Biz her konuda bilgi sahibi olmak isteriz&#8221; dedi. CHP&#8217;li Tarhan, her t\u00fcrl\u00fc olu\u015fumun incelenebilece\u011fini, ancak bunun, o modelin uygulanaca\u011f\u0131 ya da model al\u0131naca\u011f\u0131 anlam\u0131na gelmemesi gerekti\u011fini bildirdi.<\/p>\n<p style=\"text-align: justify;\">Tarhan, ba\u015fka bir soru \u00fczerine, &#8221;Y\u0131llard\u0131r uygulanan bir AKP klasi\u011fi var. Bir kurumu yok etmek, itibars\u0131zla\u015ft\u0131rmak suretiyle, kendi alternatif yap\u0131lanmas\u0131n\u0131 olu\u015fturmak konusunda bir uzmanl\u0131k geli\u015ftirdi. S\u00fcrekli su\u00e7lanarak, lanetlenerek yarg\u0131 itibars\u0131zla\u015ft\u0131r\u0131ld\u0131 ve yeni bir yarg\u0131 yap\u0131s\u0131 olu\u015fturman\u0131n me\u015fru zemini olu\u015fturulmaya \u00e7al\u0131\u015f\u0131ld\u0131. Kadrola\u015fma i\u00e7in bu yap\u0131lar\u0131n kullan\u0131laca\u011f\u0131n\u0131 d\u00fc\u015f\u00fcn\u00fcyorum. Mevcudun 3 kat\u0131 bir g\u00f6revlendirme yap\u0131larak, kadrola\u015fma olacakm\u0131\u015f&#8221; diye konu\u015ftu.<\/p>\n<p style=\"text-align: justify;\"><a href=\"http:\/\/www.gazeteport.com.tr\/haber\/44842\/quotyas_surecinden_kotu_kokular_geliyorquot\" target=\"_blank\">Kaynak : GAZETEPORT<\/a><\/p>\n","protected":false},"excerpt":{"rendered":"<p style=\"text-align: justify;\">\n<p style=\"text-align: justify;\">CHP Grup Ba\u015fkanvekili Emine \u00dclker Tarhan, ge\u00e7en y\u0131lki YA\u015e&#8217;tan \u00f6nce yarg\u0131 kullan\u0131larak baz\u0131 ki\u015filerin tutukland\u0131\u011f\u0131n\u0131, bu y\u0131l bu y\u00f6ntemin ba\u015fka bir versiyonunun uygulamaya konuldu\u011funu iddia ederek, &#8221;YA\u015e s\u00fcrecinden k\u00f6t\u00fc kokular geldi\u011fini d\u00fc\u015f\u00fcn\u00fcyorum&#8221; dedi.<\/p>\n<p style=\"text-align: justify;\">ANKARA &#8211; Tarhan, TBMM&#8217;de d\u00fczenledi\u011fi bas\u0131nla sohbet toplant\u0131s\u0131nda, g\u00fcndemdeki konulara ili\u015fkin a\u00e7\u0131klamalarda bulundu. <\/p>\n","protected":false},"author":1,"featured_media":0,"comment_status":"open","ping_status":"open","sticky":false,"template":"","format":"standard","meta":{"footnotes":""},"categories":[105],"tags":[],"class_list":["post-37443","post","type-post","status-publish","format-standard","hentry","category-gundem","odd"],"_links":{"self":[{"href":"http:\/\/www.korhanyilmaz.com\/index.php?rest_route=\/wp\/v2\/posts\/37443","targetHints":{"allow":["GET"]}}],"collection":[{"href":"http:\/\/www.korhanyilmaz.com\/index.php?rest_route=\/wp\/v2\/posts"}],"about":[{"href":"http:\/\/www.korhanyilmaz.com\/index.php?rest_route=\/wp\/v2\/types\/post"}],"author":[{"embeddable":true,"href":"http:\/\/www.korhanyilmaz.com\/index.php?rest_route=\/wp\/v2\/users\/1"}],"replies":[{"embeddable":true,"href":"http:\/\/www.korhanyilmaz.com\/index.php?rest_route=%2Fwp%2Fv2%2Fcomments&post=37443"}],"version-history":[{"count":0,"href":"http:\/\/www.korhanyilmaz.com\/index.php?rest_route=\/wp\/v2\/posts\/37443\/revisions"}],"wp:attachment":[{"href":"http:\/\/www.korhanyilmaz.com\/index.php?rest_route=%2Fwp%2Fv2%2Fmedia&parent=37443"}],"wp:term":[{"taxonomy":"category","embeddable":true,"href":"http:\/\/www.korhanyilmaz.com\/index.php?rest_route=%2Fwp%2Fv2%2Fcategories&post=37443"},{"taxonomy":"post_tag","embeddable":true,"href":"http:\/\/www.korhanyilmaz.com\/index.php?rest_route=%2Fwp%2Fv2%2Ftags&post=37443"}],"curies":[{"name":"wp","href":"https:\/\/api.w.org\/{rel}","templated":true}]}}