{"id":37438,"date":"2011-07-29T20:40:04","date_gmt":"2011-07-29T17:40:04","guid":{"rendered":"http:\/\/www.korhanyilmaz.com\/?p=37438"},"modified":"2011-07-30T11:05:55","modified_gmt":"2011-07-30T08:05:55","slug":"kosanerin-veda-mesaji","status":"publish","type":"post","link":"http:\/\/www.korhanyilmaz.com\/?p=37438","title":{"rendered":"Ko\u015faner&#8217;in veda mesaj\u0131"},"content":{"rendered":"<p style=\"text-align: center;\"><a href=\"http:\/\/www.korhanyilmaz.com\/wp-content\/uploads\/2011\/07\/2133.jpeg\"  class=\"lightview\"><img loading=\"lazy\" decoding=\"async\" class=\"aligncenter size-full wp-image-37469\" src=\"http:\/\/www.korhanyilmaz.com\/wp-content\/uploads\/2011\/07\/2133.jpeg\" alt=\"\" width=\"320\" height=\"238\" \/><\/a><\/p>\n<p style=\"text-align: justify;\">Ko\u015faner, &#8220;TSK mensuplar\u0131 bundan sonra da disiplin i\u00e7inde ba\u015far\u0131ya ula\u015facakt\u0131r&#8221; dedi.<\/p>\n<p style=\"text-align: justify;\">Orgeneral I\u015f\u0131k Ko\u015faner mesaj\u0131nda, &#8220;\u015eu anda 173\u2018\u00fc muvazzaf, 77\u2018si emekli olmak \u00fczere 250 general-amiral, subay, astsubay ve uzman jandarma \u00e7avu\u015f, h\u00fcrriyetlerinden yoksun olarak tutuklu bulunmaktad\u0131r. Tutuklamalar\u0131n evrensel hukuk kaidelerine, hakka, adalete ve vicdani de\u011ferlere uygun olarak yap\u0131ld\u0131\u011f\u0131n\u0131 kabul etmek, bir \u00e7ok hukuk\u00e7unun da ifade etti\u011fi gibi, m\u00fcmk\u00fcn de\u011fildir. Bu durum, bir \u00e7ok defa yetkili makamlara iletilmesine, anlat\u0131lmas\u0131na ve takip edilmesine ra\u011fmen soruna yasal \u00e7er\u00e7evede bir \u00e7\u00f6z\u00fcm bulunmas\u0131 m\u00fcmk\u00fcn olmam\u0131\u015ft\u0131r.<!--more--><\/p>\n<p style=\"text-align: justify;\">Haklar\u0131nda hen\u00fcz hi\u00e7 bir kesin yarg\u0131 karar\u0131 olmamas\u0131na ra\u011fmen tutuklu bulunan 14 general-amiral ile 58 albay, h\u00fcrriyetlerinin tehdit edilmesinin yan\u0131 s\u0131ra mevcut yasalar\u0131m\u0131z gere\u011fince bu y\u0131l yap\u0131lacak Y\u00fckser Askeri \u015eura\u2018da de\u011ferlendirmeye girme hakk\u0131n\u0131 kaybetmi\u015f ve pe\u015finen cezaland\u0131r\u0131lm\u0131\u015ft\u0131r. Soru\u015fturma ve uzun s\u00fcreli tutuklamalar\u0131n bir amac\u0131n\u0131n da TSK\u2018n\u0131n s\u00fcrekli g\u00fcndemde tutularak kamuoyunda bir su\u00e7 te\u015fkilat\u0131 oldu\u011fu izleniminin yarat\u0131lmaya \u00e7al\u0131\u015f\u0131ld\u0131\u011f\u0131, bunu f\u0131rsat bilen yanl\u0131 medyan\u0131n da her t\u00fcrl\u00fc yalan haber, iftira ve su\u00e7lamalarla y\u00fcce ulusumuzu kendi silahl\u0131 kuvvetlerine kar\u015f\u0131 tav\u0131r almaya te\u015fvik etti\u011fi dikkatlerden ka\u00e7mamaktad\u0131r. Bu durumun \u00f6nlenememesi ve yetkili makamlar nezdinde yap\u0131lan giri\u015fimlerin dikkate al\u0131nmamas\u0131 Genelkurmay Ba\u015fkan\u0131 olarak personelimin hak ve hukukunu koruma sorumlulu\u011fumu yerine getirmeme engel oldu\u011fundan, i\u015fgal etti\u011fim bu y\u00fcce makamda g\u00f6reve devam etme imkan\u0131n\u0131 ortadan kald\u0131rm\u0131\u015ft\u0131r. \u015eartlar ne olursa olsun TSK\u2018n\u0131n kahraman mensuplar\u0131n\u0131n kutsal g\u00f6revlerinde bundan \u00f6nce oldu\u011fu gibi bundan sonra da \u00fcst\u00fcn disiplin, cesaret ve fedakarl\u0131kla ba\u015far\u0131ya ula\u015facaklar\u0131na olan kesin inanc\u0131m\u0131 bir kez daha g\u00fcvenle ifade ederken, TSK\u2018n\u0131n t\u00fcm mensuplar\u0131na sa\u011fl\u0131k ve esenlikler dilerim&#8221; dedi.<\/p>\n<p style=\"text-align: justify;\"><strong>ORG. KO\u015eANER K\u0130MD\u0130R?<\/strong><\/p>\n<p style=\"text-align: justify;\">TSK&#8217;n\u0131n 27&#8217;nci Genelkurmay Ba\u015fkan\u0131 olan Orgeneral I\u015f\u0131k Ko\u015faner, 30 A\u011fustos 2010 tarihiden bu yana bu g\u00f6revi s\u00fcrd\u00fcr\u00fcyordu.<\/p>\n<p style=\"text-align: justify;\">Orgeneral Ko\u015faner, 1965 y\u0131l\u0131nda Kara Harp Okulundan, 1966 y\u0131l\u0131nda Piyade Okulundan mezun oldu.<\/p>\n<p style=\"text-align: justify;\">1976 y\u0131l\u0131na kadar Kara Kuvvetlerine ba\u011fl\u0131 \u00e7e\u015fitli birliklerde, Tak\u0131m ve B\u00f6l\u00fck Komutanl\u0131\u011f\u0131, Da\u011f Komando Okulu ve E\u011fitim Merkezi Komutanl\u0131\u011f\u0131nda \u00f6\u011fretmenlik, K\u0131br\u0131s Bar\u0131\u015f Harek\u00e2t\u0131&#8217;nda Komando Tugay\u0131nda Tak\u0131m Komutanl\u0131\u011f\u0131 ve Tabur Kararg\u00e2h Subayl\u0131\u011f\u0131, Genelkurmay \u00d6zel Harp Daire Ba\u015fkanl\u0131\u011f\u0131nda \u00d6zel Tim Komutanl\u0131\u011f\u0131 yapt\u0131.<\/p>\n<p style=\"text-align: justify;\">Orgeneral Ko\u015faner, 1978 y\u0131l\u0131nda Kara Harp Akademisinden mezun oldu. Ard\u0131ndan kurmay subay olarak; Genelkurmay \u00d6zel Harp Daire Ba\u015fkanl\u0131\u011f\u0131nda Kararg\u00e2h Subayl\u0131\u011f\u0131, NATO Savunma Kolejini bitirmeyi m\u00fcteakip \u0130talya \/ Napoli&#8217;deki G\u00fcney Avrupa M\u00fcttefik Kuvvetleri Komutanl\u0131\u011f\u0131nda Kararg\u00e2h Subayl\u0131\u011f\u0131, 3&#8217;\u00fcnc\u00fc Ordu Lojistik Ba\u015fkanl\u0131\u011f\u0131nda Plan Koordinasyon \u015eube M\u00fcd\u00fcrl\u00fc\u011f\u00fc, \u0130ngiltere \/ Londra&#8217;da Savunma \u0130ncelemeleri Kraliyet Kolejini bitirmeyi m\u00fcteakip Genelkurmay Strateji ve Kuvvet Plan Daire Ba\u015fkanl\u0131\u011f\u0131nda Strateji \u015eube M\u00fcd\u00fcrl\u00fc\u011f\u00fc, 8&#8217;inci Piyade T\u00fcmeni 131&#8217;inci Piyade Alay Komutanl\u0131\u011f\u0131, Genelkurmay \u00d6zel Kuvvetler Komutanl\u0131\u011f\u0131nda Kurmay Ba\u015fkanl\u0131\u011f\u0131 g\u00f6revlerini y\u00fcr\u00fctt\u00fc.<\/p>\n<p style=\"text-align: justify;\">1992 Y\u0131l\u0131nda Tu\u011fgeneralli\u011fe terfi eden Orgeneral Ko\u015faner, bu r\u00fctbede; Kara Kuvvetleri Komutanl\u0131\u011f\u0131 Lojistik Plan Daire Ba\u015fkanl\u0131\u011f\u0131 ile 1&#8217;inci Komando Tugay Komutanl\u0131\u011f\u0131 g\u00f6revlerinde bulundu.<\/p>\n<p style=\"text-align: justify;\">1996 y\u0131l\u0131nda T\u00fcmgeneralli\u011fe terfi etti. T\u00fcmgeneral r\u00fctbesi ile Kara Harp Okulu Komutanl\u0131\u011f\u0131 g\u00f6revini y\u00fcr\u00fctt\u00fc. 2000 y\u0131l\u0131nda Korgeneralli\u011fe terfi ederek s\u0131ras\u0131yla; Mill\u00ee Savunma Bakanl\u0131\u011f\u0131 M\u00fcste\u015farl\u0131\u011f\u0131 ve K\u0131br\u0131s T\u00fcrk Bar\u0131\u015f Kuvvetleri Komutanl\u0131\u011f\u0131 g\u00f6revlerinde bulundu.<\/p>\n<p style=\"text-align: justify;\">2004 y\u0131l\u0131nda Orgeneralli\u011fe terfi eden Orgeneral Ko\u015faner, 2004-2005 y\u0131llar\u0131 aras\u0131nda Ege Ordu Komutanl\u0131\u011f\u0131, 2005-2006 y\u0131llar\u0131 aras\u0131nda Genelkurmay II&#8217;nci Ba\u015fkanl\u0131\u011f\u0131, 2006-2008 y\u0131llar\u0131 aras\u0131nda Jandarma Genel Komutanl\u0131\u011f\u0131, 2008-2010 y\u0131llar\u0131 aras\u0131nda Kara Kuvvetleri Komutanl\u0131\u011f\u0131 g\u00f6revlerinde bulundu. 30 A\u011fustos 2010 tarihinden ge\u00e7erli olarak Genelkurmay Ba\u015fkanl\u0131\u011f\u0131na atand\u0131.<\/p>\n<p style=\"text-align: justify;\">Orgeneral Ko\u015faner, T\u00fcrk Silahl\u0131 Kuvvetleri \u00dcst\u00fcn Hizmet Madalyas\u0131, T\u00fcrk Silahl\u0131 Kuvvetleri \u00dcst\u00fcn Cesaret ve Feragat Madalyas\u0131, T\u00fcrk Silahl\u0131 Kuvvetleri \u015eeref Madalyas\u0131, T\u00fcrk Silahl\u0131 Kuvvetleri K\u0131br\u0131s \u00dcst\u00fcn Cesaret ve Feragat Madalyas\u0131, Kore Cumhuriyeti Mill\u00ee G\u00fcvenlik Liyakat Madalyas\u0131 ve Pakistan \u0130mtiyaz Ni\u015fan\u0131 sahibi.<\/p>\n<p style=\"text-align: justify;\"><a href=\"http:\/\/www.haberturk.com\/gundem\/haber\/653064-kosanerin-veda-mesaji\" target=\"_blank\">Kaynak : HABERT\u00dcRK<\/a><\/p>\n","protected":false},"excerpt":{"rendered":"<p style=\"text-align: center;\">\n<p style=\"text-align: justify;\">Ko\u015faner, &#8220;TSK mensuplar\u0131 bundan sonra da disiplin i\u00e7inde ba\u015far\u0131ya ula\u015facakt\u0131r&#8221; dedi.<\/p>\n<p style=\"text-align: justify;\">Orgeneral I\u015f\u0131k Ko\u015faner mesaj\u0131nda, &#8220;\u015eu anda 173\u2018\u00fc muvazzaf, 77\u2018si emekli olmak \u00fczere 250 general-amiral, subay, astsubay ve uzman jandarma \u00e7avu\u015f, h\u00fcrriyetlerinden yoksun olarak tutuklu bulunmaktad\u0131r. Tutuklamalar\u0131n evrensel hukuk kaidelerine, hakka, adalete ve vicdani de\u011ferlere uygun olarak yap\u0131ld\u0131\u011f\u0131n\u0131 <\/p>\n","protected":false},"author":1,"featured_media":0,"comment_status":"open","ping_status":"open","sticky":false,"template":"","format":"standard","meta":{"footnotes":""},"categories":[105],"tags":[],"class_list":["post-37438","post","type-post","status-publish","format-standard","hentry","category-gundem","odd"],"_links":{"self":[{"href":"http:\/\/www.korhanyilmaz.com\/index.php?rest_route=\/wp\/v2\/posts\/37438","targetHints":{"allow":["GET"]}}],"collection":[{"href":"http:\/\/www.korhanyilmaz.com\/index.php?rest_route=\/wp\/v2\/posts"}],"about":[{"href":"http:\/\/www.korhanyilmaz.com\/index.php?rest_route=\/wp\/v2\/types\/post"}],"author":[{"embeddable":true,"href":"http:\/\/www.korhanyilmaz.com\/index.php?rest_route=\/wp\/v2\/users\/1"}],"replies":[{"embeddable":true,"href":"http:\/\/www.korhanyilmaz.com\/index.php?rest_route=%2Fwp%2Fv2%2Fcomments&post=37438"}],"version-history":[{"count":0,"href":"http:\/\/www.korhanyilmaz.com\/index.php?rest_route=\/wp\/v2\/posts\/37438\/revisions"}],"wp:attachment":[{"href":"http:\/\/www.korhanyilmaz.com\/index.php?rest_route=%2Fwp%2Fv2%2Fmedia&parent=37438"}],"wp:term":[{"taxonomy":"category","embeddable":true,"href":"http:\/\/www.korhanyilmaz.com\/index.php?rest_route=%2Fwp%2Fv2%2Fcategories&post=37438"},{"taxonomy":"post_tag","embeddable":true,"href":"http:\/\/www.korhanyilmaz.com\/index.php?rest_route=%2Fwp%2Fv2%2Ftags&post=37438"}],"curies":[{"name":"wp","href":"https:\/\/api.w.org\/{rel}","templated":true}]}}