{"id":37434,"date":"2011-07-30T00:21:11","date_gmt":"2011-07-29T21:21:11","guid":{"rendered":"http:\/\/www.korhanyilmaz.com\/?p=37434"},"modified":"2011-07-30T01:02:05","modified_gmt":"2011-07-29T22:02:05","slug":"basbakanlik-takdirle-anilacaklar","status":"publish","type":"post","link":"http:\/\/www.korhanyilmaz.com\/?p=37434","title":{"rendered":"Ba\u015fbakanl\u0131k: Takdirle an\u0131lacaklar"},"content":{"rendered":"<p style=\"text-align: justify;\"><a href=\"http:\/\/www.korhanyilmaz.com\/wp-content\/uploads\/2011\/07\/2121.jpg\"  class=\"lightview\"><img loading=\"lazy\" decoding=\"async\" class=\"aligncenter size-full wp-image-37435\" title=\"\" src=\"http:\/\/www.korhanyilmaz.com\/wp-content\/uploads\/2011\/07\/2121.jpg\" alt=\"\" width=\"298\" height=\"207\" \/><\/a><\/p>\n<p style=\"text-align: justify;\">Ba\u015fbakanl\u0131k&#8217;tan, I\u015f\u0131k Ko\u015faner ve kuvvet komutanlar\u0131n\u0131n emeklilik talepleri ve Jandarma Genel Komutan\u0131 Necdet \u00d6zel&#8217;in atamas\u0131yla ilgili yaz\u0131l\u0131 bir a\u00e7\u0131klama geldi.<\/p>\n<p style=\"text-align: justify;\">ANKARA &#8211; Ba\u015fbakanl\u0131k, Jandarma Genel Komutan\u0131 Orgeneral Necdet \u00d6zel&#8217;in Kara Kuvvetleri Komutanl\u0131\u011f\u0131na atanmas\u0131na ili\u015fkin kararnamenin Cumhurba\u015fkan\u0131nca onayland\u0131\u011f\u0131n\u0131, Orgeneral \u00d6zel&#8217;in Ba\u015fbakanl\u0131k onay\u0131yla Genelkurmay Ba\u015fkan Vekili olarak g\u00f6revlendirildi\u011fini a\u00e7\u0131klad\u0131. <!--more--><\/p>\n<p style=\"text-align: justify;\">Yap\u0131lan yaz\u0131l\u0131 a\u00e7\u0131klamada, I\u015f\u0131k Ko\u015faner ile kuvvet komutanlar\u0131n\u0131n emeklilik ba\u015fvurusunda bulunduklar\u0131 ve bu isteklerinin Cumhurba\u015fkan\u0131 G\u00fcl taraf\u0131ndan onaylanarak i\u015fleme konuldu\u011fu belirtildi.<\/p>\n<p style=\"text-align: justify;\">Bu komutanlar\u0131n takdirle an\u0131lacaklar\u0131n\u0131n belirtildi\u011fi a\u00e7\u0131klamada, Y\u00fcksek Askeri \u015eura toplant\u0131s\u0131n\u0131n da belirlenen tarihte yap\u0131laca\u011f\u0131 kaydedildi.<\/p>\n<p style=\"text-align: justify;\">Ba\u015fbakanl\u0131k Bas\u0131n Merkezinin internet sitesinde yer alan bas\u0131n a\u00e7\u0131klamas\u0131nda, Genelkurmay Ba\u015fkan\u0131 Orgeneral I\u015f\u0131k Ko\u015faner, Kara Kuvvetleri Komutan\u0131 Orgeneral Erdal Ceylano\u011flu, Deniz Kuvvetleri Komutan\u0131 Oramiral E\u015fref U\u011fur Yi\u011fit ve Hava Kuvvetleri Komutan\u0131 Orgeneral Hasan Aksay&#8217;\u0131n 29 Temmuz 2011 tarihi itibariyle emeklilik ba\u015fvurusunda bulunduklar\u0131 bildirildi.<\/p>\n<p style=\"text-align: justify;\">Genelkurmay Ba\u015fkan\u0131 Orgeneral Ko\u015faner&#8217;in emeklilik talebi \u00fczerine 926 say\u0131l\u0131 T\u00fcrk Silahl\u0131 Kuvvetleri Personel Kanununun 49. maddesi gere\u011fince 29 Temmuz 2011&#8217;den ge\u00e7erli olmak \u00fczere emekliye ayr\u0131lmas\u0131na y\u00f6nelik Bakanlar Kurulu Karar\u0131&#8217;n\u0131n Cumhurba\u015fkan\u0131 Abdullah G\u00fcl taraf\u0131ndan onaylan\u0131p i\u015fleme konuldu\u011fu belirtilen a\u00e7\u0131klamada, \u015fu bilgilere yer verildi:<\/p>\n<p style=\"text-align: justify;\">&#8221;Jandarma Genel Komutan\u0131 Orgeneral Necdet \u00d6zel&#8217;in, Kara Kuvvetleri Komutanl\u0131\u011f\u0131na atanmas\u0131na ili\u015fkin kararname Say\u0131n Cumhurba\u015fkan\u0131nca onaylanm\u0131\u015ft\u0131r. Orgeneral \u00d6zel, Ba\u015fbakanl\u0131k onay\u0131yla Genelkurmay Ba\u015fkan Vekili olarak g\u00f6revlendirilmi\u015ftir. A\u011fustos ay\u0131 i\u00e7inde g\u00f6rev s\u00fcrelerini dolduracak olan Orgeneral Ceylano\u011flu, Oramiral Yi\u011fit ve Orgeneral Aksay&#8217;\u0131n 5434 say\u0131l\u0131 Emekli Sand\u0131\u011f\u0131 Kanunu gere\u011fince emekliye ayr\u0131lma talepleri de Milli Savunma Bakan\u0131n\u0131n onay\u0131yla 29 Temmuz 2011 tarihi itibariyle kabul edilerek i\u015fleme konulmu\u015ftur.<\/p>\n<p style=\"text-align: justify;\">Emeklilik ba\u015fvurusunda bulunan komutanlar\u0131m\u0131z, T\u00fcrk Silahl\u0131 Kuvvetlerinde ge\u00e7en uzun hizmet y\u0131llar\u0131ndaki \u00f6zverili \u00e7al\u0131\u015fmalar\u0131 sebebiyle takdirle an\u0131lacaklard\u0131r. Kendilerine ve ailelerine sa\u011fl\u0131k ve esenlik diliyoruz.<\/p>\n<p style=\"text-align: justify;\">1 A\u011fustos&#8217;ta ba\u015flamas\u0131 planlanan Y\u00fcksek Askeri \u015eura Toplant\u0131s\u0131 kararla\u015ft\u0131r\u0131ld\u0131\u011f\u0131 \u015fekilde ger\u00e7ekle\u015ftirilecektir. D\u00fcnyan\u0131n en b\u00fcy\u00fck ve sayg\u0131n ordular\u0131ndan biri olan T\u00fcrk Silahl\u0131 Kuvvetlerimiz, erinden generaline kadar t\u00fcm personelin fedakarane \u00e7al\u0131\u015fmalar\u0131yla yasalarla kendisine verilen g\u00f6revi birlik ve beraberlik ruhu i\u00e7inde en ba\u015far\u0131l\u0131 \u015fekilde yapmaya devam edecektir.&#8221;<\/p>\n<p style=\"text-align: justify;\"><a href=\"http:\/\/www.ntvmsnbc.com\/id\/25236917\/\" target=\"_blank\">Kaynak : NTVMSNBC<\/a><\/p>\n","protected":false},"excerpt":{"rendered":"<p style=\"text-align: justify;\">\n<p style=\"text-align: justify;\">Ba\u015fbakanl\u0131k&#8217;tan, I\u015f\u0131k Ko\u015faner ve kuvvet komutanlar\u0131n\u0131n emeklilik talepleri ve Jandarma Genel Komutan\u0131 Necdet \u00d6zel&#8217;in atamas\u0131yla ilgili yaz\u0131l\u0131 bir a\u00e7\u0131klama geldi.<\/p>\n<p style=\"text-align: justify;\">ANKARA &#8211; Ba\u015fbakanl\u0131k, Jandarma Genel Komutan\u0131 Orgeneral Necdet \u00d6zel&#8217;in Kara Kuvvetleri Komutanl\u0131\u011f\u0131na atanmas\u0131na ili\u015fkin kararnamenin Cumhurba\u015fkan\u0131nca onayland\u0131\u011f\u0131n\u0131, Orgeneral \u00d6zel&#8217;in Ba\u015fbakanl\u0131k onay\u0131yla Genelkurmay Ba\u015fkan Vekili olarak g\u00f6revlendirildi\u011fini a\u00e7\u0131klad\u0131. <\/p>\n","protected":false},"author":1,"featured_media":0,"comment_status":"open","ping_status":"open","sticky":false,"template":"","format":"standard","meta":{"footnotes":""},"categories":[105],"tags":[],"class_list":["post-37434","post","type-post","status-publish","format-standard","hentry","category-gundem","odd"],"_links":{"self":[{"href":"http:\/\/www.korhanyilmaz.com\/index.php?rest_route=\/wp\/v2\/posts\/37434","targetHints":{"allow":["GET"]}}],"collection":[{"href":"http:\/\/www.korhanyilmaz.com\/index.php?rest_route=\/wp\/v2\/posts"}],"about":[{"href":"http:\/\/www.korhanyilmaz.com\/index.php?rest_route=\/wp\/v2\/types\/post"}],"author":[{"embeddable":true,"href":"http:\/\/www.korhanyilmaz.com\/index.php?rest_route=\/wp\/v2\/users\/1"}],"replies":[{"embeddable":true,"href":"http:\/\/www.korhanyilmaz.com\/index.php?rest_route=%2Fwp%2Fv2%2Fcomments&post=37434"}],"version-history":[{"count":0,"href":"http:\/\/www.korhanyilmaz.com\/index.php?rest_route=\/wp\/v2\/posts\/37434\/revisions"}],"wp:attachment":[{"href":"http:\/\/www.korhanyilmaz.com\/index.php?rest_route=%2Fwp%2Fv2%2Fmedia&parent=37434"}],"wp:term":[{"taxonomy":"category","embeddable":true,"href":"http:\/\/www.korhanyilmaz.com\/index.php?rest_route=%2Fwp%2Fv2%2Fcategories&post=37434"},{"taxonomy":"post_tag","embeddable":true,"href":"http:\/\/www.korhanyilmaz.com\/index.php?rest_route=%2Fwp%2Fv2%2Ftags&post=37434"}],"curies":[{"name":"wp","href":"https:\/\/api.w.org\/{rel}","templated":true}]}}