{"id":37429,"date":"2011-07-29T22:59:57","date_gmt":"2011-07-29T19:59:57","guid":{"rendered":"http:\/\/www.korhanyilmaz.com\/?p=37429"},"modified":"2011-07-30T00:56:07","modified_gmt":"2011-07-29T21:56:07","slug":"genelkurmay-baskan-vekili-necdet-ozel","status":"publish","type":"post","link":"http:\/\/www.korhanyilmaz.com\/?p=37429","title":{"rendered":"Genelkurmay Ba\u015fkan Vekili Necdet \u00d6zel"},"content":{"rendered":"<p style=\"text-align: justify;\"><a href=\"http:\/\/www.korhanyilmaz.com\/wp-content\/uploads\/2011\/07\/2120.jpg\"  class=\"lightview\"><img loading=\"lazy\" decoding=\"async\" class=\"aligncenter size-full wp-image-37430\" title=\"\" src=\"http:\/\/www.korhanyilmaz.com\/wp-content\/uploads\/2011\/07\/2120.jpg\" alt=\"\" width=\"350\" height=\"239\" \/><\/a><\/p>\n<p style=\"text-align: justify;\">Genelkurmay Ba\u015fkan\u0131 ve kuvvet komutanlar\u0131n\u0131n emekilik kararlar\u0131yla, Jandarma Genel Komutan\u0131 Necdet \u00d6zel, Genelkurmay Ba\u015fkanvekilli\u011fi&#8217;ne getirildi.<\/p>\n<p style=\"text-align: justify;\">Genelkurmay Ba\u015fkan\u0131 Orgeneral I\u015f\u0131k Ko\u015faner ile Kara Kuvvetleri Komutan\u0131 Erdal Ceylano\u011flu, Deniz Kuvvetleri Komutan\u0131 E\u015fref U\u011fur Yi\u011fit ve Hava Kuvvetleri Komutan\u0131 Hasan Aksay&#8217;\u0131n emeklilik kararlar\u0131; kuvvet komutanlar\u0131n\u0131n g\u00f6rev s\u00fcrelerinin zaten dolacak olmas\u0131 nedeniyle, olas\u0131 bir Genelkurmay Ba\u015fkanl\u0131\u011f\u0131 krizini g\u00fcndeme getirdi. <!--more--><\/p>\n<p style=\"text-align: justify;\">1-4 A\u011fustos tarihleri aras\u0131nda yap\u0131lacak YA\u015e&#8217;ta kuvvet komutanl\u0131klar\u0131na atama yap\u0131labilmesi i\u00e7in, ilk olarak, buralara isim \u00f6neren Genelkurmay Ba\u015fkanl\u0131\u011f\u0131 koltu\u011funun doldurulmas\u0131 gerekiyordu.<\/p>\n<p style=\"text-align: justify;\">Ankara&#8217;daki yo\u011fun g\u00f6r\u00fc\u015fme trafi\u011fi sonunda, team\u00fcller gere\u011fi aday olan tek isim Jandarma Genel Komutan\u0131 Necdet \u00d6zel, Genelkurmay Ba\u015fkanvekilli\u011fi&#8217;ne atand\u0131.<\/p>\n<p style=\"text-align: justify;\">Ko\u015fanaer ile kuvvet komutanlar\u0131n\u0131n emekilik kararlar\u0131 sonras\u0131, Orgeneral Necdet \u00d6zel, Ba\u015fbakan Erdo\u011fan ile Ba\u015fbakanl\u0131k&#8217;a 45 dakika s\u00fcren bir g\u00f6r\u00fc\u015fme yapt\u0131.<\/p>\n<p style=\"text-align: justify;\">Orgeneral \u00d6zel buradan \u00c7ankaya K\u00f6\u015fk\u00fc&#8217;ne ge\u00e7erken, Ba\u015fbakan Erdo\u011fan&#8217;\u0131n da adresi K\u00f6\u015fk oldu. G\u00fcl, Erdo\u011fan ve \u00d6zel aras\u0131ndaki g\u00f6r\u00fc\u015fme sonras\u0131 K\u00f6\u015fk&#8217;\u00fcn son konu\u011fu Ba\u015fbakanl\u0131k M\u00fcste\u015far\u0131 Efkan Ala idi.<\/p>\n<p style=\"text-align: justify;\">Ala&#8217;n\u0131n ayr\u0131lmas\u0131n\u0131n ard\u0131ndan da beklenen a\u00e7\u0131klama geldi ve \u00d6zel&#8217;in Kara Kuvvetleri Komutanl\u0131\u011f\u0131&#8217;na ard\u0131ndan da Genelkurmay Ba\u015fkanvekilli\u011fi&#8217;ne atand\u0131\u011f\u0131 duyuruldu.<\/p>\n<p style=\"text-align: justify;\"><strong>KOLTU\u011eA ERKEN OTURACAK<\/strong><\/p>\n<p style=\"text-align: justify;\">Orgenaral I\u015f\u0131k Ko\u015faner emeklilik karar\u0131 almasayd\u0131 yani 2 y\u0131l daha koltu\u011funda otursayd\u0131, Orgeneral Necdet \u00d6zel bu s\u00fcrecin sonunda Genelkurmay Ba\u015fkan\u0131 olacakt\u0131.<\/p>\n<p style=\"text-align: justify;\">Jandarma Genel Komutanl\u0131\u011f\u0131 kuvvet komutanl\u0131\u011f\u0131 say\u0131lmad\u0131\u011f\u0131 i\u00e7in Necdet \u00d6zel ilk olarak Kara Kuvvetleri Komutanl\u0131\u011f\u0131&#8217;na atand\u0131. \u00d6zel&#8217;in Genelkurmay Ba\u015fkanvekilli\u011fi&#8217;ne getirildi\u011fi a\u00e7\u0131klamas\u0131 da Ba\u015fbakanl\u0131k&#8217;tan geldi.<\/p>\n<p style=\"text-align: justify;\"><a href=\"http:\/\/www.ntvmsnbc.com\/id\/25236879\/\" target=\"_blank\">Kaynak : NTVMSNBC<\/a><\/p>\n","protected":false},"excerpt":{"rendered":"<p style=\"text-align: justify;\">\n<p style=\"text-align: justify;\">Genelkurmay Ba\u015fkan\u0131 ve kuvvet komutanlar\u0131n\u0131n emekilik kararlar\u0131yla, Jandarma Genel Komutan\u0131 Necdet \u00d6zel, Genelkurmay Ba\u015fkanvekilli\u011fi&#8217;ne getirildi.<\/p>\n<p style=\"text-align: justify;\">Genelkurmay Ba\u015fkan\u0131 Orgeneral I\u015f\u0131k Ko\u015faner ile Kara Kuvvetleri Komutan\u0131 Erdal Ceylano\u011flu, Deniz Kuvvetleri Komutan\u0131 E\u015fref U\u011fur Yi\u011fit ve Hava Kuvvetleri Komutan\u0131 Hasan Aksay&#8217;\u0131n emeklilik kararlar\u0131; kuvvet komutanlar\u0131n\u0131n g\u00f6rev s\u00fcrelerinin zaten dolacak olmas\u0131 nedeniyle, <\/p>\n","protected":false},"author":1,"featured_media":0,"comment_status":"open","ping_status":"open","sticky":false,"template":"","format":"standard","meta":{"footnotes":""},"categories":[105],"tags":[],"class_list":["post-37429","post","type-post","status-publish","format-standard","hentry","category-gundem","odd"],"_links":{"self":[{"href":"http:\/\/www.korhanyilmaz.com\/index.php?rest_route=\/wp\/v2\/posts\/37429","targetHints":{"allow":["GET"]}}],"collection":[{"href":"http:\/\/www.korhanyilmaz.com\/index.php?rest_route=\/wp\/v2\/posts"}],"about":[{"href":"http:\/\/www.korhanyilmaz.com\/index.php?rest_route=\/wp\/v2\/types\/post"}],"author":[{"embeddable":true,"href":"http:\/\/www.korhanyilmaz.com\/index.php?rest_route=\/wp\/v2\/users\/1"}],"replies":[{"embeddable":true,"href":"http:\/\/www.korhanyilmaz.com\/index.php?rest_route=%2Fwp%2Fv2%2Fcomments&post=37429"}],"version-history":[{"count":0,"href":"http:\/\/www.korhanyilmaz.com\/index.php?rest_route=\/wp\/v2\/posts\/37429\/revisions"}],"wp:attachment":[{"href":"http:\/\/www.korhanyilmaz.com\/index.php?rest_route=%2Fwp%2Fv2%2Fmedia&parent=37429"}],"wp:term":[{"taxonomy":"category","embeddable":true,"href":"http:\/\/www.korhanyilmaz.com\/index.php?rest_route=%2Fwp%2Fv2%2Fcategories&post=37429"},{"taxonomy":"post_tag","embeddable":true,"href":"http:\/\/www.korhanyilmaz.com\/index.php?rest_route=%2Fwp%2Fv2%2Ftags&post=37429"}],"curies":[{"name":"wp","href":"https:\/\/api.w.org\/{rel}","templated":true}]}}