{"id":37425,"date":"2011-07-29T11:48:15","date_gmt":"2011-07-29T08:48:15","guid":{"rendered":"http:\/\/www.korhanyilmaz.com\/?p=37425"},"modified":"2011-07-30T00:49:47","modified_gmt":"2011-07-29T21:49:47","slug":"demirtas-ozerklikte-vergi-vermemek-gibi-bir-sey-yok","status":"publish","type":"post","link":"http:\/\/www.korhanyilmaz.com\/?p=37425","title":{"rendered":"Demirta\u015f: \u00d6zerklikte vergi vermemek gibi bir \u015fey yok!"},"content":{"rendered":"<p style=\"text-align: center;\"><a href=\"http:\/\/www.korhanyilmaz.com\/wp-content\/uploads\/2011\/07\/2119.jpeg\"  class=\"lightview\"><img loading=\"lazy\" decoding=\"async\" class=\"aligncenter size-full wp-image-37426\" src=\"http:\/\/www.korhanyilmaz.com\/wp-content\/uploads\/2011\/07\/2119.jpeg\" alt=\"\" width=\"320\" height=\"214\" \/><\/a><\/p>\n<p style=\"text-align: justify;\">BDP Grup Ba\u015fkan\u0131 Selahattin Demirta\u015f, BDP&#8217;li Bengi Y\u0131ld\u0131z&#8217;\u0131n &#8220;Biz vergi vermeyiz&#8221; a\u00e7\u0131klamas\u0131na cevap verdi. Ba\u015fbakan Erdo\u011fan da Y\u0131ld\u0131z&#8217;\u0131n s\u00f6zlerine tepki g\u00f6stermi\u015f, &#8220;Vergi \u00f6demeyen bedelini \u00f6der&#8221; demi\u015fti. Demirta\u015f bu gerginli\u011fe kar\u015f\u0131 yapt\u0131\u011f\u0131 \u0131l\u0131ml\u0131 a\u00e7\u0131klamada, &#8216;Vatan topraklar\u0131 \u00fczerinde ameliyat yapmak isteyen yok, bu \u00fclke hepimizin. \u00d6zerklikte vergi vermeme gibi bir \u015fey yoktur&#8217; dedi.<!--more--><\/p>\n<p style=\"text-align: justify;\">D\u0130YARBAKIR &#8211; Bar\u0131\u015f ve Demokrasi Partisi (BDP) Grup ba\u015fkan\u0131 Selahattin Demirta\u015f, Ba\u015fbakan Recep Tayyip Erdo\u011fan&#8217;\u0131n, &#8220;Vatan topraklar\u0131 \u00fczerinde ameliyat yapt\u0131rmay\u0131z&#8221; s\u00f6zlerine, &#8220;Ameliyat yapmak isteyen yok. Ba\u015fbakan&#8217;\u0131n bu \u00fclkeyi sanki birileri b\u00f6lmeye \u00e7al\u0131\u015f\u0131yor da o kurtarmaya \u00e7al\u0131yor gibi bir havaya girmesini do\u011fru bulmuyoruz. Bu \u00fclke hepimizindir&#8221;dedi. &#8220;Demokratik \u00d6zerklikte vergi vermeyece\u011fiz&#8221; tart\u0131\u015fmalar\u0131 ile ilgili ise Demirta\u015f, &#8220;\u00d6zerk y\u00f6netimlerde de vergilerin bir k\u0131sm\u0131 merkeze aktar\u0131l\u0131r bir k\u0131sm\u0131 yerelde kal\u0131r. Vergi vermemek diye bur durum yoktur \u00f6zerkliklerde&#8221;dedi. BDP Grup ba\u015fkan\u0131 Demirta\u015f, Ba\u015fbakan Erdo\u011fan&#8217;\u0131n, &#8220;Baz\u0131 \u015feyler \u00d6calan&#8217;\u0131 a\u015fm\u0131\u015f&#8221; s\u00f6zleri ile ilgili ise, &#8220;Say\u0131n \u00d6calan K\u00fcrt sorunu konusunda en \u00f6nemli akt\u00f6r. PKK \u00fczerinde hakimiyeti bilinmeyen bir \u015fey de\u011fil. H\u00fck\u00fcmette zaten kendisi ile diyalog i\u00e7erisinde ise bu nedenle bu sebeple diyalog i\u00e7erisindedir&#8221;dedi. \u0130\u00e7i\u015fleri bakan\u0131 \u0130dris Naim \u015eahin&#8217;in BDP ile g\u00f6r\u00fc\u015f\u00fclmeyece\u011fini a\u00e7\u0131klamas\u0131na ise, Demirta\u015f, &#8220;BDP ile g\u00f6r\u00fc\u015fmemek ben bu sorunu \u00e7\u00f6zm\u00fcyorum demektir. \u00d6ylesi bir d\u00f6nemde BDP ile g\u00f6r\u00fc\u015fm\u00fcyoruz demek BDP hedef g\u00f6stermektir. B\u00fct\u00fcn olup bitenlerden BDP&#8217; yi sorumlu tutmakt\u0131r&#8221;diye konu\u015ftu.<\/p>\n<p style=\"text-align: justify;\"><strong>&#8220;BDP VE K\u00dcRTLER HEDEFE KONULUYOR&#8221;<\/strong><\/p>\n<p style=\"text-align: justify;\">Diyarbak\u0131r&#8217;da bulunan ve parti toplant\u0131s\u0131 i\u00e7in G\u00fclten K\u0131\u015fanak ile birlikte Ankara&#8217;ya giden BDP&#8217;nin Grup Ba\u015fkan\u0131 Selahattin Demirta\u015f, havaalan\u0131nda a\u00e7\u0131kmlamalarda bulundu. Demirta\u015f, 14 Temmuz&#8217;da Silvan&#8217;da ya\u015fanan olay ve sonras\u0131 geli\u015fmelerin son derece dikkat \u00e7ekici oldu\u011funu belirterek, &#8220;14 Temmuz ile ilgili Silvan&#8217;da ya\u015fanan operasyon sonras\u0131nda ya\u015fanan kay\u0131plar ve bunun \u00fczerinde yap\u0131lan siyasal a\u00e7\u0131klamalar sanki hepsi bir kurguymu\u015f ve \u00f6nceden planlanm\u0131\u015f gibi hissiyata kap\u0131l\u0131yor insan. \u00c7\u00fcnk\u00fc bak\u0131yoruz o operasyonu yapan, yapt\u0131ran h\u00fck\u00fcmetin kendisi. 3 g\u00fcnd\u00fcr devam eden bir operasyon s\u00f6z konusu. Operasyon sonucunda 13 asker, 2&#8217;si PKK&#8217;li olmak \u00fczere 15 ki\u015fi ya\u015fam\u0131n\u0131 yitirdi. 5 cenaze kay\u0131p. Son derece kritik bir d\u00f6nemde \u00e7ok krtik bir operasyon yap\u0131l\u0131yor. Bunun \u00fczerine operasyonun sonu\u00e7lara \u00fczerine H\u00fck\u00fcmet yeni siyasi kararlar al\u0131yor. \u015eimdi operasyonlar\u0131 yapan yapt\u0131ran BDP de\u011fil. Bu operasyonlar\u0131n yap\u0131lmas\u0131na karar veren yada destekleyen K\u00fcrtlerde de\u011fil. Ama operasyon sonras\u0131nda BDP ve K\u00fcrtler hedefe konuluyor. Sanki b\u00fct\u00fcn sorumluluk BDP&#8217;deymi\u015f gibi fatura K\u00fcrtlere \u00e7\u0131kar\u0131lmaya \u00e7al\u0131\u015f\u0131l\u0131yor ve bunun \u00fczerinde bug\u00fcne kadar h\u00fck\u00fcmetin atmakta teredd\u00fct etti\u011fi veya a\u00e7\u0131l\u0131m ad\u0131 alt\u0131nda a\u00e7maya \u00e7al\u0131\u015ft\u0131\u011f\u0131 projeler bir anda de\u011fi\u015fiyor ve g\u00fcvenlik konsepti devreye giriyor. Bu nedenle akl\u0131m\u0131za do\u011frusu \u015f\u00f6yle bir soru tak\u0131lm\u0131yor de\u011fil. H\u00fck\u00fcmet bir \u015fekilde a\u00e7\u0131l\u0131mdan veya yeni anayasadan vazge\u00e7mek i\u00e7in bahane ar\u0131yordu Silvan&#8217;daki ac\u0131 olay bir \u015fekilde bunu bahane edildi, gerek\u00e7e edildi. O nedenle h\u00fck\u00fcmet bu konuda hesap verecekse kamuoyuna a\u00e7\u0131k bir \u015fekilde hesap vermeli. \u0130\u00e7i\u015fleri bakanl\u0131\u011f\u0131, Genelkurmay ayr\u0131 ayr\u0131 soru\u015fturma y\u00fcr\u00fctt\u00fcler. Oradan ne \u00e7\u0131kt\u0131 sonu\u00e7lar\u0131 nedir b\u00fct\u00fcn a\u00e7\u0131kl\u0131\u011f\u0131 ile kamuoyuna a\u00e7\u0131klanmal\u0131. Yani biz soru\u015fturmadan yans\u0131yan k\u0131s\u0131mlar\u0131 ile tatmin olmu\u015f de\u011filiz. Orada ne oldu ne bitti hepsini a\u00e7\u0131klamas\u0131 laz\u0131md\u0131r&#8221;dedi.<\/p>\n<p style=\"text-align: justify;\"><strong>&#8220;H\u00dcK\u00dcMET \u00d6CALAN&#8217;DAN NE BEKL\u0130YORDU OLMADI&#8221;<\/strong><\/p>\n<p style=\"text-align: justify;\">Ba\u015fbakan Recep Tayyip Erdo\u011fan&#8217;\u0131n son geli\u015fmeleri de\u011ferlenrdirirken, ya\u015fanan olaylar\u0131n \u00d6calan&#8217;\u0131 a\u015ft\u0131\u011f\u0131 y\u00f6nendeki de\u011ferlendirmesi \u00fczerine Demirta\u015f, &#8220;Hay\u0131r b\u00f6yle bir yakla\u015f\u0131m\u0131n do\u011fru oldu\u011funu d\u00fc\u015f\u00fcnm\u00fcyorum. Say\u0131n \u00d6calan K\u00fcrt sorunu konusunda en \u00f6nemli akt\u00f6r. PKK \u00fczerinde hakimiyeti bilinmeyen bir \u015fey de\u011fil. H\u00fck\u00fcmette zaten kendisi ile diyalog i\u00e7erisinde ise bu nedenle bu sebeple diyalog i\u00e7erisindedir. Ben do\u011frusu Ba\u015fbakan&#8217; \u0131n \u015funu a\u00e7\u0131klamas\u0131n\u0131 beklerim. \u00d6calan&#8217;dan ne bekliyorlard\u0131 da olmad\u0131. Bunu a\u00e7\u0131klas\u0131nlar bizde bu konuda her halde farkl\u0131 \u015feyler s\u00f6yleyebiliriz&#8221;dedi. Meclise girmeleri ve yeni anayasa i\u00e7in AK Parti grubu ile g\u00f6r\u00fcy\u015fmelerin devam edecebilece\u011fi s\u00f6yleyen Demirta\u015f, \u015f\u00f6yle konu\u015ftu:<\/p>\n<p style=\"text-align: justify;\"><strong>&#8220;AK PART\u0130 GRUBU \u0130LE G\u00d6R\u00dc\u015eMELER DEVAM EDEB\u0130L\u0130R&#8221;<\/strong><\/p>\n<p style=\"text-align: justify;\">&#8220;AK Parti grubu ile g\u00f6r\u00fc\u015fmeler devam edebilir. Biliyorsunuz \u0130\u00e7i\u015fleri bakan\u0131n\u0131n bu konuda bir a\u00e7\u0131klamas\u0131 oldu. Muhalefet partileri ile g\u00f6r\u00fc\u015f\u00fclecek BDP bunun d\u0131\u015f\u0131nda tutulacakm\u0131\u015f. Tabi ki bizim say\u0131n \u0130\u00e7i\u015fleri bakan\u0131 ve H\u00fck\u00fcmet ile g\u00f6r\u00fc\u015fme iste\u011fimiz nur y\u00fczlerini g\u00f6rmek i\u00e7in de\u011fil, T\u00fcrkiye&#8217;nin en \u00f6nemli sorunlar\u0131n\u0131 konu\u015fmak tart\u0131\u015fmak i\u00e7in siyaset yap\u0131yoruz. T\u00fcrkiye&#8217;de K\u00fcrt sorunu \u00e7\u00f6z\u00fclecekse bunun i\u00e7in \u00e7\u00f6z\u00fcm aray\u0131\u015f\u0131 olacaksa BDP ile g\u00f6r\u00fc\u015fmemek ben bu sorunu \u00e7\u00f6zm\u00fcyorum demektir. G\u00fcvenlik konsepti ile bak\u0131yorum demektir. Bunun d\u0131\u015f\u0131nda hi\u00e7 bir bak\u0131\u015f a\u00e7\u0131m yok demektir. Bu nedenle bu tutumu bu tavr\u0131 h\u00fck\u00fcmetin temel olarak art\u0131k 90&#8217;l\u0131 y\u0131llardaki gibi art\u0131k g\u00fcvenlik politikalar\u0131na teslim olmakla \u00f6zde\u015f olarak de\u011ferlendiriyoruz. \u00d6ylesi bir d\u00f6nemde BDP ile g\u00f6r\u00fc\u015fm\u00fcyoruz demek, BDP&#8217;yi hedef g\u00f6stermektir. B\u00fct\u00fcn olup bitenlerden BDP&#8217; yi sorumlu tutmakt\u0131r. Bizimle g\u00f6r\u00fc\u015fmeyece\u011fini ifade eden \u0130\u00e7i\u015fleri Bakan\u0131na sormak istiyoruz. Silvan&#8217;da \u00f6len 13 askeri BDP&#8217; mi oraya g\u00f6nderdi, sen mi oraya g\u00f6nderdi. Onlar\u0131n ailesine biz mi \u00f6nce hesap verece\u011fiz sen mi \u00f6nce hesap vereceksin. E\u011fer ortada bir sorumluluk varsa \u00f6ncelikle bu h\u00fck\u00fcmetin sorunudur. Oradaki 13 askerin \u00f6l\u00fcm\u00fcnden birinci derecede siz sorumlusunuz. Topu niye BDP&#8217; ye at\u0131p niye BDP&#8217; ile g\u00f6r\u00fc\u015fm\u00fcyoruz deyip sorumluluk BDP&#8217; de gibi g\u00f6r\u00fcyorsunuz. Do\u011frusu b\u00f6yle bir sa\u00e7mal\u0131\u011f\u0131 ve hakareti asla kabul etmiyoruz. Meclise d\u00f6n\u00fcp d\u00f6nmeme konusunda bizim i\u00e7in yeni bir de\u011ferlendirme s\u00f6z konusu de\u011fil. Bir Ekim&#8217;e daha zaman var. Siyasi geli\u015fmelere g\u00f6re tekrar tekrar de\u011ferlendirme zaman\u0131m\u0131z vard\u0131r.&#8221;<\/p>\n<p style=\"text-align: justify;\"><strong>&#8220;DEMOKRAT\u0130K \u00d6ZERKL\u0130KL\u0130KTE VERG\u0130 VERMEME D\u0130YE B\u0130R DURUM YOKTUR&#8221;<\/strong><\/p>\n<p style=\"text-align: justify;\">BDP Grup Ba\u015fkan\u0131 Selahattin demirta\u015f, Demokratik \u00f6zerklik ve BDP&#8217;li Bengi Y\u0131ld\u0131z ile birlikte tart\u0131\u015fma konusu olan, &#8220;Demokratik \u00d6zerklikte vergi vermeyiz&#8221; tart\u0131\u015fmalar\u0131 ile ilgili, &#8220;Tabi ki meseleler do\u011fru anla\u015f\u0131lmak istenirse do\u011fru kavramlarla ve do\u011fru usluplar la tart\u0131\u015f\u0131l\u0131r. Ama meseleyi anlama gayreti ve niyeti yok bir defa. \u00d6zerklik dedi\u011fimiz \u015fey d\u00fcnyan\u0131n bir \u00e7ok yerinde uygulan\u0131yor. Farkl\u0131 modeller var. T\u00fcrkiye&#8217;de bire bir ayn\u0131s\u0131n\u0131 uygulayaca\u011f\u0131z diye bir \u015fey yok. Fakat, bizim partimizin proje olarak ortaya koydu\u011fu \u015fey en g\u00fc\u00e7l\u00fc kat\u0131l\u0131mc\u0131 b\u00f6lgesel yerinden y\u00f6netim modelidir. Hem b\u00f6lgeseldir, ayn\u0131 zamanda yerel y\u00f6netimlerde yetki aktar\u0131m\u0131 devri oldu\u011fu i\u00e7in yerinden y\u00f6netimi g\u00fc\u00e7l\u00fcd\u00fcr. Yeni anayasa farkl\u0131 \u015fekilde tan\u0131mlanabilir. \u00d6nemli olan \u00f6z\u00fcd\u00fcr, uygulamas\u0131d\u0131r. Kavramlara tak\u0131lmamak laz\u0131m. Kald\u0131 ki \u00f6zerk y\u00f6netimlerde de vergilerin bir k\u0131sm\u0131 merkeze aktar\u0131l\u0131r bir k\u0131sm\u0131 yerelde kal\u0131r. Vergi vermemek diye bir durum yoktur \u00f6zerkliklerde. B\u00fct\u00fcn toplumsal y\u00f6netimlerde hizmete kar\u015f\u0131l\u0131k toplumdan vergi al\u0131n\u0131r. O verginin belli bir k\u0131sm\u0131 yerelde kal\u0131r belli bir k\u0131sm\u0131 merkeze aktar\u0131l\u0131r. Bizim \u00f6zerklik diye tan\u0131mlad\u0131\u011f\u0131m\u0131z modelde de elbette ki vergi sistemi, ekonomik sistemi de, sosyal k\u00fclt\u00fcrel yap\u0131da bir b\u00fct\u00fcn olarak idari modelde t\u00fcm\u00fcyle kat\u0131l\u0131mc\u0131l\u0131\u011f\u0131 farkl\u0131 esas alan devletin veya o yerel y\u00f6netimin sosyal politikalar\u0131n\u0131 \u00f6ne s\u00fcren bir modeldir. Bu t\u00fcr s\u0131\u011f tart\u0131\u015fmalar\u0131 do\u011fru bulmay\u0131z. Ba\u015fbakan&#8217; \u0131n bu dakikaya kadarki a\u00e7\u0131klamalar\u0131 da \u00e7ok s\u0131\u011f olmu\u015ftur. Meseleyi anlam\u0131\u015f olmas\u0131na ra\u011fmen \u00e7arp\u0131tmaya \u00e7al\u0131\u015f\u0131yor&#8221;dedi.<\/p>\n<p style=\"text-align: justify;\"><strong>&#8220;VATAN TOPRAKLARI \u00dcZER\u0130NDE AMEL\u0130YAT YAPMAK \u0130STEYEN YOK&#8221;<\/strong><\/p>\n<p style=\"text-align: justify;\">Ba\u015fbakan Recep Tayyip Erdo\u011fan,&#8217;\u0131n, &#8220;Vtan topraklar\u0131 \u00fczerinde ameliyat yapt\u0131rmayaz&#8221; s\u00f6z\u00fcn\u00fcde de\u011ferlendiren Demirta\u015f, &#8220;Birincisi ameliyat yapmak isteyen yok. ikincisi sen bu \u00fclkenin sahibi de\u011filsin. Bu \u00fclke ile ilgili sanki bu \u015fekilde sanki birileri b\u00f6lmeye \u00e7al\u0131\u015f\u0131yor da sen kurtarmaya \u00e7al\u0131yorsun gibi bir havaya girmesini do\u011fru bulmuyoruz. Son \u0130mparator ruh halinden \u00e7\u0131kmas\u0131 laz\u0131md\u0131r kendisinin. Bu \u00fclke hepimizindir. Ne kadar ba\u015fkan\u0131n\u0131nsa o kadar da bizimdir. Bunu kafas\u0131ndan \u00e7\u0131karmamas\u0131 laz\u0131md\u0131r&#8221;dedi. PKK taraf\u0131ndan ka\u00e7\u0131r\u0131l\u0131n ve d\u00fcn ak\u015fam g\u00f6r\u00fcnt\u00fcleri Roj tv&#8217;de yay\u0131mlanan 2&#8217;si asker 3 ki\u015finin serbest b\u0131rak\u0131lmas\u0131 i\u00e7in devreye girip girmeyecekleri ile ilgili bir soruyu ise Demirta\u015f, \u015f\u00f6yle yan\u0131tlad\u0131:<\/p>\n<p style=\"text-align: justify;\"><strong>&#8220;KA\u00c7IRILAN ASKERLER\u0130N BIRAKILMASI \u0130\u00c7\u0130N KATKI SUNMAK \u0130STER\u0130Z&#8221;<\/strong><\/p>\n<p style=\"text-align: justify;\">&#8220;Bize ka\u00e7\u0131r\u0131lan askerlerle ilgili her hangi bir talep olmad\u0131. Ama, biz sonu\u00e7ta o insanlar\u0131n sa\u011f salim ailelere kavu\u015fmas\u0131n\u0131 istedi\u011fimizi ve beklentilerimizin bu oldu\u011funu belirttik. Bu konuda h\u00fck\u00fcmet askeri operasyonlar d\u0131\u015f\u0131nda ba\u015fka se\u00e7enek denemek zorundad\u0131r. B\u00f6yle bir yol y\u00f6ntem denenirse BDP&#8217; den destek istenirse sivil toplum \u00f6rg\u00fctleri ile birlikte tabi ki bizde katk\u0131 sunmak isteriz. Nihayetinde bir insan\u0131n can\u0131 bizim i\u00e7in her \u015feyden \u00f6nce k\u0131ymetlidir, de\u011ferlidir. H\u00fck\u00fcmet gibi yakla\u015fmay\u0131z olaya. H\u00fck\u00fcmetin umurunda de\u011fil, fark\u0131nday\u0131z. \u0130nsan can\u0131n\u0131n hi\u00e7 bir \u015fekilde \u00f6nemi yok. Ama biz bu \u015fekilde yakla\u015fmay\u0131z. Duyarl\u0131 yakla\u015f\u0131r\u0131z.&#8221;<\/p>\n<p style=\"text-align: justify;\"><a href=\"http:\/\/www.radikal.com.tr\/Radikal.aspx?aType=RadikalDetayV3&amp;Date=29.7.2011&amp;ArticleID=1058098&amp;CategoryID=78\" target=\"_blank\">Kaynak : Radikal.com.tr<\/a><\/p>\n","protected":false},"excerpt":{"rendered":"<p style=\"text-align: center;\">\n<p style=\"text-align: justify;\">BDP Grup Ba\u015fkan\u0131 Selahattin Demirta\u015f, BDP&#8217;li Bengi Y\u0131ld\u0131z&#8217;\u0131n &#8220;Biz vergi vermeyiz&#8221; a\u00e7\u0131klamas\u0131na cevap verdi. Ba\u015fbakan Erdo\u011fan da Y\u0131ld\u0131z&#8217;\u0131n s\u00f6zlerine tepki g\u00f6stermi\u015f, &#8220;Vergi \u00f6demeyen bedelini \u00f6der&#8221; demi\u015fti. Demirta\u015f bu gerginli\u011fe kar\u015f\u0131 yapt\u0131\u011f\u0131 \u0131l\u0131ml\u0131 a\u00e7\u0131klamada, &#8216;Vatan topraklar\u0131 \u00fczerinde ameliyat yapmak isteyen yok, bu \u00fclke hepimizin. \u00d6zerklikte vergi vermeme gibi bir \u015fey yoktur&#8217; <\/p>\n","protected":false},"author":1,"featured_media":0,"comment_status":"open","ping_status":"open","sticky":false,"template":"","format":"standard","meta":{"footnotes":""},"categories":[105],"tags":[],"class_list":["post-37425","post","type-post","status-publish","format-standard","hentry","category-gundem","odd"],"_links":{"self":[{"href":"http:\/\/www.korhanyilmaz.com\/index.php?rest_route=\/wp\/v2\/posts\/37425","targetHints":{"allow":["GET"]}}],"collection":[{"href":"http:\/\/www.korhanyilmaz.com\/index.php?rest_route=\/wp\/v2\/posts"}],"about":[{"href":"http:\/\/www.korhanyilmaz.com\/index.php?rest_route=\/wp\/v2\/types\/post"}],"author":[{"embeddable":true,"href":"http:\/\/www.korhanyilmaz.com\/index.php?rest_route=\/wp\/v2\/users\/1"}],"replies":[{"embeddable":true,"href":"http:\/\/www.korhanyilmaz.com\/index.php?rest_route=%2Fwp%2Fv2%2Fcomments&post=37425"}],"version-history":[{"count":0,"href":"http:\/\/www.korhanyilmaz.com\/index.php?rest_route=\/wp\/v2\/posts\/37425\/revisions"}],"wp:attachment":[{"href":"http:\/\/www.korhanyilmaz.com\/index.php?rest_route=%2Fwp%2Fv2%2Fmedia&parent=37425"}],"wp:term":[{"taxonomy":"category","embeddable":true,"href":"http:\/\/www.korhanyilmaz.com\/index.php?rest_route=%2Fwp%2Fv2%2Fcategories&post=37425"},{"taxonomy":"post_tag","embeddable":true,"href":"http:\/\/www.korhanyilmaz.com\/index.php?rest_route=%2Fwp%2Fv2%2Ftags&post=37425"}],"curies":[{"name":"wp","href":"https:\/\/api.w.org\/{rel}","templated":true}]}}