{"id":37419,"date":"2011-07-29T22:49:20","date_gmt":"2011-07-29T19:49:20","guid":{"rendered":"http:\/\/www.korhanyilmaz.com\/?p=37419"},"modified":"2011-07-29T23:15:23","modified_gmt":"2011-07-29T20:15:23","slug":"org-necdet-ozel-kara-kuvvetleri-komutanligina-atandi","status":"publish","type":"post","link":"http:\/\/www.korhanyilmaz.com\/?p=37419","title":{"rendered":"Org. Necdet \u00d6zel Kara Kuvvetleri Komutanl\u0131\u011f\u0131&#8217;na atand\u0131"},"content":{"rendered":"<p style=\"text-align: center;\"><a href=\"http:\/\/www.korhanyilmaz.com\/wp-content\/uploads\/2011\/07\/2118.jpeg\"  class=\"lightview\"><img loading=\"lazy\" decoding=\"async\" class=\"aligncenter size-full wp-image-37420\" src=\"http:\/\/www.korhanyilmaz.com\/wp-content\/uploads\/2011\/07\/2118.jpeg\" alt=\"\" width=\"360\" height=\"240\" \/><\/a><\/p>\n<p style=\"text-align: justify;\">Genelkurmay Ba\u015fkan\u0131 Orgeneral I\u015f\u0131k Ko\u015faner ve 3 kuvvet komutan\u0131n\u0131n istifas\u0131n\u0131n ard\u0131ndan Genelkurmay Ba\u015fkan\u0131 olmas\u0131 beklenen Jandarma Genel Komutan\u0131 Orgeneral Necdet \u00d6zel, Bakanlar Kurulu Karar\u0131 ve Cumhurba\u015fkan\u0131 Abdullah G\u00fcl&#8217;\u00fcn onay\u0131 ile Kara Kuvvetleri Komutan\u0131 olarak atand\u0131. <!--more--><\/p>\n<p style=\"text-align: justify;\">Y\u00fcksek Askeri \u015eura&#8217;ya son iki g\u00fcn kala ya\u015fanan \u015fok istifalar\u0131n ard\u0131ndan, bo\u015falan koltuklar i\u00e7in h\u00fck\u00fcmet ilk atamay\u0131 yaparak 2010 A\u011fustos YA\u015e karar\u0131yla Jandarma Genel Komutanl\u0131\u011f\u0131&#8217;na atanan Orgeneral Necdet \u00d6zel&#8217;i Kara Kuvvetleri Komutan\u0131 olarak atad\u0131.<\/p>\n<p style=\"text-align: justify;\">Teamm\u00fcllere g\u00f6re Genelkurmay Ba\u015fkan\u0131 olmas\u0131 i\u00e7in 1 g\u00fcn de olsa kuvvet komutanl\u0131\u011f\u0131 yapmas\u0131 gereken Orgeneral \u00d6zel&#8217;in vekil ya da kararnamesi yeti\u015fmesi durumunda Pazar g\u00fcn\u00fcnden itibaren Genelkurmay Ba\u015fkan\u0131 olarak YA\u015e&#8217;a kat\u0131lmas\u0131 bekleniyor. 2007&#8217;de orgeneralli\u011fe terfi eden Nejdet \u00d6zel, 61 ya\u015f\u0131nda T\u00fcrk Silahl\u0131 Kuvvetleri&#8217;nin zirvesi olan Genelkurmay Ba\u015fkanl\u0131\u011f\u0131 makam\u0131na kadar h\u0131zl\u0131 \u015fekilde t\u0131rmanm\u0131\u015f oldu.<\/p>\n<p style=\"text-align: justify;\"><a href=\"http:\/\/www.hurriyet.com.tr\/gundem\/18374193.asp?gid=381\" target=\"_blank\">Kaynak : H\u00fcrriyet.com.tr<\/a><\/p>\n","protected":false},"excerpt":{"rendered":"<p style=\"text-align: center;\">\n<p style=\"text-align: justify;\">Genelkurmay Ba\u015fkan\u0131 Orgeneral I\u015f\u0131k Ko\u015faner ve 3 kuvvet komutan\u0131n\u0131n istifas\u0131n\u0131n ard\u0131ndan Genelkurmay Ba\u015fkan\u0131 olmas\u0131 beklenen Jandarma Genel Komutan\u0131 Orgeneral Necdet \u00d6zel, Bakanlar Kurulu Karar\u0131 ve Cumhurba\u015fkan\u0131 Abdullah G\u00fcl&#8217;\u00fcn onay\u0131 ile Kara Kuvvetleri Komutan\u0131 olarak atand\u0131. <\/p>\n","protected":false},"author":1,"featured_media":0,"comment_status":"open","ping_status":"open","sticky":false,"template":"","format":"standard","meta":{"footnotes":""},"categories":[105],"tags":[],"class_list":["post-37419","post","type-post","status-publish","format-standard","hentry","category-gundem","odd"],"_links":{"self":[{"href":"http:\/\/www.korhanyilmaz.com\/index.php?rest_route=\/wp\/v2\/posts\/37419","targetHints":{"allow":["GET"]}}],"collection":[{"href":"http:\/\/www.korhanyilmaz.com\/index.php?rest_route=\/wp\/v2\/posts"}],"about":[{"href":"http:\/\/www.korhanyilmaz.com\/index.php?rest_route=\/wp\/v2\/types\/post"}],"author":[{"embeddable":true,"href":"http:\/\/www.korhanyilmaz.com\/index.php?rest_route=\/wp\/v2\/users\/1"}],"replies":[{"embeddable":true,"href":"http:\/\/www.korhanyilmaz.com\/index.php?rest_route=%2Fwp%2Fv2%2Fcomments&post=37419"}],"version-history":[{"count":0,"href":"http:\/\/www.korhanyilmaz.com\/index.php?rest_route=\/wp\/v2\/posts\/37419\/revisions"}],"wp:attachment":[{"href":"http:\/\/www.korhanyilmaz.com\/index.php?rest_route=%2Fwp%2Fv2%2Fmedia&parent=37419"}],"wp:term":[{"taxonomy":"category","embeddable":true,"href":"http:\/\/www.korhanyilmaz.com\/index.php?rest_route=%2Fwp%2Fv2%2Fcategories&post=37419"},{"taxonomy":"post_tag","embeddable":true,"href":"http:\/\/www.korhanyilmaz.com\/index.php?rest_route=%2Fwp%2Fv2%2Ftags&post=37419"}],"curies":[{"name":"wp","href":"https:\/\/api.w.org\/{rel}","templated":true}]}}