{"id":37415,"date":"2011-07-29T22:46:20","date_gmt":"2011-07-29T19:46:20","guid":{"rendered":"http:\/\/www.korhanyilmaz.com\/?p=37415"},"modified":"2011-07-29T23:28:29","modified_gmt":"2011-07-29T20:28:29","slug":"komutanlarin-emeklilik-istemi-dunya-basininda","status":"publish","type":"post","link":"http:\/\/www.korhanyilmaz.com\/?p=37415","title":{"rendered":"Komutanlar\u0131n emeklilik istemi d\u00fcnya bas\u0131n\u0131nda"},"content":{"rendered":"<p style=\"text-align: center;\"><a href=\"http:\/\/www.korhanyilmaz.com\/wp-content\/uploads\/2011\/07\/2115.jpg\"  class=\"lightview\"><img loading=\"lazy\" decoding=\"async\" class=\"aligncenter size-full wp-image-37416\" src=\"http:\/\/www.korhanyilmaz.com\/wp-content\/uploads\/2011\/07\/2115.jpg\" alt=\"\" width=\"399\" height=\"224\" \/><\/a><\/p>\n<p style=\"text-align: justify;\">Genelkurmay Ba\u015fkan\u0131 Orgeneral I\u015f\u0131k Ko\u015faner ile \u00fc\u00e7 kuvvet komutan\u0131n\u0131n emeklilik istemleri d\u00fcnya medyas\u0131 taraf\u0131ndan fla\u015f haber olarak duyurulurken, \u00e7e\u015fitli televizyon ve gazetelerin internet siteleri haberi man\u015fetten verdi. <!--more--><\/p>\n<p style=\"text-align: justify;\"><strong>ASSOCIATED PRESS<\/strong><\/p>\n<p style=\"text-align: justify;\">T\u00fcrkiye\u2019nin genelkurmay ba\u015fkan\u0131 ve ordu komutanlar\u0131, onlarca subay\u0131n h\u00fck\u00fcmeti devirme su\u00e7lamas\u0131yla tutuklanmas\u0131yla ba\u015flayan gerilimin t\u0131rmanmaya ba\u015flad\u0131\u011f\u0131 bir s\u0131rada istifa etti. T\u00fcrkiye\u2019de komutanlar\u0131n ilk kez toplu bir \u015fekilde istifa etmesi, h\u00fck\u00fcmetle ordu aras\u0131nda derin bir u\u00e7urum bulundu\u011funa i\u015faret ediyor. T\u00fcrkiye\u2019de bir zamanlar komutanlar\u0131n tutuklanmas\u0131 hayal bile edilemezdi.<\/p>\n<p style=\"text-align: justify;\"><strong>RIA Novosti<\/strong><\/p>\n<p style=\"text-align: justify;\">Komutanlar\u0131n beklenmedik istifas\u0131, orduda \u00fcst d\u00fczey komuta kademesinin belirlenece\u011fi askeri \u015fura toplant\u0131s\u0131n\u0131n hemen \u00f6ncesinde geldi. Ko\u015faner\u2019in istifas\u0131n\u0131n 40 general ve amiralin \u201cBalyoz operasyonuyla h\u00fck\u00fcmeti devirmeye \u00e7al\u0131\u015fma su\u00e7lamas\u0131yla hapse at\u0131lmas\u0131na kar\u015f\u0131 bir protesto eylemi oldu\u011fu belirtiliyor. Ordu hapisteki baz\u0131 komutanlar\u0131 terfi ettirmek istiyor, ancak h\u00fck\u00fcmet buna kar\u015f\u0131 \u00e7\u0131k\u0131yor.<\/p>\n<p style=\"text-align: justify;\"><strong>WASHINGTON POST<\/strong><\/p>\n<p style=\"text-align: justify;\">Generallerin neden istifa etti\u011fi hen\u00fcz netle\u015fmemekle birlikte, Ba\u015fbakan Tayyip Erdo\u011fan ile ordu aras\u0131nda son y\u0131llarda ya\u015fanan gerilim en \u00f6nemli neden. \u00d6n\u00fcm\u00fczdeki hafta yap\u0131lacak Y\u00fcksek Askeri \u015eura toplant\u0131s\u0131 \u00f6ncesinde b\u00f6yle bir patlaman\u0131n ya\u015fanmas\u0131 s\u00fcrpriz olmad\u0131. Erdo\u011fan, Cuma g\u00fcnk\u00fc istifalarda \u00f6nce askeri \u015furada s\u00fcrpriz istemedi\u011fini s\u00f6ylemi\u015fti.<\/p>\n<p style=\"text-align: justify;\"><strong>REUTERS<\/strong><\/p>\n<p style=\"text-align: justify;\">T\u00fcrkiye\u2019de d\u00f6rt en \u00fcst d\u00fczey komutan, laik orduyla k\u00f6kleri siyasi \u0130slam\u2019da bulunan h\u00fck\u00fcmet aras\u0131ndaki \u00e7eki\u015fmenin sonucunda istifa etti. T\u00fcrk liras\u0131 istifa haberleri \u00fczerine dolar kar\u015f\u0131s\u0131nda sert bir \u015fekilde d\u00fc\u015f\u00fc\u015fe ge\u00e7ti.<\/p>\n<p style=\"text-align: justify;\"><strong>EL CEZ\u0130RE<\/strong><\/p>\n<p style=\"text-align: justify;\">T\u00fcrkiye tarihinde askerler ilk kez toplu halde istifa ediyor. Toplu istifalar, aralar\u0131nda \u00e7e\u015fitli general ve subaylar\u0131n da bulundu\u011fu 22 ki\u015fi i\u00e7in internet and\u0131c\u0131 su\u00e7lamas\u0131yla yakalama karar\u0131 \u00e7\u0131kart\u0131lmas\u0131ndan birka\u00e7 saat sonra meydana geldi.<\/p>\n<p style=\"text-align: justify;\"><strong>THE GUARDIAN<\/strong><\/p>\n<p style=\"text-align: justify;\">T\u00fcrk ordusunun tepe kademesi, h\u00fck\u00fcmetle ordu aras\u0131ndaki gerilimin, h\u00fck\u00fcmeti devirmeye \u00e7al\u0131\u015fmakla su\u00e7lanan \u00e7ok say\u0131da ki\u015fi i\u00e7in \u00e7\u0131kar\u0131lan tutuklama karar\u0131yla birlikte zirveye ula\u015ft\u0131\u011f\u0131 s\u0131rada istifa etti. Muhalifler Balyoz ve Ergenekon davalar\u0131n\u0131n uydurma delillere dayand\u0131\u011f\u0131n\u0131 \u00f6ne s\u00fcr\u00fcp amac\u0131n Erdo\u011fan\u2019\u0131n laik muhaliflerini susturmak oldu\u011funu iddia ederken, h\u00fck\u00fcmet iddialar\u0131 reddediyor.<\/p>\n<p style=\"text-align: justify;\"><a href=\"http:\/\/www.hurriyet.com.tr\/planet\/18374154.asp?gid=381\" target=\"_blank\">Kaynak : H\u00fcrriyet.com.tr<\/a><\/p>\n","protected":false},"excerpt":{"rendered":"<p style=\"text-align: center;\">\n<p style=\"text-align: justify;\">Genelkurmay Ba\u015fkan\u0131 Orgeneral I\u015f\u0131k Ko\u015faner ile \u00fc\u00e7 kuvvet komutan\u0131n\u0131n emeklilik istemleri d\u00fcnya medyas\u0131 taraf\u0131ndan fla\u015f haber olarak duyurulurken, \u00e7e\u015fitli televizyon ve gazetelerin internet siteleri haberi man\u015fetten verdi. <\/p>\n","protected":false},"author":1,"featured_media":0,"comment_status":"open","ping_status":"open","sticky":false,"template":"","format":"standard","meta":{"footnotes":""},"categories":[105],"tags":[],"class_list":["post-37415","post","type-post","status-publish","format-standard","hentry","category-gundem","odd"],"_links":{"self":[{"href":"http:\/\/www.korhanyilmaz.com\/index.php?rest_route=\/wp\/v2\/posts\/37415","targetHints":{"allow":["GET"]}}],"collection":[{"href":"http:\/\/www.korhanyilmaz.com\/index.php?rest_route=\/wp\/v2\/posts"}],"about":[{"href":"http:\/\/www.korhanyilmaz.com\/index.php?rest_route=\/wp\/v2\/types\/post"}],"author":[{"embeddable":true,"href":"http:\/\/www.korhanyilmaz.com\/index.php?rest_route=\/wp\/v2\/users\/1"}],"replies":[{"embeddable":true,"href":"http:\/\/www.korhanyilmaz.com\/index.php?rest_route=%2Fwp%2Fv2%2Fcomments&post=37415"}],"version-history":[{"count":0,"href":"http:\/\/www.korhanyilmaz.com\/index.php?rest_route=\/wp\/v2\/posts\/37415\/revisions"}],"wp:attachment":[{"href":"http:\/\/www.korhanyilmaz.com\/index.php?rest_route=%2Fwp%2Fv2%2Fmedia&parent=37415"}],"wp:term":[{"taxonomy":"category","embeddable":true,"href":"http:\/\/www.korhanyilmaz.com\/index.php?rest_route=%2Fwp%2Fv2%2Fcategories&post=37415"},{"taxonomy":"post_tag","embeddable":true,"href":"http:\/\/www.korhanyilmaz.com\/index.php?rest_route=%2Fwp%2Fv2%2Ftags&post=37415"}],"curies":[{"name":"wp","href":"https:\/\/api.w.org\/{rel}","templated":true}]}}