{"id":37406,"date":"2011-06-08T20:58:08","date_gmt":"2011-06-08T17:58:08","guid":{"rendered":"http:\/\/www.korhanyilmaz.com\/?p=37406"},"modified":"2011-07-29T21:04:18","modified_gmt":"2011-07-29T18:04:18","slug":"37406","status":"publish","type":"post","link":"http:\/\/www.korhanyilmaz.com\/?p=37406","title":{"rendered":"\u015eOK \u0130ddia: Ko\u015faner&#8217;e \u0130ST\u0130FA Bask\u0131s\u0131 Var"},"content":{"rendered":"<p style=\"text-align: center;\"><a href=\"http:\/\/www.korhanyilmaz.com\/wp-content\/uploads\/2011\/07\/2113.jpg\"  class=\"lightview\"><img loading=\"lazy\" decoding=\"async\" class=\"aligncenter size-full wp-image-37407\" src=\"http:\/\/www.korhanyilmaz.com\/wp-content\/uploads\/2011\/07\/2113.jpg\" alt=\"\" width=\"456\" height=\"200\" \/><\/a><\/p>\n<p style=\"text-align: justify;\">Taraf Yazar\u0131 Emre Uslu \u015fok bir iddia ortaya att\u0131. E\u011fer AKP se\u00e7imi kazan\u0131rsa Genelkurmay Ba\u015fkan\u0131 Org. I\u015f\u0131k Ko\u015faner istifa edecek. Peki neden?<\/p>\n<p style=\"text-align: justify;\">Emre Uslu bug\u00fcn g\u00fcndemi de\u011fi\u015ftirecek nitelikte bir yaz\u0131ya imza att\u0131. \u0130ddiaya g\u00f6re Genelkurmay Ba\u015fkan\u0131 Org. I\u015f\u0131k Ko\u015faner&#8217;e istifa etmesi y\u00f6n\u00fcnde m\u00fcthi\u015f bir bask\u0131 var. Ve s\u00f6ylentilere g\u00f6re AKP tek ba\u015f\u0131na iktidar gelirse Ko\u015faner istifa edecek.<\/p>\n<p style=\"text-align: justify;\">Ko\u015faner&#8217;in se\u00e7imden koalisyon \u00e7\u0131kmas\u0131n\u0131 d\u00f6rt g\u00f6zle bekledi\u011finin ifade edildi\u011fi analiz g\u00f6re e\u011fer bu olmazsa Ko\u015faner&#8217;in h\u00fck\u00fcmeti zor durumda b\u0131rakmak ve yeni anayasa ile askerin konum kaybetti\u011fi bir d\u00f6nemde genelkurmay ba\u015fkan\u0131 olmamak i\u00e7in istifa edece\u011fi iddia ediliyor. <!--more--><\/p>\n<p style=\"text-align: justify;\">&#8220;E\u011fer AKP tek ba\u015f\u0131na iktidar olursa Ko\u015faner se\u00e7im sonras\u0131nda istifa edip hem AKP\u2019yi zor duruma d\u00fc\u015f\u00fcrmeyi hem de se\u00e7im sonras\u0131 ba\u015flayacak olan Anayasa de\u011fi\u015fikli\u011fi \u00e7al\u0131\u015fmalar\u0131na balta vurmay\u0131 d\u00fc\u015f\u00fcn\u00fcyor de\u011ferlendirmesi yap\u0131l\u0131yor. \u00c7\u00fcnk\u00fc TSK\u2019n\u0131n yeni anayasa i\u00e7inde \u015fu anki konumunu koruyamayaca\u011f\u0131, bunun sorumlusunun da Ko\u015faner\u2019in olaca\u011f\u0131 Kararg\u00e2h \u00e7evrelerinde f\u0131s\u0131ldan\u0131yor.&#8221;<\/p>\n<p style=\"text-align: justify;\">\u0130\u015fte \u00e7ok tart\u0131\u015f\u0131lacak o iddia ve gerek\u00e7eleri;<\/p>\n<p style=\"text-align: justify;\"><span style=\"color: #888888;\"><em>Emre Uslu\/Taraf<\/em><\/span><\/p>\n<p style=\"text-align: justify;\">AKP Tek Ba\u015f\u0131na \u0130ktidar Olursa Ko\u015faner \u0130stifa Edecek!<\/p>\n<p style=\"text-align: justify;\">Ge\u00e7en hafta i\u00e7inde Genelkurmay Ba\u015fkan\u0131 Orgeneral I\u015f\u0131k Ko\u015faner\u2019in, Harp Akademileri Komutan\u0131 Org. Bilgin Balanl\u0131 ile birlikte sekiz subay\u0131n ifadeye \u00e7a\u011fr\u0131lmas\u0131na ili\u015fkin T\u00fcrk Silahl\u0131 Kuvvetleri\u2019nde (TSK) g\u00f6rev yapan orgeneral ve oramirallerin g\u00f6r\u00fc\u015flerini ald\u0131\u011f\u0131 bas\u0131na yans\u0131m\u0131\u015ft\u0131. \u0130ddiaya g\u00f6re Ko\u015faner, \u201cAksi ispat edilene kadar herkes masumdur. S\u00fcrecin hassasiyeti ortada. Titiz olun\u201d uyar\u0131s\u0131nda bulunmu\u015f.<\/p>\n<p style=\"text-align: justify;\"><strong>B\u00dcT\u00dcN OR&#8217;LAR TOPLANDIK<\/strong><\/p>\n<p style=\"text-align: justify;\">Ankara\u2019da Or\u2019lar toplan\u0131nca huylan\u0131r\u0131m ben. Yine \u00f6yle yapt\u0131m. Bana 20 \u015eubat 2010\u2019da (sondan bir \u00f6nceki hamle) toplanan orgenerallerin \u00e7ekti\u011fi istifa restini haber veren dostum ile konu\u015ftum. \u201cOr\u2019lar toplanm\u0131\u015f, yine istifa resti mi \u00e7ekecekler\u201d diye sordum. Haber birka\u00e7 g\u00fcn \u00f6nce geldi: \u201cEvet, kritik bir durum var Ankara\u2019da.\u201d<\/p>\n<p style=\"text-align: justify;\"><strong>I\u015eIK KO\u015eANER&#8217;E &#8220;\u0130ST\u0130FA ET&#8221; BASKISI VAR<\/strong><\/p>\n<p style=\"text-align: justify;\">Dostumun anlatt\u0131\u011f\u0131na g\u00f6re durum \u015fu: \u201cGenelkurmay Ba\u015fkan\u0131 I\u015f\u0131k Ko\u015faner tam bir karartma ve man\u00fcplasyon ablukas\u0131 alt\u0131nda. \u2018\u0130stifa et\u2019 bask\u0131s\u0131 had safhaya gelmi\u015f durumda ve Ko\u015faner\u2019in istifa etmeyi d\u00fc\u015f\u00fcnd\u00fc\u011f\u00fc ciddi ciddi bir ihtimal olarak de\u011ferlendiriliyor.\u201d<\/p>\n<p style=\"text-align: justify;\"><strong>PEK\u0130 OLAYIN ARKA PLANINDA NE VAR?<\/strong><\/p>\n<p style=\"text-align: justify;\">Dostum olay\u0131n arka plan\u0131n\u0131 da anlatt\u0131. Normalde Ko\u015faner yak\u0131n \u00e7evresine g\u00f6re dikkatli bir legalist. Ben de ayn\u0131 g\u00f6r\u00fc\u015fteyim. Bu g\u00f6r\u00fc\u015f\u00fcm\u00fc 1 Temmuz 2010 tarihli Today\u2019s Zaman\u2019daki k\u00f6\u015femde Ko\u015faner analizi yaz\u0131p ifade etmi\u015ftim. Ancak \u015fimdilerde Ko\u015faner i\u00e7in durum biraz farkl\u0131la\u015fm\u0131\u015f gibi g\u00f6r\u00fcn\u00fcyor.<\/p>\n<p style=\"text-align: justify;\">Anlat\u0131lana g\u00f6re \u0130lker Ba\u015fbu\u011f d\u00f6nemindeki son YA\u015e toplant\u0131s\u0131nda al\u0131nan kararlar\u0131n etkisi \u015fimdilerde g\u00f6r\u00fclmeye ba\u015flam\u0131\u015f. Ba\u015fbu\u011f kendisinden sonras\u0131n\u0131 garantiye almak i\u00e7in, \u00f6zellikle \u0130rtica \u0130le M\u00fccadele Eylem Plan\u0131\u2019nda beraber hareket ettikleri iddia edilen Hasan I\u011fs\u0131z\u2019\u0131 Kara Kuvvetleri Komutan\u0131 yapmak istemi\u015fti. Ancak h\u00fck\u00fcmet direnince Ba\u015fbu\u011f I\u011fs\u0131z\u2019\u0131 atayamam\u0131\u015ft\u0131.<\/p>\n<p style=\"text-align: justify;\"><strong>BA\u015eBU\u011e&#8217;UN B PLANI: AT\u0130LLA I\u015eIK NASIL \u0130ST\u0130FA ETT\u0130R\u0130LD\u0130?<\/strong><\/p>\n<p style=\"text-align: justify;\">Ko\u015faner\u2019in Genelkurmay Ba\u015fkanl\u0131\u011f\u0131 d\u00f6nemi i\u00e7in Ba\u015fbu\u011f\u2019un Aslan G\u00fcner ile birlikte hareket edip bir B Plan\u0131 yapt\u0131\u011f\u0131 iddia ediliyor. Buna g\u00f6re Ko\u015faner\u2019in Genelkurmay Ba\u015fkanl\u0131\u011f\u0131 kontrol alt\u0131nda tutulmal\u0131yd\u0131. Bu nedenle de Ko\u015faner\u2019in en yak\u0131n arkada\u015f\u0131, demokrat ki\u015fili\u011fiyle bilinen Atilla I\u015f\u0131k istifa ettirilmeliydi. I\u015f\u0131k\u2019\u0131n Kararg\u00e2h\u2019ta yap\u0131lan birtak\u0131m siyasi m\u00fcdahaleler konusunda Ba\u015fbu\u011f ve ekibinin tersi bir tutum ald\u0131\u011f\u0131 biliniyordu. Hatta ba\u015flat\u0131lacak hukuki s\u00fcrece yard\u0131mc\u0131 olabilece\u011finden \u00e7ekiniliyordu. Bu nedenlerle o d\u00f6nem \u201ckararg\u00e2h medyas\u0131\u201d devreye sokuldu ve Atilla I\u015f\u0131k h\u00fck\u00fcmet yanl\u0131s\u0131 birisi olarak lanse edildi. B\u00f6ylece hem Ko\u015faner hem de I\u015f\u0131k bask\u0131 alt\u0131na al\u0131nm\u0131\u015f oldu. Ko\u015faner en yak\u0131n arkada\u015f\u0131na sahip \u00e7\u0131kmaktan, kurum i\u00e7i dengeler nedeniyle vazge\u00e7mek durumunda b\u0131rak\u0131ld\u0131. Ba\u015fbu\u011f\u2019un d\u00fcmen suyuna girerek, \u201cAtilla Pa\u015fa\u2019n\u0131n kamuoyunda h\u00fck\u00fcmet yanl\u0131s\u0131 bir komutan g\u00f6r\u00fcnt\u00fcs\u00fc \u00e7izdi\u011fini, bundan dolay\u0131 da Kara Kuvvetleri Komutanl\u0131\u011f\u0131 yapmak istemeyece\u011fini\u201d ilgili makamlara s\u00f6yledi. B\u00f6ylece Atilla I\u015f\u0131k da istifa ettirildi.<\/p>\n<p style=\"text-align: justify;\"><strong>I\u015eIK KO\u015eANER&#8217;E TAM MARKAJ<\/strong><\/p>\n<p style=\"text-align: justify;\">Plan\u0131n ikinci a\u015famas\u0131nda Necdet \u00d6zel Kara Kuvvetleri Komutan\u0131, Aslan G\u00fcner ise Jandarma Genel Komutan\u0131 yap\u0131larak Aslan G\u00fcner\u2019in Genelkurmay Ba\u015fkan\u0131 olmas\u0131n\u0131n \u00f6n\u00fc a\u00e7\u0131lm\u0131\u015f olacakt\u0131. Buna da h\u00fck\u00fcmet direndi. Bu durumda plan\u0131n \u00fc\u00e7\u00fcnc\u00fc a\u015fmas\u0131 kritikti: I\u015f\u0131k Ko\u015faner yak\u0131n markaja al\u0131nacakt\u0131. \u0130lker Ba\u015fbu\u011f, 2. Ba\u015fkanl\u0131\u011fa en g\u00fcvendi\u011fi adam\u0131 koyarak I\u015f\u0131k Pa\u015fa\u2019y\u0131 tam markaja alm\u0131\u015f oldu.<\/p>\n<p style=\"text-align: justify;\">Dostuma g\u00f6re \u015fimdilerde Ankara\u2019da konu\u015fulan \u201cI\u015f\u0131k Ko\u015faner se\u00e7imden sonra istifa edecek\u201d senaryosunun arka plan\u0131nda b\u00f6ylesine ince dokunmu\u015f bir plan \u00e7al\u0131\u015fmas\u0131 var. Dostumun de\u011ferlendirmesine g\u00f6re, I\u015f\u0131k Ko\u015faner\u2019e y\u00fcr\u00fcyen hukuki s\u00fcre\u00e7leri sahiplenme hususunda hi\u00e7bir zaman g\u00fcvenmeyen \u0130lker Ba\u015fbu\u011f, Ko\u015faner\u2019i her y\u00f6n\u00fcyle yak\u0131n markaja ald\u0131.<\/p>\n<p style=\"text-align: justify;\"><strong>FENERBAH\u00c7E ORDUEV\u0130 SAK\u0130NLER\u0130&#8230;<\/strong><\/p>\n<p style=\"text-align: justify;\">\u00d6rne\u011fin Ko\u015faner\u2019e 30 A\u011fustos Resepsiyonu\u2019nda Cumhurba\u015fkan\u0131\u2019n\u0131n e\u015fli davetine kat\u0131lmamas\u0131 hususunda telkinler yap\u0131ld\u0131. Telkinleri yapan Ba\u015fbu\u011f\u2019un Ko\u015faner\u2019in \u00e7evresine yerle\u015ftirdi\u011fi ekipti. Hatta bu telkinler Hur\u015fit Tolon\u2019un o\u011flunun d\u00fc\u011f\u00fcn\u00fcnde, bir k\u0131s\u0131m Fenerbah\u00e7e Orduevi sakinleri taraf\u0131ndan da yap\u0131ld\u0131 ve amaca ula\u015f\u0131ld\u0131. Sonu\u00e7 da Ko\u015faner Fenerbah\u00e7e Orduevi sakinleri taraf\u0131ndan ve kendi kararg\u00e2h\u0131 taraf\u0131ndan resepsiyona kat\u0131lmamas\u0131 gerekti\u011fi telkinleriyle bu resepsiyona kat\u0131lmad\u0131.<\/p>\n<p style=\"text-align: justify;\"><strong>KO\u015eANER&#8217;E PS\u0130KOLOJ\u0130K BASKI<\/strong><\/p>\n<p style=\"text-align: justify;\">B\u00f6ylece Ko\u015faner ile h\u00fck\u00fcmet yava\u015f yava\u015f kar\u015f\u0131 kar\u015f\u0131ya getirilmeye ba\u015fland\u0131. TSK personeli ile ilgili yeni yarg\u0131 s\u00fcre\u00e7leri Ko\u015faner\u2019in \u00fczerindeki bask\u0131y\u0131 iyice artt\u0131rd\u0131. Kurum i\u00e7inde \u0130lker Ba\u015fbu\u011f\u2019un tutuklamalar\u0131n \u00f6n\u00fcne ge\u00e7ti\u011fi fakat I\u015f\u0131k Ko\u015faner\u2019in bu i\u015fi yapamad\u0131\u011f\u0131 gibi bir alg\u0131 olu\u015fturularak Ko\u015faner psikolojik bask\u0131 alt\u0131na al\u0131nmaya \u00e7al\u0131\u015f\u0131ld\u0131.<\/p>\n<p style=\"text-align: justify;\"><strong>KO\u015eANER \u0130ST\u0130FA EDECEK \u0130DD\u0130ASI<\/strong><\/p>\n<p style=\"text-align: justify;\">Bu s\u00fcre\u00e7 sonunda I\u015f\u0131k Ko\u015faner\u2019in bir istifa karar\u0131 a\u015famas\u0131nda oldu\u011fu iddia ediliyor. Hatta baz\u0131 \u00e7evreler Ko\u015faner\u2019in istifa karar\u0131n\u0131 \u00e7oktan verdi\u011fini, sadece uygun zaman\u0131 kollad\u0131\u011f\u0131n\u0131 s\u00f6yl\u00fcyor. Uygun zaman\u0131n se\u00e7im sonras\u0131 oldu\u011fu, uygun \u015fartlar\u0131n da se\u00e7im sonu\u00e7lar\u0131na g\u00f6re de\u011fi\u015fece\u011fi s\u00f6yleniyor. E\u011fer AKP tek ba\u015f\u0131na iktidar olursa Ko\u015faner se\u00e7im sonras\u0131nda istifa edip hem AKP\u2019yi zor duruma d\u00fc\u015f\u00fcrmeyi hem de se\u00e7im sonras\u0131 ba\u015flayacak olan Anayasa de\u011fi\u015fikli\u011fi \u00e7al\u0131\u015fmalar\u0131na balta vurmay\u0131 d\u00fc\u015f\u00fcn\u00fcyor de\u011ferlendirmesi yap\u0131l\u0131yor. \u00c7\u00fcnk\u00fc TSK\u2019n\u0131n yeni anayasa i\u00e7inde \u015fu anki konumunu koruyamayaca\u011f\u0131, bunun sorumlusunun da Ko\u015faner\u2019in olaca\u011f\u0131 Kararg\u00e2h \u00e7evrelerinde f\u0131s\u0131ldan\u0131yor. Ku\u015fkusuz bu f\u0131s\u0131lt\u0131 da Ko\u015faner\u2019i bask\u0131 alt\u0131nda tutma stratejisisin bir par\u00e7as\u0131. Ko\u015faner ise kendi ba\u015fkanl\u0131\u011f\u0131 d\u00f6neminde TSK\u2019n\u0131n konum kaybetmesini istemiyor.<\/p>\n<p style=\"text-align: justify;\">Ayr\u0131ca Ko\u015faner\u2019in Genelkurmay Elektronik Sistemler (GES) Komutanl\u0131\u011f\u0131\u2019n\u0131n M\u0130T\u2019e devri ile ilgili s\u00fcre\u00e7ten de olduk\u00e7a rahats\u0131z oldu\u011fu, buna bir tepki olarak da istifas\u0131n\u0131 verece\u011fi konu\u015fuluyor. Hatta Hakk\u00e2ri\u2019deki \u015fehit yedi subay\u0131n telsiz kay\u0131tlar\u0131n\u0131n \u201csehven silinmesinin\u201d de GES\u2019in M\u0130T\u2019e devrine tepki olarak yap\u0131lm\u0131\u015f bir hareket olabilece\u011fi konu\u015fuluyor.<\/p>\n<p style=\"text-align: justify;\">Di\u011fer taraftan Ko\u015faner\u2019in se\u00e7imden \u00e7\u0131kabilecek bir koalisyonu d\u00f6rt g\u00f6zle bekledi\u011fi, kurulacak bir koalisyonda ise kesinlikle istifa etmeyi d\u00fc\u015f\u00fcnmedi\u011fi ifade ediliyor. \u0130lgin\u00e7tir ama Ko\u015faner\u2019in hangi veriye dayanarak b\u00f6ylesi bir beklentiye girdi\u011fi de merak konusu. Ko\u015faner\u2019in b\u00f6ylesi bir beklentiye girmesini m\u00fcmk\u00fcn k\u0131lacak bir son dakika operasyonu beklentisi de olu\u015fmu\u015f durumda. Kararg\u00e2h \u00e7evrelerinin koalisyon umudundaki ana motivasyon, bug\u00fcne kadar TSK\u2019n\u0131n zay\u0131f koalisyon h\u00fck\u00fcmetlerinde istedi\u011fi gibi hareket etmi\u015f olmas\u0131 ve s\u00fcre\u00e7leri istedi\u011fi gibi y\u00f6nlendirmeyi ba\u015farmas\u0131. E\u011fer koalisyon h\u00fck\u00fcmeti kurulur ise yarg\u0131 s\u00fcre\u00e7lerine m\u00fcdahale edilip personelin hepsi kurtar\u0131lm\u0131\u015f olacak.<\/p>\n<p style=\"text-align: justify;\">Bu g\u00f6r\u00fc\u015f\u00fc dile getiren \u00e7evreler \u2013ki olduk\u00e7a \u00f6nemsenmesi gereken ve Ko\u015faner\u2019e yak\u0131n \u00e7evreler bunlar- Ko\u015faner\u2019in istifa karar\u0131n\u0131 verdi\u011fini ve \u015fu anda sadece se\u00e7im sonu\u00e7lar\u0131n\u0131 bekledi\u011fini belirtiyor. Se\u00e7im sonucunda e\u011fer AKP tek ba\u015f\u0131na gelirse Ko\u015faner istifas\u0131n\u0131 verecek. AKP\u2019ye se\u00e7imi kazanma sevinci ya\u015fatmayacak. E\u011fer koalisyon gelirse I\u015f\u0131k Pa\u015fa\u2019y\u0131 iki y\u0131l daha TSK\u2019n\u0131n tepesinde g\u00f6rmeye devam edece\u011fiz.<\/p>\n<p style=\"text-align: justify;\"><a href=\"http:\/\/www.aktifhaber.com\/sok-iddia-kosanere-istifa-baskisi-var-452988h.htm\" target=\"_blank\">Kaynak : aktifhaber.com<\/a><\/p>\n","protected":false},"excerpt":{"rendered":"<p style=\"text-align: center;\">\n<p style=\"text-align: justify;\">Taraf Yazar\u0131 Emre Uslu \u015fok bir iddia ortaya att\u0131. E\u011fer AKP se\u00e7imi kazan\u0131rsa Genelkurmay Ba\u015fkan\u0131 Org. I\u015f\u0131k Ko\u015faner istifa edecek. Peki neden?<\/p>\n<p style=\"text-align: justify;\">Emre Uslu bug\u00fcn g\u00fcndemi de\u011fi\u015ftirecek nitelikte bir yaz\u0131ya imza att\u0131. \u0130ddiaya g\u00f6re Genelkurmay Ba\u015fkan\u0131 Org. I\u015f\u0131k Ko\u015faner&#8217;e istifa etmesi y\u00f6n\u00fcnde m\u00fcthi\u015f bir bask\u0131 var. Ve s\u00f6ylentilere <\/p>\n","protected":false},"author":1,"featured_media":0,"comment_status":"open","ping_status":"open","sticky":false,"template":"","format":"standard","meta":{"footnotes":""},"categories":[105],"tags":[],"class_list":["post-37406","post","type-post","status-publish","format-standard","hentry","category-gundem","odd"],"_links":{"self":[{"href":"http:\/\/www.korhanyilmaz.com\/index.php?rest_route=\/wp\/v2\/posts\/37406","targetHints":{"allow":["GET"]}}],"collection":[{"href":"http:\/\/www.korhanyilmaz.com\/index.php?rest_route=\/wp\/v2\/posts"}],"about":[{"href":"http:\/\/www.korhanyilmaz.com\/index.php?rest_route=\/wp\/v2\/types\/post"}],"author":[{"embeddable":true,"href":"http:\/\/www.korhanyilmaz.com\/index.php?rest_route=\/wp\/v2\/users\/1"}],"replies":[{"embeddable":true,"href":"http:\/\/www.korhanyilmaz.com\/index.php?rest_route=%2Fwp%2Fv2%2Fcomments&post=37406"}],"version-history":[{"count":0,"href":"http:\/\/www.korhanyilmaz.com\/index.php?rest_route=\/wp\/v2\/posts\/37406\/revisions"}],"wp:attachment":[{"href":"http:\/\/www.korhanyilmaz.com\/index.php?rest_route=%2Fwp%2Fv2%2Fmedia&parent=37406"}],"wp:term":[{"taxonomy":"category","embeddable":true,"href":"http:\/\/www.korhanyilmaz.com\/index.php?rest_route=%2Fwp%2Fv2%2Fcategories&post=37406"},{"taxonomy":"post_tag","embeddable":true,"href":"http:\/\/www.korhanyilmaz.com\/index.php?rest_route=%2Fwp%2Fv2%2Ftags&post=37406"}],"curies":[{"name":"wp","href":"https:\/\/api.w.org\/{rel}","templated":true}]}}