{"id":37404,"date":"2011-07-29T19:36:03","date_gmt":"2011-07-29T16:36:03","guid":{"rendered":"http:\/\/www.korhanyilmaz.com\/?p=37404"},"modified":"2011-07-29T21:20:15","modified_gmt":"2011-07-29T18:20:15","slug":"bugune-nasil-gelindi","status":"publish","type":"post","link":"http:\/\/www.korhanyilmaz.com\/?p=37404","title":{"rendered":"Bug\u00fcne nas\u0131l gelindi"},"content":{"rendered":"<p style=\"text-align: justify;\"><a href=\"http:\/\/www.korhanyilmaz.com\/wp-content\/uploads\/2011\/07\/2114.jpg\"  class=\"lightview\"><img loading=\"lazy\" decoding=\"async\" class=\"aligncenter size-full wp-image-37411\" title=\"\" src=\"http:\/\/www.korhanyilmaz.com\/wp-content\/uploads\/2011\/07\/2114.jpg\" alt=\"\" width=\"333\" height=\"248\" \/><\/a><\/p>\n<p style=\"text-align: justify;\">Bug\u00fcn ya\u015fanan krizin k\u00f6kleri AK Parti&#8217;nin iktidara geldi\u011fi 2002 y\u0131l\u0131na kadar gidiyor. Ancak Ergenekon ve Balyoz davalar\u0131nda tutuklanan generallerin say\u0131s\u0131 43&#8217;e ula\u015f\u0131nca Ko\u015faner ve kuvvet komutanlar\u0131 s\u00fcrpriz karar\u0131 ald\u0131.<\/p>\n<p style=\"text-align: justify;\">Genelkurmay Ba\u015fkan\u0131 Org. I\u015f\u0131k Ko\u015faner ve kuvvet komutanlar\u0131n\u0131n emekliliklerini istemesinin ipu\u00e7lar\u0131 birka\u00e7 y\u0131l \u00f6ncesine dayan\u0131yor.<\/p>\n<p style=\"text-align: justify;\">AK Parti h\u00fck\u00fcmeti g\u00f6reve geldi\u011finden beri TSK ile aralar\u0131nda s\u0131k s\u0131k gerilimler ya\u015fand\u0131. <!--more--><\/p>\n<p style=\"text-align: justify;\">Hilmi \u00d6zk\u00f6k zaman\u0131ndan beri ya\u015fanan bu krizler onun halefi B\u00fcy\u00fckan\u0131t zaman\u0131nda doruk noktas\u0131na ula\u015ft\u0131.<\/p>\n<p style=\"text-align: justify;\">H\u00fck\u00fcmetin Abdullah G\u00fcl&#8217;\u00fc Cumhurba\u015fkan\u0131 aday\u0131 olarak g\u00f6stermesinin ak\u015fam\u0131 TSK internet sitesinden bir bildiri yay\u0131nlad\u0131. E-Muht\u0131ra olarak de\u011ferlendirilen bu bildiriye h\u00fck\u00fcmetin ertesi g\u00fcn yan\u0131t\u0131 sert oldu: Genelkurmay Ba\u015fkan\u0131 h\u00fck\u00fcmete ba\u011fl\u0131 bir memurdur.<\/p>\n<p style=\"text-align: justify;\">Ak Parti bu krizlerden hep g\u00fc\u00e7lenerek \u00e7\u0131kt\u0131. Arka arkaya girdi\u011fi se\u00e7imlerde oyunu y\u00fckseltti.<\/p>\n<p style=\"text-align: justify;\">I\u015f\u0131k Ko\u015faner ile birlikte asker, internet sitesinden sert a\u00e7\u0131klamalar yapma al\u0131\u015fkanl\u0131\u011f\u0131n\u0131 bir kere b\u0131rakt\u0131. Birka\u00e7 a\u00e7\u0131klama d\u0131\u015f\u0131nda gerilim yaratan bir \u00e7\u0131k\u0131\u015f ya\u015fanmad\u0131.<\/p>\n<p style=\"text-align: justify;\">Ancak I\u015f\u0131k Ko\u015faner, g\u00f6reve geldi\u011finde kuca\u011f\u0131nda a\u011f\u0131r dosyalar buldu. Ergenekon ve Balyoz davalar\u0131ndan tutuklu 43 generalin durumu&#8230;<\/p>\n<p style=\"text-align: justify;\">Balyoz ve Ergenekon davalar\u0131nda T\u00fcrk Silahl\u0131 Kuvvetleri&#8217;nin 165 mensubu tutuklu bulunuyor.<\/p>\n<p style=\"text-align: justify;\">Ge\u00e7en y\u0131l y\u00fczde 10\u2019unu tutuklu general ve general olacak albaylar\u0131n durumu Y\u00fcksek Askeri \u015eura&#8217;da bir kriz yaratm\u0131\u015ft\u0131. Ancak atamalar\u0131n beklemeye al\u0131nmas\u0131 ve baz\u0131lar\u0131n\u0131n emekli edilmesiyle bir orta yol bulunmu\u015ftu.<\/p>\n<p style=\"text-align: justify;\">Bug\u00fcn g\u00f6revi b\u0131rakmaya kadar varan bu s\u00fcre\u00e7 yine tutuklu mensuplar\u0131n durumu \u00fczerinde h\u00fck\u00fcmet ve karagah aras\u0131nda mutabakata var\u0131lamamas\u0131 olu\u015fturuyor.<\/p>\n<p style=\"text-align: justify;\">Tutuklu generallerin pazar g\u00fcn\u00fc ger\u00e7ekle\u015fecek YA\u015e\u2019ta emeklilik ve terfileriyle ilgili h\u00fck\u00fcmet ve karargah aras\u0131nda bir mutabakata var\u0131lamay\u0131nca kriz patlak verdi.<\/p>\n<p style=\"text-align: justify;\"><a href=\"http:\/\/www.ntvmsnbc.com\/id\/25236881\/\" target=\"_blank\">Kaynak : NTVMSNBC<\/a><\/p>\n<hr style=\"width: 500px;\" width=\"500\" \/>\n<p style=\"text-align: justify;\"><span style=\"color: #888888;\">\u0130li\u015fkili haber : <a href=\"http:\/\/www.korhanyilmaz.com\/?p=37406\">http:\/\/www.korhanyilmaz.com\/?p=37406<\/a><\/span><\/p>\n","protected":false},"excerpt":{"rendered":"<p style=\"text-align: justify;\">\n<p style=\"text-align: justify;\">Bug\u00fcn ya\u015fanan krizin k\u00f6kleri AK Parti&#8217;nin iktidara geldi\u011fi 2002 y\u0131l\u0131na kadar gidiyor. Ancak Ergenekon ve Balyoz davalar\u0131nda tutuklanan generallerin say\u0131s\u0131 43&#8217;e ula\u015f\u0131nca Ko\u015faner ve kuvvet komutanlar\u0131 s\u00fcrpriz karar\u0131 ald\u0131.<\/p>\n<p style=\"text-align: justify;\">Genelkurmay Ba\u015fkan\u0131 Org. I\u015f\u0131k Ko\u015faner ve kuvvet komutanlar\u0131n\u0131n emekliliklerini istemesinin ipu\u00e7lar\u0131 birka\u00e7 y\u0131l \u00f6ncesine dayan\u0131yor.<\/p>\n<p style=\"text-align: justify;\">AK Parti <\/p>\n","protected":false},"author":1,"featured_media":0,"comment_status":"open","ping_status":"open","sticky":false,"template":"","format":"standard","meta":{"footnotes":""},"categories":[105],"tags":[],"class_list":["post-37404","post","type-post","status-publish","format-standard","hentry","category-gundem","odd"],"_links":{"self":[{"href":"http:\/\/www.korhanyilmaz.com\/index.php?rest_route=\/wp\/v2\/posts\/37404","targetHints":{"allow":["GET"]}}],"collection":[{"href":"http:\/\/www.korhanyilmaz.com\/index.php?rest_route=\/wp\/v2\/posts"}],"about":[{"href":"http:\/\/www.korhanyilmaz.com\/index.php?rest_route=\/wp\/v2\/types\/post"}],"author":[{"embeddable":true,"href":"http:\/\/www.korhanyilmaz.com\/index.php?rest_route=\/wp\/v2\/users\/1"}],"replies":[{"embeddable":true,"href":"http:\/\/www.korhanyilmaz.com\/index.php?rest_route=%2Fwp%2Fv2%2Fcomments&post=37404"}],"version-history":[{"count":0,"href":"http:\/\/www.korhanyilmaz.com\/index.php?rest_route=\/wp\/v2\/posts\/37404\/revisions"}],"wp:attachment":[{"href":"http:\/\/www.korhanyilmaz.com\/index.php?rest_route=%2Fwp%2Fv2%2Fmedia&parent=37404"}],"wp:term":[{"taxonomy":"category","embeddable":true,"href":"http:\/\/www.korhanyilmaz.com\/index.php?rest_route=%2Fwp%2Fv2%2Fcategories&post=37404"},{"taxonomy":"post_tag","embeddable":true,"href":"http:\/\/www.korhanyilmaz.com\/index.php?rest_route=%2Fwp%2Fv2%2Ftags&post=37404"}],"curies":[{"name":"wp","href":"https:\/\/api.w.org\/{rel}","templated":true}]}}