{"id":37399,"date":"2011-07-29T14:58:50","date_gmt":"2011-07-29T11:58:50","guid":{"rendered":"http:\/\/www.korhanyilmaz.com\/?p=37399"},"modified":"2011-07-29T20:46:13","modified_gmt":"2011-07-29T17:46:13","slug":"savci-ege-ordu-komutani-icin-yakalama-karari-istedi","status":"publish","type":"post","link":"http:\/\/www.korhanyilmaz.com\/?p=37399","title":{"rendered":"&#8220;\u0130nternet and\u0131c\u0131&#8221; iddianamesi kabul edildi"},"content":{"rendered":"<p style=\"text-align: center;\"><a href=\"http:\/\/www.korhanyilmaz.com\/wp-content\/uploads\/2011\/07\/2112.jpg\"  class=\"lightview\"><img loading=\"lazy\" decoding=\"async\" class=\"aligncenter size-full wp-image-37400\" src=\"http:\/\/www.korhanyilmaz.com\/wp-content\/uploads\/2011\/07\/2112.jpg\" alt=\"\" width=\"385\" height=\"214\" \/><\/a><\/p>\n<p style=\"text-align: justify;\">\u0130nternet and\u0131c\u0131 iddianamasi kabul edildi. Mahkeme heyeti iddianamenin oybirli\u011fi ile kabul edilmesine karar verdi. Savc\u0131 22 isim hakk\u0131nda yakalama karar\u0131 istedi. Davan\u0131n bir numaral\u0131 san\u0131\u011f\u0131 Eski 1. Ordu Komutan\u0131 Hasan I\u011fs\u0131z. \u0130ddianamede aralar\u0131nda Ege Ordu Komutan\u0131 Nusret Ta\u015fdelen&#8217;in de bulundu\u011fu toplam 22 san\u0131k var.<!--more--><\/p>\n<p style=\"text-align: justify;\">H\u00fck\u00fcmet aleyhinde kara propaganda yapmak amac\u0131yla Genelkurmay taraf\u0131ndan kuruldu\u011fu iddia edilen internet siteleriyle ilgili y\u00fcr\u00fct\u00fclen \u2018internet and\u0131c\u0131\u2019 soru\u015fturmas\u0131 kapsam\u0131nda haz\u0131rlanan iddianame \u0130stanbul 13. A\u011f\u0131r Ceza Mahkemesi taraf\u0131ndan kabul edildi. Oy birli\u011fi ile kabul edilen iddianamede, soru\u015fturma savc\u0131s\u0131 Cihan Kans\u0131z \u015f\u00fcphelilerin hepsine yakalama karar\u0131 \u00e7\u0131kart\u0131lmas\u0131n\u0131 istedi.<\/p>\n<p style=\"text-align: justify;\">Savc\u0131 Cihan Kans\u0131z, san\u0131klar\u0131n cezaland\u0131r\u0131lmas\u0131n\u0131 istedi\u011fi TCK\u2019n\u0131n 312. maddesinde \u201cCebir ve \u015fiddet kullanarak T\u00fcrkiye Cumhuriyeti H\u00fck\u00fcmetini Ortadan kald\u0131rmaya veya g\u00f6revlerini yapmas\u0131n\u0131 k\u0131smen veya tamamen engellemeye te\u015febb\u00fcs eden kimseye a\u011f\u0131la\u015ft\u0131r\u0131lm\u0131\u015f m\u00fcebbet hapis cezas\u0131 verilir&#8221; h\u00fckm\u00fcn\u00fcn oldu\u011funu ifade etti. \u015e\u00fcpheliler hakk\u0131nda soru\u015fturman\u0131n iki y\u0131l\u0131 a\u015fk\u0131n s\u00fcredir devam etti\u011fi, toplanan deliller bir b\u00fct\u00fcn olarak de\u011ferlendirildi\u011finde t\u00fcm \u015f\u00fcphelilerin TCK\u2019n\u0131n 312. maddesindeki su\u00e7u i\u015flediklerini belirten Savc\u0131 Kans\u0131z, eylemin CMK\u2019n\u0131n 100\/3-a-11\u00e7 maddesinde say\u0131lan su\u00e7lardan olmas\u0131, bu nedenle CMK\u2019n\u0131n 100\/2. maddesi uyar\u0131nca tutuklama nedeninin var say\u0131lmas\u0131, eylemin kanunda \u00f6ng\u00f6r\u00fclen muhtemel cezas\u0131 dikkate al\u0131nd\u0131\u011f\u0131n \u015f\u00fcpheliler hakk\u0131nda tutuklanmalar\u0131na karar verilmesi amac\u0131yla yakalama \u00e7\u0131kart\u0131lmas\u0131n\u0131 da iddianame talep etti. Mahkemenin savc\u0131n\u0131n istedi\u011fi yakalama karar\u0131n\u0131n de\u011ferlendirdi\u011fi belirtildi.<\/p>\n<p style=\"text-align: justify;\"><strong>\u0130ddianamede san\u0131klar s\u0131ras\u0131yla \u015f\u00f6yle;<\/strong><\/p>\n<p style=\"text-align: justify;\">-Korgeneral Mehmet Er\u00f6z,<\/p>\n<p style=\"text-align: justify;\">-T\u00fcmgeneral Mustafa Bak\u0131c\u0131,<\/p>\n<p style=\"text-align: justify;\">-Orgeneral H\u00fcseyin Nusret Ta\u015fdeler,<\/p>\n<p style=\"text-align: justify;\">-Fuat Selvi,<\/p>\n<p style=\"text-align: justify;\">-Ziya \u0130lker G\u00f6kta\u015f,<\/p>\n<p style=\"text-align: justify;\">-Hulusi G\u00fclbahar,<\/p>\n<p style=\"text-align: justify;\">-Cemal G\u00f6k\u00e7eo\u011flu,<\/p>\n<p style=\"text-align: justify;\">-Sedat \u00d6z\u00fcer,<\/p>\n<p style=\"text-align: justify;\">-Korgeneral \u0130smail Hakk\u0131 Pekin,<\/p>\n<p style=\"text-align: justify;\">-T\u00fcmgeneral H\u0131fz\u0131 \u00c7ubuklu,<\/p>\n<p style=\"text-align: justify;\">-Koramiral Mehmet Otuzbiro\u011flu,<\/p>\n<p style=\"text-align: justify;\">-Tu\u011famiral Alaettin Sevim,<\/p>\n<p style=\"text-align: justify;\">-Orhan G\u00fc\u00e7l\u00fc,<\/p>\n<p style=\"text-align: justify;\">-Mehmet B\u00fclent Sar\u0131kahya,<\/p>\n<p style=\"text-align: justify;\">-Murat Usl\u0131k\u0131l\u0131\u00e7,<\/p>\n<p style=\"text-align: justify;\">-Meryem Kur\u015fun,<\/p>\n<p style=\"text-align: justify;\">-Hasan Ataman Y\u0131ld\u0131r\u0131m,<\/p>\n<p style=\"text-align: justify;\">-Cem \u015eim\u015fek,<\/p>\n<p style=\"text-align: justify;\">-Altunay \u015eahin,<\/p>\n<p style=\"text-align: justify;\">-Fatih Koca,<\/p>\n<p style=\"text-align: justify;\">-Recai Alkan&#8230;<\/p>\n<p style=\"text-align: justify;\"><a href=\"http:\/\/gundem.milliyet.com.tr\/savci-ege-ordu-komutani-icin-yakalama-karari-istedi\/gundem\/gundemdetay\/29.07.2011\/1420318\/default.htm\" target=\"_blank\">Kaynak : Milliyet.com.tr<\/a><\/p>\n","protected":false},"excerpt":{"rendered":"<p style=\"text-align: center;\">\n<p style=\"text-align: justify;\">\u0130nternet and\u0131c\u0131 iddianamasi kabul edildi. Mahkeme heyeti iddianamenin oybirli\u011fi ile kabul edilmesine karar verdi. Savc\u0131 22 isim hakk\u0131nda yakalama karar\u0131 istedi. Davan\u0131n bir numaral\u0131 san\u0131\u011f\u0131 Eski 1. Ordu Komutan\u0131 Hasan I\u011fs\u0131z. \u0130ddianamede aralar\u0131nda Ege Ordu Komutan\u0131 Nusret Ta\u015fdelen&#8217;in de bulundu\u011fu toplam 22 san\u0131k var.<\/p>\n","protected":false},"author":1,"featured_media":0,"comment_status":"open","ping_status":"open","sticky":false,"template":"","format":"standard","meta":{"footnotes":""},"categories":[105],"tags":[],"class_list":["post-37399","post","type-post","status-publish","format-standard","hentry","category-gundem","odd"],"_links":{"self":[{"href":"http:\/\/www.korhanyilmaz.com\/index.php?rest_route=\/wp\/v2\/posts\/37399","targetHints":{"allow":["GET"]}}],"collection":[{"href":"http:\/\/www.korhanyilmaz.com\/index.php?rest_route=\/wp\/v2\/posts"}],"about":[{"href":"http:\/\/www.korhanyilmaz.com\/index.php?rest_route=\/wp\/v2\/types\/post"}],"author":[{"embeddable":true,"href":"http:\/\/www.korhanyilmaz.com\/index.php?rest_route=\/wp\/v2\/users\/1"}],"replies":[{"embeddable":true,"href":"http:\/\/www.korhanyilmaz.com\/index.php?rest_route=%2Fwp%2Fv2%2Fcomments&post=37399"}],"version-history":[{"count":0,"href":"http:\/\/www.korhanyilmaz.com\/index.php?rest_route=\/wp\/v2\/posts\/37399\/revisions"}],"wp:attachment":[{"href":"http:\/\/www.korhanyilmaz.com\/index.php?rest_route=%2Fwp%2Fv2%2Fmedia&parent=37399"}],"wp:term":[{"taxonomy":"category","embeddable":true,"href":"http:\/\/www.korhanyilmaz.com\/index.php?rest_route=%2Fwp%2Fv2%2Fcategories&post=37399"},{"taxonomy":"post_tag","embeddable":true,"href":"http:\/\/www.korhanyilmaz.com\/index.php?rest_route=%2Fwp%2Fv2%2Ftags&post=37399"}],"curies":[{"name":"wp","href":"https:\/\/api.w.org\/{rel}","templated":true}]}}