{"id":37395,"date":"2011-07-29T13:43:07","date_gmt":"2011-07-29T10:43:07","guid":{"rendered":"http:\/\/www.korhanyilmaz.com\/?p=37395"},"modified":"2011-07-29T20:01:28","modified_gmt":"2011-07-29T17:01:28","slug":"sakin-gec-kalma-erken-gel-tartismasi","status":"publish","type":"post","link":"http:\/\/www.korhanyilmaz.com\/?p=37395","title":{"rendered":"&#8216;Sak\u0131n ge\u00e7 kalma erken gel&#8217; tart\u0131\u015fmas\u0131"},"content":{"rendered":"<p style=\"text-align: center;\"><a href=\"http:\/\/www.korhanyilmaz.com\/wp-content\/uploads\/2011\/07\/2111.jpeg\"  class=\"lightview\"><img loading=\"lazy\" decoding=\"async\" class=\"aligncenter size-full wp-image-37396\" src=\"http:\/\/www.korhanyilmaz.com\/wp-content\/uploads\/2011\/07\/2111.jpeg\" alt=\"\" width=\"384\" height=\"254\" \/><\/a><\/p>\n<p style=\"text-align: justify;\">Alman Ye\u015filler Partisi E\u015fba\u015fkan\u0131 Claudia Roth, Adalet Bakan\u0131 Sadullah Ergin&#8217;in, &#8220;Bekleseydi girerdi. D\u00fcnyan\u0131n hi\u00e7bir \u00fclkesinde hi\u00e7 kimse elini kolunu sallayarak her yere giremez&#8221; s\u00f6zlerine sert cevap verdi.<\/p>\n<p style=\"text-align: justify;\">Savc\u0131 izin vermedi\u011fi gerek\u00e7esiyle Silivri Cezaevi\u2019nde d\u00fcn Ahmet \u015e\u0131k ve Nedim \u015eener ile g\u00f6r\u00fc\u015femeyen Roth, &#8220;Biz cezaevinde 2 saat bekledik. Adalet Bakan\u0131 Ergin ben daha ne kadar bekleseydim onu s\u00f6ylesin. Bir hafta m\u0131? Bir ay m\u0131? Bir y\u0131l m\u0131? Miletvekillerine b\u00f6yle davran\u0131lmaz&#8221; dedi. Claudia Roth, Hrant Dink davas\u0131n\u0131 izlemek i\u00e7in sabah erken saatlerde Dink ailesi ile birlikte Be\u015fikta\u015f\u2019ta bulunan \u0130stanbul Adliyesi\u2019ne geldi. Roth duru\u015fman\u0131n ge\u00e7 ba\u015flamas\u0131 \u00fczerine davay\u0131 izlemeden \u00f6\u011fle saatinde adliyeden ayr\u0131ld\u0131. T\u00fcrkiye\u2019den ayr\u0131lmak i\u00e7in u\u00e7a\u011f\u0131na yeti\u015fmeye \u00e7al\u0131\u015fan Roth, \u00e7\u0131k\u0131\u015fta bas\u0131n mensuplar\u0131n\u0131n sorular\u0131n\u0131 yan\u0131tlad\u0131. <!--more--><\/p>\n<p style=\"text-align: justify;\">&#8220;Ergenekon soru\u015fturmas\u0131 kapsam\u0131nda tutuklanan Ahmet \u015eek ve Nedim \u015eener\u2019i cezaevinde tekrar ziyaret edecek misiniz?&#8221; sorusuna Roth, &#8220;Adalet Bakan\u0131 bir a\u00e7\u0131klama yapm\u0131\u015f &#8220;Biraz daha bekleseydi girebilirdi izin \u00e7\u0131km\u0131\u015ft\u0131&#8221; diye. Bunu a\u00e7\u0131klamay\u0131 duydum. Bu ay\u0131p bir \u015feydir. 22 Temmuz\u2019da biz ba\u015fvurumuzu yapt\u0131k. Bu ba\u015fvurumuz D\u0131\u015fi\u015fleri Bakanl\u0131\u011f\u0131\u2019na ve Adalet Bakanl\u0131\u011f\u0131\u2019na g\u00f6nderildi. Biz neredeyse cezaevinde 2 saat bekledik. Adalet Bakan\u0131 ben daha ne kadar bekleseydim onu s\u00f6ylesin. Bir hafta m\u0131? Bir ay m\u0131? Bir y\u0131l m\u0131? Miletvekillerine b\u00f6yle davran\u0131lmaz. Ben tabi ki Ahmet \u015e\u0131k\u2019\u0131, Nedim \u015eener\u2019i ve onlar gibi insanlar\u0131 tekrar ziyaret etmeye \u00e7al\u0131\u015faca\u011f\u0131m tekrar &#8221; dedi.<\/p>\n<p style=\"text-align: justify;\"><strong>&#8220;Hi\u00e7bir \u00fclkede elini kolunu sallayarak istedi\u011fi yeri ziyaret edemez&#8221;<\/strong><\/p>\n<p style=\"text-align: justify;\">Adalet Bakan\u0131 Sadullah Ergin, Claudia Roth&#8217;un tutuklu gazeteci Ahmet \u015e\u0131k&#8217;\u0131 ziyaretine izin verilmedi\u011fi iddias\u0131na ili\u015fkin ele\u015ftirilerini yan\u0131tlayarak, &#8221;Say\u0131n Roth&#8217;un \u015fahs\u0131na \u00f6zel bir uygulama s\u00f6z konusu olmam\u0131\u015ft\u0131r. Belki \u00e7ok az bekleyebilseydi bu g\u00f6r\u00fc\u015fmeyi yapabilecekti&#8221; demi\u015fti.<\/p>\n<p style=\"text-align: justify;\">Ergin, &#8221;Hi\u00e7 bir \u00fclkede isteyen elini kolunu sallayarak istedi\u011fi yeri ziyaret edemez. Bu anlamda bakanl\u0131\u011f\u0131m\u0131za ula\u015fan talep d\u00fcn saat 10.30 itibar\u0131yla ula\u015fm\u0131\u015ft\u0131r. Bakanl\u0131\u011f\u0131m\u0131zda gerekli i\u015flemler yap\u0131larak 15.00 sular\u0131nda ilgili birimlere izin g\u00f6nderilmi\u015ftir. Ancak bu esnada ziyaret\u00e7i olaca\u011f\u0131n\u0131 s\u00f6yleyen milletvekili gelmi\u015f ve ayr\u0131lm\u0131\u015f. Bizim bu konuda tutumumuz belli. Daha \u00f6nce bir \u00e7ok misafir gelmi\u015ftir benzer \u015fekilde ziyaret\u00e7i olmak i\u00e7in. Bunlar\u0131n tamam\u0131na yak\u0131n\u0131na izin verilmi\u015ftir. Dolay\u0131s\u0131yla say\u0131n Roth&#8217;un \u015fahs\u0131na \u00f6zel bir uygulama s\u00f6z konusu olmam\u0131\u015ft\u0131r. Belki \u00e7ok az bekleyebilseydi bu g\u00f6r\u00fc\u015fmeyi yapabilecekti. Tamamen bundan kaynakl\u0131 bir konudur.&#8221; a\u00e7\u0131klamas\u0131n\u0131 yapm\u0131\u015ft\u0131.<\/p>\n<p style=\"text-align: justify;\"><a href=\"http:\/\/www.radikal.com.tr\/Radikal.aspx?aType=RadikalDetayV3&amp;ArticleID=1058108&amp;Date=29.07.2011&amp;CategoryID=77\" target=\"_blank\">Kaynak : Radikal.com.tr<\/a><\/p>\n","protected":false},"excerpt":{"rendered":"<p style=\"text-align: center;\">\n<p style=\"text-align: justify;\">Alman Ye\u015filler Partisi E\u015fba\u015fkan\u0131 Claudia Roth, Adalet Bakan\u0131 Sadullah Ergin&#8217;in, &#8220;Bekleseydi girerdi. D\u00fcnyan\u0131n hi\u00e7bir \u00fclkesinde hi\u00e7 kimse elini kolunu sallayarak her yere giremez&#8221; s\u00f6zlerine sert cevap verdi.<\/p>\n<p style=\"text-align: justify;\">Savc\u0131 izin vermedi\u011fi gerek\u00e7esiyle Silivri Cezaevi\u2019nde d\u00fcn Ahmet \u015e\u0131k ve Nedim \u015eener ile g\u00f6r\u00fc\u015femeyen Roth, &#8220;Biz cezaevinde 2 saat bekledik. Adalet <\/p>\n","protected":false},"author":1,"featured_media":0,"comment_status":"open","ping_status":"open","sticky":false,"template":"","format":"standard","meta":{"footnotes":""},"categories":[105],"tags":[],"class_list":["post-37395","post","type-post","status-publish","format-standard","hentry","category-gundem","odd"],"_links":{"self":[{"href":"http:\/\/www.korhanyilmaz.com\/index.php?rest_route=\/wp\/v2\/posts\/37395","targetHints":{"allow":["GET"]}}],"collection":[{"href":"http:\/\/www.korhanyilmaz.com\/index.php?rest_route=\/wp\/v2\/posts"}],"about":[{"href":"http:\/\/www.korhanyilmaz.com\/index.php?rest_route=\/wp\/v2\/types\/post"}],"author":[{"embeddable":true,"href":"http:\/\/www.korhanyilmaz.com\/index.php?rest_route=\/wp\/v2\/users\/1"}],"replies":[{"embeddable":true,"href":"http:\/\/www.korhanyilmaz.com\/index.php?rest_route=%2Fwp%2Fv2%2Fcomments&post=37395"}],"version-history":[{"count":0,"href":"http:\/\/www.korhanyilmaz.com\/index.php?rest_route=\/wp\/v2\/posts\/37395\/revisions"}],"wp:attachment":[{"href":"http:\/\/www.korhanyilmaz.com\/index.php?rest_route=%2Fwp%2Fv2%2Fmedia&parent=37395"}],"wp:term":[{"taxonomy":"category","embeddable":true,"href":"http:\/\/www.korhanyilmaz.com\/index.php?rest_route=%2Fwp%2Fv2%2Fcategories&post=37395"},{"taxonomy":"post_tag","embeddable":true,"href":"http:\/\/www.korhanyilmaz.com\/index.php?rest_route=%2Fwp%2Fv2%2Ftags&post=37395"}],"curies":[{"name":"wp","href":"https:\/\/api.w.org\/{rel}","templated":true}]}}