{"id":37391,"date":"2011-07-29T18:25:50","date_gmt":"2011-07-29T15:25:50","guid":{"rendered":"http:\/\/www.korhanyilmaz.com\/?p=37391"},"modified":"2011-07-29T19:51:26","modified_gmt":"2011-07-29T16:51:26","slug":"tskde-deprem","status":"publish","type":"post","link":"http:\/\/www.korhanyilmaz.com\/?p=37391","title":{"rendered":"TSK&#8217;de deprem!"},"content":{"rendered":"<p style=\"text-align: center;\"><a href=\"http:\/\/www.korhanyilmaz.com\/wp-content\/uploads\/2011\/07\/2110.jpg\"  class=\"lightview\"><img loading=\"lazy\" decoding=\"async\" class=\"aligncenter size-full wp-image-37392\" src=\"http:\/\/www.korhanyilmaz.com\/wp-content\/uploads\/2011\/07\/2110.jpg\" alt=\"\" width=\"322\" height=\"241\" \/><\/a><\/p>\n<p style=\"text-align: justify;\">Kritik Y\u00fcksek Askeri \u015eura toplant\u0131s\u0131 \u00f6ncesinde Ankara s\u00fcrpriz bir haberle sars\u0131ld\u0131. Genelkurmay Ba\u015fkan\u0131 Org. I\u015f\u0131k Ko\u015faner emeklili\u011fini istedi. Bu iste\u011fin hemen ard\u0131ndan Deniz, Kara ve Hava Kuvvetleri Komutanlar\u0131 da emekliliklerini istediler.<\/p>\n<p style=\"text-align: justify;\">\u0130stanbul- Pazartesi g\u00fcn\u00fc ba\u015flayacak olan Y\u00fcksek Askeri \u015eura (YA\u015e) toplant\u0131lar\u0131n\u0131n \u00f6ncesinde \u00f6nemli bir geli\u015fme ya\u015fand\u0131.<\/p>\n<p style=\"text-align: justify;\">Genelkurmay Ba\u015fkan\u0131 Orgeneral I\u015f\u0131k Ko\u015faner emeklili\u011fini istedi. Ko\u015faner&#8217;in &#8220;g\u00f6rd\u00fc\u011f\u00fc l\u00fczum \u00fczerine&#8221; emeklili\u011fini istedi\u011fi belirtiliyor. <!--more--><\/p>\n<p style=\"text-align: justify;\">Ko\u015faner&#8217;in emeklili\u011fini talep eden dilek\u00e7eyi Ba\u015fbakanl\u0131\u011fa g\u00f6nderdi\u011fi belirtildi.<\/p>\n<p style=\"text-align: justify;\">YA\u015e&#8217;ta tutuklu generallerin durumuyla ilgili krizin \u00e7\u00f6z\u00fclmesi i\u00e7in bir dizi toplant\u0131 yap\u0131lm\u0131\u015ft\u0131. Komuta kademesinin tutuklu generallerle ilgili rahats\u0131zl\u0131k duydu\u011fu belirtiliyordu.<\/p>\n<p style=\"text-align: justify;\">Bu durumda pazartesi g\u00fcn\u00fc ba\u015flamas\u0131 gereken YA\u015e&#8217;\u0131n toplan\u0131p toplanamayaca\u011f\u0131 belirsizli\u011fini koruyor.<\/p>\n<p style=\"text-align: justify;\">Genelkurmay Ba\u015fkanl\u0131\u011f\u0131 g\u00f6revinden emeklili\u011fini isteyerek ayr\u0131lan Orgeneral I\u015f\u0131k Ko\u015faner, bu g\u00f6revi Orgeneral \u0130lker Ba\u015fbu\u011f&#8217;dan 2010 y\u0131l\u0131n\u0131n A\u011fustos ay\u0131nda 3 y\u0131ll\u0131\u011f\u0131na devralm\u0131\u015ft\u0131.<\/p>\n<p style=\"text-align: justify;\">Genelkurmay Ba\u015fkanl\u0131\u011f\u0131 g\u00f6revinde iki y\u0131l daha kalmas\u0131 gereken Orgeneral Ko\u015faner&#8217;in son 1 ayd\u0131r ise istifa edebilece\u011fi konu\u015fuluyordu.<\/p>\n<p style=\"text-align: justify;\">Laiklik konusundaki duyarl\u0131l\u0131\u011f\u0131 ile bilinen Orgeneral Ko\u015faner&#8217;in son d\u00f6nemde tutuklanan generaller ve bu generallerin terfisi konusunda h\u00fck\u00fcmetin tutumu ile ilgili rahats\u0131zl\u0131\u011f\u0131 biliniyordu. Hasdal Cezaevi&#8217;ndeki tutuklu generalleri ziyaret eden Orgeneral Ko\u015faner, tutuklu askerlerin aileleriyle de bir araya gelerek \u015fikayetlerini dinlemi\u015fti.<\/p>\n<p style=\"text-align: justify;\"><strong>Kuvvet Komutanlar\u0131 da emekliliklerini istedi<\/strong><\/p>\n<p style=\"text-align: justify;\">Ko\u015faner&#8217;in emeklili\u011fini istemesinin ard\u0131ndan Deniz Kuvvetleri Komutan\u0131 E\u015fref U\u011fur Yi\u011fit , Kara Kuvvetleri Komutan\u0131 Erdal Ceylano\u011flu ve Hava Kuvvetleri Komutan\u0131 Hasan Aksay da emeklili\u011fini istedi.<\/p>\n<p style=\"text-align: justify;\">Jandarma Genel Komutan\u0131 Necdet \u00d6zel&#8217;in durumuna ili\u015fkin ise bir bilgi bulunmuyor.<\/p>\n<p style=\"text-align: justify;\">Bu haberden sonra Ba\u015fbakan Erdo\u011fan, \u0130stanbul program\u0131n\u0131 iptal etti.<\/p>\n<p style=\"text-align: justify;\"><strong>G\u00f6zler Jandarma Komutan\u0131&#8217;nda<\/strong><\/p>\n<p style=\"text-align: justify;\">Genelkurmay Ba\u015fkan\u0131 ve kuvvet komutanlar\u0131 ile hareket etmeyen tek komutan Jandarma Genel Komutan\u0131 Necdet \u00d6zel oldu.<\/p>\n<p style=\"text-align: justify;\">Genelkurmay Ba\u015fkan\u0131 Orgeneral I\u015f\u0131k Ko\u015faner ve Kara Kuvvetleri Komutan\u0131 Erdal Ceylano\u011flu, Deniz Kuvvetleri Komutan\u0131 E\u015fref U\u011fur Yi\u011fit ve Hava Kuvvetleri Komutan\u0131 Hasan Aksay&#8217;\u0131n emekliliklerini istemesinin ard\u0131ndan g\u00f6zler komuta kademesinin ne olaca\u011f\u0131na \u00e7evrildi.<\/p>\n<p style=\"text-align: justify;\">Team\u00fcller do\u011frultusunda ortaya tek bir isim \u00e7\u0131k\u0131yor: Jandarma Genel Komutan\u0131 Necdet \u00d6zel.<\/p>\n<p style=\"text-align: justify;\">\u00c7\u00fcnk\u00fc Orgeneral \u00d6zel hen\u00fcz di\u011fer komutanlarla birlikte hareket etti\u011fine dair bir bilgi yok.<\/p>\n<p style=\"text-align: justify;\">E\u011fer \u00d6zel emeklili\u011fini istemez ve g\u00f6revine devam ederse Genelkurmay Ba\u015fkanl\u0131\u011f\u0131&#8217;n\u0131n en \u00f6nemli aday\u0131 olaca\u011f\u0131 yorumlar\u0131 yap\u0131l\u0131yor.<\/p>\n<p style=\"text-align: justify;\"><strong>Son bir haftada 3 zirve<\/strong><\/p>\n<p style=\"text-align: justify;\">Son bir haftada Genelkurmay Ba\u015fkan\u0131 Orgeneral I\u015f\u0131k Ko\u015faner ile birlikte Ba\u015fbakan Recep Tayyip Erdo\u011fan \u00fc\u00e7 kez g\u00f6r\u00fc\u015ft\u00fc. Bug\u00fcn ise K\u00f6\u015fk&#8217;te Cumhurba\u015fkan\u0131 Abdullah G\u00fcl&#8217;\u00fcn evsahipli\u011finde ger\u00e7ekle\u015fen son zirvenin ard\u0131ndan I\u015f\u0131k Ko\u015faner emeklili\u011fini istedi.<\/p>\n<p style=\"text-align: justify;\">Y\u00fcksek Askeri \u015eura(YA\u015e) \u00f6ncesi al\u0131nan emeklilik s\u00fcrecinde bu hafta Ba\u015fbakan Recep Tayyip Erdo\u011fan ile Genelkurmay Ba\u015fkan\u0131 Orgeneral I\u015f\u0131k Ko\u015faner \u00fc\u00e7 kez g\u00f6r\u00fc\u015ft\u00fc.<\/p>\n<p style=\"text-align: justify;\">\u0130lk g\u00f6r\u00fc\u015fme, Sal\u0131 g\u00fcn\u00fc Erdo\u011fan, Ko\u015faner&#8217;i Merkez Bina&#8217;da kabul\u00fc ile ger\u00e7ekle\u015fti. Per\u015fembe g\u00fcn\u00fc ise Cumhurba\u015fkan\u0131 Abdullah G\u00fcl, K\u00f6\u015fk&#8217;te Ba\u015fbakan Recep Tayyip Erdo\u011fan&#8217;\u0131 kabul ederek haftal\u0131k ola\u011fan g\u00f6r\u00fc\u015fmesini ger\u00e7ekle\u015ftirdi. Ard\u0131ndan da Erdo\u011fan, Genelkurmay Ba\u015fkan\u0131 Orgeneral I\u015f\u0131k Ko\u015faner&#8217;i Resmi Konut&#8217;ta kabul ederek, haftal\u0131k ola\u011fan g\u00f6r\u00fc\u015fmesini ger\u00e7ekle\u015ftirdi. Bug\u00fcnk\u00fc \u00fc\u00e7\u00fcnc\u00fc ve son g\u00f6r\u00fc\u015fme ise K\u00f6\u015fk&#8217;te Cumhurba\u015fkan\u0131 G\u00fcl&#8217;\u00fcn ev sahipli\u011finde ger\u00e7ekle\u015fti. Zirvenin ard\u0131ndan ak\u015fam saatlerinde Ko\u015faner emeklili\u011fini istedi.<\/p>\n<p style=\"text-align: justify;\"><strong>I\u015f\u0131k Ko\u015faner kimdir?<\/strong><\/p>\n<p style=\"text-align: justify;\">T\u00fcrk Silahl\u0131 Kuvvetlerinin 27&#8217;nci Genelkurmay Ba\u015fkan\u0131 olan Orgeneral I\u015f\u0131k Ko\u015faner 1945 y\u0131l\u0131nda \u0130zmir\u2019de do\u011fdu. 1965 y\u0131l\u0131nda Kara Harp Okulundan, 1966 y\u0131l\u0131nda Piyade Okulundan mezun oldu.<\/p>\n<p style=\"text-align: justify;\">1976 y\u0131l\u0131na kadar Kara Kuvvetlerine ba\u011fl\u0131 \u00e7e\u015fitli birliklerde; Tak\u0131m ve B\u00f6l\u00fck Komutanl\u0131\u011f\u0131, Da\u011f Komando Okulu ve E\u011fitim Merkezi Komutanl\u0131\u011f\u0131nda \u00f6\u011fretmenlik, K\u0131br\u0131s Bar\u0131\u015f Harek\u00e2t\u0131\u2019nda Komando Tugay\u0131nda Tak\u0131m Komutanl\u0131\u011f\u0131 ve Tabur Kararg\u00e2h Subayl\u0131\u011f\u0131, Genelkurmay \u00d6zel Harp Daire Ba\u015fkanl\u0131\u011f\u0131nda \u00d6zel Tim Komutanl\u0131\u011f\u0131 yapm\u0131\u015ft\u0131r.<\/p>\n<p style=\"text-align: justify;\">Orgeneral Ko\u015faner, 1978 y\u0131l\u0131nda Kara Harp Akademisinden mezun olmu\u015f, ard\u0131ndan kurmay subay olarak; Genelkurmay \u00d6zel Harp Daire Ba\u015fkanl\u0131\u011f\u0131nda Kararg\u00e2h Subayl\u0131\u011f\u0131, NATO Savunma Kolejini bitirmeyi m\u00fcteakip \u0130talya \/ Napoli\u2019deki G\u00fcney Avrupa M\u00fcttefik Kuvvetleri Komutanl\u0131\u011f\u0131nda Kararg\u00e2h Subayl\u0131\u011f\u0131, 3\u2019\u00fcnc\u00fc Ordu Lojistik Ba\u015fkanl\u0131\u011f\u0131nda Plan Koordinasyon \u015eube M\u00fcd\u00fcrl\u00fc\u011f\u00fc, \u0130ngiltere \/ Londra\u2019da Savunma \u0130ncelemeleri Kraliyet Kolejini bitirmeyi m\u00fcteakip Genelkurmay Strateji ve Kuvvet Plan Daire Ba\u015fkanl\u0131\u011f\u0131nda Strateji \u015eube M\u00fcd\u00fcrl\u00fc\u011f\u00fc, 8\u2019inci Piyade T\u00fcmeni 131\u2019inci Piyade Alay Komutanl\u0131\u011f\u0131, Genelkurmay \u00d6zel Kuvvetler Komutanl\u0131\u011f\u0131nda Kurmay Ba\u015fkanl\u0131\u011f\u0131 g\u00f6revlerini y\u00fcr\u00fctm\u00fc\u015ft\u00fcr.<\/p>\n<p style=\"text-align: justify;\">1992 Y\u0131l\u0131nda Tu\u011fgeneralli\u011fe terfi eden Orgeneral I\u015f\u0131k Ko\u015faner bu r\u00fctbede; Kara Kuvvetleri Komutanl\u0131\u011f\u0131 Lojistik Plan Daire Ba\u015fkanl\u0131\u011f\u0131 ile 1\u2019inci Komando Tugay Komutanl\u0131\u011f\u0131 g\u00f6revlerinde bulunmu\u015ftur. 1996 y\u0131l\u0131nda T\u00fcmgeneralli\u011fe terfi etmi\u015ftir. T\u00fcmgeneral r\u00fctbesi ile Kara Harp Okulu Komutanl\u0131\u011f\u0131 g\u00f6revini y\u00fcr\u00fctm\u00fc\u015ft\u00fcr. 2000 y\u0131l\u0131nda Korgeneralli\u011fe terfi ederek s\u0131ras\u0131yla; Mill\u00ee Savunma Bakanl\u0131\u011f\u0131 M\u00fcste\u015farl\u0131\u011f\u0131 ve K\u0131br\u0131s T\u00fcrk Bar\u0131\u015f Kuvvetleri Komutanl\u0131\u011f\u0131 g\u00f6revlerinde bulunmu\u015ftur.<\/p>\n<p style=\"text-align: justify;\">2004 y\u0131l\u0131nda Orgeneralli\u011fe terfi eden I\u015f\u0131k Ko\u015faner; 2004-2005 y\u0131llar\u0131 aras\u0131nda Ege Ordusu Komutanl\u0131\u011f\u0131, 2005-2006 y\u0131llar\u0131 aras\u0131nda Genelkurmay II\u2019nci Ba\u015fkanl\u0131\u011f\u0131, 2006-2008 y\u0131llar\u0131 aras\u0131nda Jandarma Genel Komutanl\u0131\u011f\u0131, 2008-2010 y\u0131llar\u0131 aras\u0131nda Kara Kuvvetleri Komutanl\u0131\u011f\u0131 g\u00f6revlerinde bulunmu\u015f, 30 A\u011fustos 2010 tarihinden ge\u00e7erli olarak Genelkurmay Ba\u015fkanl\u0131\u011f\u0131na atanm\u0131\u015ft\u0131r.<\/p>\n<p style=\"text-align: justify;\">Orgeneral I\u015f\u0131k Ko\u015faner, T\u00fcrk Silahl\u0131 Kuvvetleri \u00dcst\u00fcn Hizmet Madalyas\u0131, T\u00fcrk Silahl\u0131 Kuvvetleri \u00dcst\u00fcn Cesaret ve Feragat Madalyas\u0131, T\u00fcrk Silahl\u0131 Kuvvetleri \u015eeref Madalyas\u0131, T\u00fcrk Silahl\u0131 Kuvvetleri K\u0131br\u0131s \u00dcst\u00fcn Cesaret ve Feragat Madalyas\u0131, Kore Cumhuriyeti Mill\u00ee G\u00fcvenlik Liyakat Madalyas\u0131 ve Pakistan \u0130mtiyaz Ni\u015fan\u0131 sahibidir.<\/p>\n<p style=\"text-align: justify;\">Nurdan Ko\u015faner ile evli olan Orgeneral I\u015f\u0131k Ko\u015faner, iki \u00e7ocuk babas\u0131d\u0131r. \u0130ngilizce bilmektedir.<\/p>\n<p style=\"text-align: justify;\"><a href=\"http:\/\/www.cumhuriyet.com.tr\/?hn=265072&amp;kw=TSK%27de+deprem!\" target=\"_blank\">Kaynak : Cumhuriyet Haber Portal\u0131<\/a><\/p>\n","protected":false},"excerpt":{"rendered":"<p style=\"text-align: center;\">\n<p style=\"text-align: justify;\">Kritik Y\u00fcksek Askeri \u015eura toplant\u0131s\u0131 \u00f6ncesinde Ankara s\u00fcrpriz bir haberle sars\u0131ld\u0131. Genelkurmay Ba\u015fkan\u0131 Org. I\u015f\u0131k Ko\u015faner emeklili\u011fini istedi. Bu iste\u011fin hemen ard\u0131ndan Deniz, Kara ve Hava Kuvvetleri Komutanlar\u0131 da emekliliklerini istediler.<\/p>\n<p style=\"text-align: justify;\">\u0130stanbul- Pazartesi g\u00fcn\u00fc ba\u015flayacak olan Y\u00fcksek Askeri \u015eura (YA\u015e) toplant\u0131lar\u0131n\u0131n \u00f6ncesinde \u00f6nemli bir geli\u015fme ya\u015fand\u0131.<\/p>\n<p style=\"text-align:  \n\n","protected":false},"author":1,"featured_media":0,"comment_status":"open","ping_status":"open","sticky":false,"template":"","format":"standard","meta":{"footnotes":""},"categories":[105],"tags":[],"class_list":["post-37391","post","type-post","status-publish","format-standard","hentry","category-gundem","odd"],"_links":{"self":[{"href":"http:\/\/www.korhanyilmaz.com\/index.php?rest_route=\/wp\/v2\/posts\/37391","targetHints":{"allow":["GET"]}}],"collection":[{"href":"http:\/\/www.korhanyilmaz.com\/index.php?rest_route=\/wp\/v2\/posts"}],"about":[{"href":"http:\/\/www.korhanyilmaz.com\/index.php?rest_route=\/wp\/v2\/types\/post"}],"author":[{"embeddable":true,"href":"http:\/\/www.korhanyilmaz.com\/index.php?rest_route=\/wp\/v2\/users\/1"}],"replies":[{"embeddable":true,"href":"http:\/\/www.korhanyilmaz.com\/index.php?rest_route=%2Fwp%2Fv2%2Fcomments&post=37391"}],"version-history":[{"count":0,"href":"http:\/\/www.korhanyilmaz.com\/index.php?rest_route=\/wp\/v2\/posts\/37391\/revisions"}],"wp:attachment":[{"href":"http:\/\/www.korhanyilmaz.com\/index.php?rest_route=%2Fwp%2Fv2%2Fmedia&parent=37391"}],"wp:term":[{"taxonomy":"category","embeddable":true,"href":"http:\/\/www.korhanyilmaz.com\/index.php?rest_route=%2Fwp%2Fv2%2Fcategories&post=37391"},{"taxonomy":"post_tag","embeddable":true,"href":"http:\/\/www.korhanyilmaz.com\/index.php?rest_route=%2Fwp%2Fv2%2Ftags&post=37391"}],"curies":[{"name":"wp","href":"https:\/\/api.w.org\/{rel}","templated":true}]}}