{"id":37386,"date":"2011-07-29T18:20:03","date_gmt":"2011-07-29T15:20:03","guid":{"rendered":"http:\/\/www.korhanyilmaz.com\/?p=37386"},"modified":"2011-07-29T19:43:40","modified_gmt":"2011-07-29T16:43:40","slug":"kosaner-ve-kuvvet-komutanlari-gorevi-birakti","status":"publish","type":"post","link":"http:\/\/www.korhanyilmaz.com\/?p=37386","title":{"rendered":"Ko\u015faner ve kuvvet komutanlar\u0131 g\u00f6revi b\u0131rakt\u0131"},"content":{"rendered":"<p style=\"text-align: center;\"><a href=\"http:\/\/www.korhanyilmaz.com\/wp-content\/uploads\/2011\/07\/2109.jpg\"  class=\"lightview\"><img loading=\"lazy\" decoding=\"async\" class=\"aligncenter size-full wp-image-37387\" src=\"http:\/\/www.korhanyilmaz.com\/wp-content\/uploads\/2011\/07\/2109.jpg\" alt=\"\" width=\"525\" height=\"164\" \/><\/a><\/p>\n<p style=\"text-align: justify;\">Genelkurmay Ba\u015fkan\u0131 Org. I\u015f\u0131k Ko\u015faner ile kara, deniz ve hava kuvvetleri komutanlar\u0131 emekliliklerini istedi.<\/p>\n<p style=\"text-align: justify;\">\u0130STANBUL &#8211; Kritik Y\u00fcksek Askeri \u015eura (YA\u015e) \u00f6ncesinde T\u00fcrk Silahl\u0131 Kuvvetleri&#8217;nin tarihindeki en b\u00fcy\u00fck kriz ya\u015fan\u0131yor.<\/p>\n<p style=\"text-align: justify;\">Genelkurmay Ba\u015fkan\u0131 Orgeneral I\u015f\u0131k Ko\u015faner ve kuvvet komutanlar\u0131 emekliliklerini istedi. Ko\u015faner&#8217;in &#8216;g\u00f6rd\u00fc\u011f\u00fc l\u00fczum&#8217; \u00fczerine bu karar\u0131 ald\u0131\u011f\u0131 belirtiliyor. <!--more--><\/p>\n<p style=\"text-align: justify;\">Ko\u015faner, iste\u011fini Ba\u015fbakan Tayyip Erdo\u011fan&#8217;a sundu. H\u00fck\u00fcmetin bu karar \u00fczerine nas\u0131l bir tav\u0131r sergileyece\u011fi bilinmiyor.<\/p>\n<p style=\"text-align: justify;\">Ko\u015faner&#8217;le birlikte Kara Kuvvetleri Komutan\u0131 Erdal Ceylano\u011flu, Deniz Kuvvetleri Komutan\u0131 E\u015fref U\u011fur Yi\u011fit ve Hava Kuvvetleri Komutan\u0131 Hasan Aksay da emekliliklerini istedi.<\/p>\n<p style=\"text-align: justify;\">YA\u015e&#8217;ta tutuklu generallerin durumuyla ilgili krizin \u00e7\u00f6z\u00fclmesi i\u00e7in bir dizi toplant\u0131 yap\u0131lm\u0131\u015ft\u0131. Komuta kademesinin tutuklu generallerle ilgili rahats\u0131zl\u0131k duydu\u011fu belirtiliyordu.<\/p>\n<p style=\"text-align: justify;\">YA\u015e bu durumda pazartesi g\u00fcn\u00fc Genelkurmay Ba\u015fkan\u0131 Ko\u015faner olmadan toplanacak.<\/p>\n<p style=\"text-align: justify;\">Genelkurmay Ba\u015fkan\u0131 Org. Ko\u015faner, g\u00f6revi ge\u00e7en y\u0131l \u0130lker Ba\u015fbu\u011f&#8217;dan devralm\u0131\u015ft\u0131.<\/p>\n<p style=\"text-align: justify;\"><a href=\"http:\/\/www.ntvmsnbc.com\/id\/25236868\/\" target=\"_blank\">Kaynak : NTVMSNBC<\/a><\/p>\n","protected":false},"excerpt":{"rendered":"<p style=\"text-align: center;\">\n<p style=\"text-align: justify;\">Genelkurmay Ba\u015fkan\u0131 Org. I\u015f\u0131k Ko\u015faner ile kara, deniz ve hava kuvvetleri komutanlar\u0131 emekliliklerini istedi.<\/p>\n<p style=\"text-align: justify;\">\u0130STANBUL &#8211; Kritik Y\u00fcksek Askeri \u015eura (YA\u015e) \u00f6ncesinde T\u00fcrk Silahl\u0131 Kuvvetleri&#8217;nin tarihindeki en b\u00fcy\u00fck kriz ya\u015fan\u0131yor.<\/p>\n<p style=\"text-align: justify;\">Genelkurmay Ba\u015fkan\u0131 Orgeneral I\u015f\u0131k Ko\u015faner ve kuvvet komutanlar\u0131 emekliliklerini istedi. Ko\u015faner&#8217;in &#8216;g\u00f6rd\u00fc\u011f\u00fc l\u00fczum&#8217; \u00fczerine bu karar\u0131 <\/p>\n","protected":false},"author":1,"featured_media":0,"comment_status":"open","ping_status":"open","sticky":false,"template":"","format":"standard","meta":{"footnotes":""},"categories":[105],"tags":[],"class_list":["post-37386","post","type-post","status-publish","format-standard","hentry","category-gundem","odd"],"_links":{"self":[{"href":"http:\/\/www.korhanyilmaz.com\/index.php?rest_route=\/wp\/v2\/posts\/37386","targetHints":{"allow":["GET"]}}],"collection":[{"href":"http:\/\/www.korhanyilmaz.com\/index.php?rest_route=\/wp\/v2\/posts"}],"about":[{"href":"http:\/\/www.korhanyilmaz.com\/index.php?rest_route=\/wp\/v2\/types\/post"}],"author":[{"embeddable":true,"href":"http:\/\/www.korhanyilmaz.com\/index.php?rest_route=\/wp\/v2\/users\/1"}],"replies":[{"embeddable":true,"href":"http:\/\/www.korhanyilmaz.com\/index.php?rest_route=%2Fwp%2Fv2%2Fcomments&post=37386"}],"version-history":[{"count":0,"href":"http:\/\/www.korhanyilmaz.com\/index.php?rest_route=\/wp\/v2\/posts\/37386\/revisions"}],"wp:attachment":[{"href":"http:\/\/www.korhanyilmaz.com\/index.php?rest_route=%2Fwp%2Fv2%2Fmedia&parent=37386"}],"wp:term":[{"taxonomy":"category","embeddable":true,"href":"http:\/\/www.korhanyilmaz.com\/index.php?rest_route=%2Fwp%2Fv2%2Fcategories&post=37386"},{"taxonomy":"post_tag","embeddable":true,"href":"http:\/\/www.korhanyilmaz.com\/index.php?rest_route=%2Fwp%2Fv2%2Ftags&post=37386"}],"curies":[{"name":"wp","href":"https:\/\/api.w.org\/{rel}","templated":true}]}}