{"id":37359,"date":"2011-07-28T10:23:41","date_gmt":"2011-07-28T07:23:41","guid":{"rendered":"http:\/\/www.korhanyilmaz.com\/?p=37359"},"modified":"2011-07-28T22:27:39","modified_gmt":"2011-07-28T19:27:39","slug":"merkez-enflasyon-tahminini-degistirmedi","status":"publish","type":"post","link":"http:\/\/www.korhanyilmaz.com\/?p=37359","title":{"rendered":"Merkez enflasyon tahminini de\u011fi\u015ftirmedi"},"content":{"rendered":"<div id=\"attachment_37360\" style=\"width: 370px\" class=\"wp-caption aligncenter\"><a href=\"http:\/\/www.korhanyilmaz.com\/wp-content\/uploads\/2011\/07\/2107.jpeg\"  class=\"lightview\"><img loading=\"lazy\" decoding=\"async\" aria-describedby=\"caption-attachment-37360\" class=\"size-full wp-image-37360\" src=\"http:\/\/www.korhanyilmaz.com\/wp-content\/uploads\/2011\/07\/2107.jpeg\" alt=\"\" width=\"360\" height=\"240\" \/><\/a><p id=\"caption-attachment-37360\" class=\"wp-caption-text\">Merkez Bankas\u0131&#39;n\u0131n yeni Ba\u015fkan\u0131 Erdem Ba\u015f\u00e7\u0131<\/p><\/div>\n<p style=\"text-align: justify;\">Merkez Bankas\u0131, y\u00fczde 6,9 olan y\u0131l sonu enflasyon tahminini de\u011fi\u015ftirmedi.<\/p>\n<p style=\"text-align: justify;\">Merkez Bankas\u0131 Ba\u015fkan\u0131 Ba\u015f\u00e7\u0131, kriz tart\u0131\u015fmalar\u0131na &#8220;T\u00fcrkiye&#8217;de durum \u00e7ok iyi, gidi\u015fat \u00e7ok iyi&#8221; s\u00f6zleriyle nokta koydu. MB, y\u0131l sonu enflasyon tahminini de\u011fi\u015ftirmeyerek y\u00fczde 6.9&#8217;da b\u0131rakt\u0131. <!--more--><\/p>\n<p style=\"text-align: justify;\">Enflasyon raporunu a\u00e7\u0131klayan Ba\u015f\u00e7\u0131 kriz tart\u0131\u015fmalar\u0131yla ilgili olarak \u015funlar\u0131 s\u00f6yledi: &#8220;Yurtd\u0131\u015f\u0131ndaki riskler kimsenin akl\u0131na hayaline bile gelmeyen konular. ABD&#8217;de temerr\u00fct riski konu\u015fuluyor. Siyasi s\u00fcre\u00e7 i\u015fliyor, herkes emin ki bu \u00e7\u00f6z\u00fclecek. Avrupa&#8217;daki problem biraz daha b\u00fcy\u00fck. D\u00f6viz al\u0131m ihalelerine ara verirken de ona at\u0131fta bulunduk. T\u00fcrkiye&#8217;de durum \u00e7ok iyi, gidi\u015fat \u00e7ok iyi. Yat\u0131r\u0131mlar son derece m\u00fckemmel toparlanm\u0131\u015f \u015fekilde gidiyor. Bu durum \u00e7ok iyiyken i\u00e7inde bulundu\u011fumuz d\u00fcnya bir tak\u0131m risklerle kar\u015f\u0131 kar\u015f\u0131ya. \u015e\u00f6yle bir avantaj var bizim i\u00e7in; dengeleyici y\u00f6nde politikalar uygulayabiliyoruz.&#8221;<\/p>\n<p style=\"text-align: justify;\">Ba\u015fbakan&#8217;\u0131n &#8220;Bu defa te\u011fet bile ge\u00e7meyecek&#8221; s\u00f6zlerini de\u011ferlendiren Ba\u015f\u00e7\u0131, &#8220;Ben de o kadar g\u00fczel konu\u015fabilseydim siyaset\u00e7i olurdum. A\u00e7\u0131klamay\u0131 olumlu kar\u015f\u0131l\u0131yorum. Vatanda\u015fa mesaj anlam\u0131ndan da olumlu buluyorum. Bu t\u00fcr mesajlar \u015fu s\u0131ralarda faydal\u0131&#8221; dedi.<\/p>\n<p style=\"text-align: justify;\"><strong>TL A\u015eIRI DE\u011eERL\u0130 DE\u011e\u0130L<\/strong><\/p>\n<p style=\"text-align: justify;\">Kurdaki harekete de\u011finen Ba\u015f\u00e7\u0131, &#8221;T\u00fcrk Liras\u0131 a\u015f\u0131r\u0131 de\u011ferli de\u011fil, hi\u00e7 kimse a\u015f\u0131r\u0131 de\u011ferli oldu\u011funu iddia edemez. TL&#8217;nin cari a\u00e7\u0131\u011fa yapabilece\u011fi azami katk\u0131y\u0131 da biz yapt\u0131\u011f\u0131n\u0131 d\u00fc\u015f\u00fcn\u00fcyoruz. Kurlarla ilgili taahh\u00fct verildi\u011finde ba\u015f\u0131m\u0131za neler geldi\u011fini g\u00f6rd\u00fck. Bug\u00fcn i\u00e7in ger\u00e7ekten \u015funu ba\u015fard\u0131k. TL \u00fczerinde ilave bir de\u011ferleme bask\u0131s\u0131 kesinlikle \u015fu anda yok. Bizim benzedi\u011fimiz \u00fclkelere g\u00f6re TL, y\u00fczde 20&#8217;nin \u00fczerinde nisbeten daha az de\u011ferli durumda. TL&#8217;de daha fazla de\u011fer kayb\u0131 enflasyonu olumsuz etkileyebilir &#8221; dedi.<\/p>\n<p style=\"text-align: justify;\">&#8220;Kredilerle ilgili tedbir almak gerekirse bunlar az maliyetli tedbirler olacakt\u0131r&#8221; diyen Ba\u015f\u00e7\u0131, kredilerin tam arzu ettikleri y\u00f6nde ilerledi\u011fini kaydetti. Ba\u015f\u00e7\u0131, ilave faiz art\u0131\u015f\u0131na gerek duymad\u0131klar\u0131n\u0131 ifade etti.<\/p>\n<p style=\"text-align: justify;\"><strong>A\u015eIRI ISINMA VE SERT \u0130N\u0130\u015e R\u0130SK\u0130 YOK<\/strong><\/p>\n<p style=\"text-align: justify;\">Ba\u015f\u00e7\u0131, ekonomide a\u015f\u0131r\u0131 \u0131s\u0131nma ve sert ini\u015f riski g\u00f6rmediklerini belirterek, &#8220;MB olarak fon giri\u015flerindeki ani durmaya haz\u0131r\u0131z ama bu ihtimal az&#8221; diye konu\u015ftu. T\u00fcrkiye&#8217;nin d\u00f6viz pozisyonuyla ilgili s\u0131k\u0131nt\u0131s\u0131 olmad\u0131\u011f\u0131n\u0131 ifade eden Ba\u015f\u00e7\u0131, T\u00fcrkiye&#8217;nin hi\u00e7bir \u015fekilde dalgalanma korkusu olmad\u0131\u011f\u0131n\u0131 ifade etti.<\/p>\n<p style=\"text-align: justify;\"><strong>ENFLASYON TAHM\u0130N\u0130 DE\u011e\u0130\u015eMED\u0130<\/strong><\/p>\n<p style=\"text-align: justify;\">Enflasyon tahminlerini a\u00e7\u0131klayan Ba\u015f\u00e7\u0131, 2011 sonu enflasyon tahminlerinin orta noktas\u0131 y\u00fczde 6,9 olmak \u00fczere y\u00fczde 5,9 ile y\u00fczde 7,9 aras\u0131nda olaca\u011f\u0131n\u0131 s\u00f6yledi. Ba\u015f\u00e7\u0131, enflasyon tahminlerinin de\u011fi\u015fmedi\u011fini kaydetti. Ba\u015f\u00e7\u0131, 2012 sonu enflasyon tahminlerinin orta noktas\u0131 y\u00fczde 5,2 olmak \u00fczere y\u00fczde 3,5 ile y\u00fczde 6,9 aras\u0131nda olaca\u011f\u0131n\u0131 s\u00f6yledi. Merkez Bankas\u0131 Ba\u015fkan\u0131, 2011&#8217;in ikinci \u00e7eyre\u011finde d\u00fcnyada b\u00fcy\u00fcmenin yava\u015flad\u0131\u011f\u0131n\u0131, a\u015fa\u011f\u0131 y\u00f6nl\u00fc risklerin belirginle\u015fti\u011fini s\u00f6yledi. Ba\u015f\u00e7\u0131, geli\u015fmi\u015f ve geli\u015fen \u00fclkelerde b\u00fcy\u00fcme rakamlar\u0131n\u0131n ayr\u0131\u015fmaya devam etti\u011fini kaydetti. Erdem Ba\u015f\u00e7\u0131&#8217;n\u0131n a\u00e7\u0131klamas\u0131 \u00f6ncesinde 1,69&#8217;un \u00fczerinde seyreden dolar, TL&#8217;yle ilgili de\u011ferlendirmeler sonras\u0131nda 1,67&#8217;ye kadar geriledi.<\/p>\n<p style=\"text-align: justify;\"><a href=\"http:\/\/www.radikal.com.tr\/Radikal.aspx?aType=RadikalDetayV3&amp;ArticleID=1057949&amp;Date=28.07.2011&amp;CategoryID=80\" target=\"_blank\">Kaynak : Radikal.com.tr<\/a><\/p>\n","protected":false},"excerpt":{"rendered":"<p id=\"caption-attachment-37360\" class=\"wp-caption-text\">Merkez Bankas\u0131&#39;n\u0131n yeni Ba\u015fkan\u0131 Erdem Ba\u015f\u00e7\u0131<\/p>\n<p style=\"text-align: justify;\">Merkez Bankas\u0131, y\u00fczde 6,9 olan y\u0131l sonu enflasyon tahminini de\u011fi\u015ftirmedi.<\/p>\n<p style=\"text-align: justify;\">Merkez Bankas\u0131 Ba\u015fkan\u0131 Ba\u015f\u00e7\u0131, kriz tart\u0131\u015fmalar\u0131na &#8220;T\u00fcrkiye&#8217;de durum \u00e7ok iyi, gidi\u015fat \u00e7ok iyi&#8221; s\u00f6zleriyle nokta koydu. MB, y\u0131l sonu enflasyon tahminini de\u011fi\u015ftirmeyerek y\u00fczde 6.9&#8217;da b\u0131rakt\u0131. <\/p>\n","protected":false},"author":1,"featured_media":0,"comment_status":"open","ping_status":"open","sticky":false,"template":"","format":"standard","meta":{"footnotes":""},"categories":[7],"tags":[],"class_list":["post-37359","post","type-post","status-publish","format-standard","hentry","category-ekonomi","odd"],"_links":{"self":[{"href":"http:\/\/www.korhanyilmaz.com\/index.php?rest_route=\/wp\/v2\/posts\/37359","targetHints":{"allow":["GET"]}}],"collection":[{"href":"http:\/\/www.korhanyilmaz.com\/index.php?rest_route=\/wp\/v2\/posts"}],"about":[{"href":"http:\/\/www.korhanyilmaz.com\/index.php?rest_route=\/wp\/v2\/types\/post"}],"author":[{"embeddable":true,"href":"http:\/\/www.korhanyilmaz.com\/index.php?rest_route=\/wp\/v2\/users\/1"}],"replies":[{"embeddable":true,"href":"http:\/\/www.korhanyilmaz.com\/index.php?rest_route=%2Fwp%2Fv2%2Fcomments&post=37359"}],"version-history":[{"count":0,"href":"http:\/\/www.korhanyilmaz.com\/index.php?rest_route=\/wp\/v2\/posts\/37359\/revisions"}],"wp:attachment":[{"href":"http:\/\/www.korhanyilmaz.com\/index.php?rest_route=%2Fwp%2Fv2%2Fmedia&parent=37359"}],"wp:term":[{"taxonomy":"category","embeddable":true,"href":"http:\/\/www.korhanyilmaz.com\/index.php?rest_route=%2Fwp%2Fv2%2Fcategories&post=37359"},{"taxonomy":"post_tag","embeddable":true,"href":"http:\/\/www.korhanyilmaz.com\/index.php?rest_route=%2Fwp%2Fv2%2Ftags&post=37359"}],"curies":[{"name":"wp","href":"https:\/\/api.w.org\/{rel}","templated":true}]}}