{"id":37355,"date":"2011-07-28T21:23:04","date_gmt":"2011-07-28T18:23:04","guid":{"rendered":"http:\/\/www.korhanyilmaz.com\/?p=37355"},"modified":"2011-07-28T22:19:45","modified_gmt":"2011-07-28T19:19:45","slug":"ergenekonda-5-milyon-dolarlik-gorusme-iddiasi","status":"publish","type":"post","link":"http:\/\/www.korhanyilmaz.com\/?p=37355","title":{"rendered":"Ergenekon&#8217;da 5 milyon dolarl\u0131k g\u00f6r\u00fc\u015fme iddias\u0131"},"content":{"rendered":"<p style=\"text-align: center;\"><a href=\"http:\/\/www.korhanyilmaz.com\/wp-content\/uploads\/2011\/07\/2106.jpeg\"  class=\"lightview\"><img loading=\"lazy\" decoding=\"async\" class=\"aligncenter size-full wp-image-37356\" src=\"http:\/\/www.korhanyilmaz.com\/wp-content\/uploads\/2011\/07\/2106.jpeg\" alt=\"\" width=\"360\" height=\"240\" \/><\/a><\/p>\n<p style=\"text-align: justify;\">Birinci &#8220;Ergenekon&#8221; davas\u0131n\u0131n tutuklu san\u0131klar\u0131ndan \u0130\u015f\u00e7i Partisi Genel Ba\u015fkan\u0131 Do\u011fu Perin\u00e7ek, Fethullah G\u00fclen&#8217;in 1996 y\u0131l\u0131nda kendisine 12 ki\u015filik bir heyet g\u00f6nderdi\u011fini ve g\u00f6r\u00fc\u015fme talep etti\u011fini \u00f6ne s\u00fcrd\u00fc.<\/p>\n<p style=\"text-align: justify;\">\u0130STANBUL- \u0130stanbul 13. A\u011f\u0131r Ceza Mahkemesince, Silivri Ceza ve \u0130nfaz Kurumlar\u0131 Yerle\u015fkesindeki salonda g\u00f6r\u00fclen duru\u015fmada tan\u0131k Kemalettin G\u00fclen\u2019in beyan\u0131 al\u0131n\u0131rken s\u00f6z alan Perin\u00e7ek, 1996 y\u0131l\u0131nda, 28 \u015eubat arifesinde Fethullah G\u00fclen cemaatinin G\u00fclen\u2019den sonraki ikinci liderinin kendisini arayarak g\u00f6r\u00fc\u015fmek istedi\u011fini iddia etti. <!--more--><\/p>\n<p style=\"text-align: justify;\">Ziyarete bir vak\u0131f ad\u0131na geldiklerini s\u00f6yleyen 12 ki\u015filik heyetle \u0130\u015f\u00e7i Partisi \u0130stanbul \u0130l Merkezi\u2019nde g\u00f6r\u00fc\u015ft\u00fc\u011f\u00fcn\u00fc savunan Perin\u00e7ek, bu ki\u015filerin kendisine Fethullah G\u00fclen\u2019in selam ve sayg\u0131lar\u0131n\u0131 getirdiklerini s\u00f6ylediklerini aktard\u0131. Perin\u00e7ek, heyetin kendisine, &#8220;Fethullah G\u00fclen\u2019in g\u00f6r\u00fc\u015fmek istedi\u011fini, ama ne G\u00fclen\u2019in buraya gelece\u011fini ne de kendisinin Fethullah G\u00fclen\u2019e gidece\u011fini bildikleri i\u00e7in bir otelde bulu\u015fulaca\u011f\u0131n\u0131, bas\u0131na foto\u011fraf \u00e7ektirilerek bar\u0131\u015f ve uzla\u015fma mesaj\u0131 verilece\u011fini&#8221; s\u00f6yledi\u011fini savunarak, &#8220;Ben bu g\u00f6r\u00fc\u015fmenin anlaml\u0131 olmayaca\u011f\u0131n\u0131 bildi\u011fim i\u00e7in reddettim&#8221; iddias\u0131nda bulundu.<\/p>\n<p style=\"text-align: justify;\">Mahkeme Heyeti Ba\u015fkan\u0131 Hasan H\u00fcseyin \u00d6zese\u2019nin, bu teklifi yapan\u0131n kim oldu\u011funu sormas\u0131 \u00fczerine Perin\u00e7ek, o zaman G\u00fclen cemaatinin ikinci adam\u0131 olan Latif Erdo\u011fan ve beraberindekiler oldu\u011funu s\u00f6yledi.<\/p>\n<p style=\"text-align: justify;\">Bu g\u00f6r\u00fc\u015fmeden iki g\u00fcn sonra da Samanyolu televizyonunun ileri gelenlerinden birinin kendisini arad\u0131\u011f\u0131n\u0131 \u00f6ne s\u00fcren Perin\u00e7ek, bu ki\u015finin telefonda, &#8220;Neden b\u00f6yle bir g\u00f6r\u00fc\u015fmeyi reddetti\u011fini sordu\u011funu, bu g\u00f6r\u00fc\u015fmenin 5 milyon dolardan ba\u015flayaca\u011f\u0131n\u0131 ve \u0130\u015f\u00e7i Partisi\u2019nin se\u00e7im \u00e7al\u0131\u015fmas\u0131 i\u00e7in \u00e7ok faydal\u0131 olaca\u011f\u0131n\u0131&#8221; s\u00f6yledi\u011fini iddia etti.<\/p>\n<p style=\"text-align: justify;\">Tan\u0131k Kemalettin G\u00fclen\u2019in, Alparslan Arslan\u2019\u0131n \u0130\u015f\u00e7i Partili oldu\u011funu s\u00f6yledi\u011fini hat\u0131rlatan Perin\u00e7ek, &#8220;Ne Alparslan Arslan \u0130\u015f\u00e7i Partili herhangi birini aram\u0131\u015ft\u0131r ne de partinin kap\u0131s\u0131na gelmi\u015ftir, ancak Fethullah G\u00fclen benimle g\u00f6r\u00fc\u015fmek istemi\u015ftir&#8221; dedi.<\/p>\n<p style=\"text-align: justify;\">Perin\u00e7ek, asl\u0131nda hi\u00e7 konu\u015fmayaca\u011f\u0131n\u0131, ancak Arslan\u2019\u0131n \u0130\u015f\u00e7i Partili oldu\u011fu s\u00f6ylenince, zapta ge\u00e7mesi i\u00e7in konu\u015ftu\u011funu belirterek, &#8220;2008\u2019de, Fethullah G\u00fclen cemaatinin her y\u0131l d\u00fczenledi\u011fi T\u00fcrk\u00e7e Olimpiyatlar\u0131\u2019n\u0131n \u00f6d\u00fcl t\u00f6reninde bir konu\u015fma yapmam i\u00e7in teklif geldi. \u2019Bakanlar da gelecek, sizi protokolde oturtaca\u011f\u0131z. Bakanlar sizin arkan\u0131zda oturacak\u2019 dediler. Bunu da kabul etmedim&#8221; \u015feklinde konu\u015ftu.<\/p>\n<p style=\"text-align: justify;\"><strong>PER\u0130N\u00c7EK\u2019\u0130N AVUKATI CENG\u0130Z<\/strong><\/p>\n<p style=\"text-align: justify;\">Perin\u00e7ek\u2019in avukat\u0131 Mehmet Cengiz de tan\u0131k Kemalettin G\u00fclen\u2019e, Alparslan Arslan\u2019\u0131n birka\u00e7 kez \u0130\u015f\u00e7i Partisi \u00fcyesi oldu\u011funu s\u00f6yledi\u011fini hat\u0131rlatarak, &#8220;Alparslan Arslan \u0130\u015f\u00e7i Partisi\u2019nin hangi il ve il\u00e7e te\u015fkilat\u0131 \u00fcyesiymi\u015f?&#8221; sorusunu y\u00f6neltti. G\u00fclen de &#8220;Kendisinde Ulusal Haber bas\u0131n kart\u0131 bulundu. Evinde \u00e7ok say\u0131da Ayd\u0131nl\u0131k dergisi bulundu&#8221; yan\u0131t\u0131n\u0131 verdi.<\/p>\n<p style=\"text-align: justify;\">Avukat Cengiz de s\u00f6z konusu kart\u0131n Ulusal Kanal\u2019la uzaktan yak\u0131ndan alakas\u0131 olmad\u0131\u011f\u0131n\u0131n Ankara Cumhuriyet Ba\u015fsavc\u0131l\u0131\u011f\u0131 taraf\u0131ndan saptand\u0131\u011f\u0131n\u0131 s\u00f6yledi.<\/p>\n<p style=\"text-align: justify;\">Duru\u015fmada tan\u0131k olarak dinlenen Nusret Aras da Dan\u0131\u015ftay sald\u0131r\u0131s\u0131ndan bir g\u00fcn \u00f6nce Osman Y\u0131ld\u0131r\u0131m\u2019\u0131n kendisini arayarak, Ankara\u2019daki bir otelde oldu\u011funu ve g\u00f6r\u00fc\u015fmek istedi\u011fini belirtti\u011fini, Y\u0131ld\u0131r\u0131m ile yakla\u015f\u0131k 15 dakika g\u00f6r\u00fc\u015ft\u00fckten sonra otelden ayr\u0131ld\u0131\u011f\u0131n\u0131 anlatt\u0131.<\/p>\n<p style=\"text-align: justify;\">Aras, Y\u0131ld\u0131r\u0131m\u2019\u0131n kendisine, bir alacak meselesi nedeniyle avukat\u0131yla birlikte Ankara\u2019ya geldi\u011fini s\u00f6yledi\u011fini ifade etti.<\/p>\n<p style=\"text-align: justify;\">Mahkeme Heyeti Ba\u015fkan\u0131 \u00d6zese\u2019nin, konu\u015fma s\u0131ras\u0131nda Y\u0131ld\u0131r\u0131m\u2019\u0131n Dan\u0131\u015ftay\u2019dan bahsedip etmedi\u011fini sormas\u0131 \u00fczerine Aras, &#8220;Benim yan\u0131mda \u00f6yle bir \u015feyden bahsetmedi. \u00d6yle bir \u015fey olsayd\u0131 hemen polise s\u00f6ylerdim&#8221; yan\u0131t\u0131n\u0131 verdi.<\/p>\n<p style=\"text-align: justify;\">Mahkeme Heyeti, Aras\u2019\u0131n beyan\u0131n\u0131n al\u0131nmas\u0131n\u0131n ard\u0131ndan duru\u015fmay\u0131 4 A\u011fustos Per\u015fembe g\u00fcn\u00fcne erteledi.<\/p>\n<p style=\"text-align: justify;\"><a href=\"http:\/\/www.radikal.com.tr\/Radikal.aspx?aType=RadikalDetayV3&amp;ArticleID=1058020&amp;Date=28.07.2011&amp;CategoryID=77\" target=\"_blank\">Kaynak : Radikal.com.tr<\/a><\/p>\n","protected":false},"excerpt":{"rendered":"<p style=\"text-align: center;\">\n<p style=\"text-align: justify;\">Birinci &#8220;Ergenekon&#8221; davas\u0131n\u0131n tutuklu san\u0131klar\u0131ndan \u0130\u015f\u00e7i Partisi Genel Ba\u015fkan\u0131 Do\u011fu Perin\u00e7ek, Fethullah G\u00fclen&#8217;in 1996 y\u0131l\u0131nda kendisine 12 ki\u015filik bir heyet g\u00f6nderdi\u011fini ve g\u00f6r\u00fc\u015fme talep etti\u011fini \u00f6ne s\u00fcrd\u00fc.<\/p>\n<p style=\"text-align: justify;\">\u0130STANBUL- \u0130stanbul 13. A\u011f\u0131r Ceza Mahkemesince, Silivri Ceza ve \u0130nfaz Kurumlar\u0131 Yerle\u015fkesindeki salonda g\u00f6r\u00fclen duru\u015fmada tan\u0131k Kemalettin G\u00fclen\u2019in beyan\u0131 al\u0131n\u0131rken s\u00f6z <\/p>\n","protected":false},"author":1,"featured_media":0,"comment_status":"open","ping_status":"open","sticky":false,"template":"","format":"standard","meta":{"footnotes":""},"categories":[105],"tags":[],"class_list":["post-37355","post","type-post","status-publish","format-standard","hentry","category-gundem","odd"],"_links":{"self":[{"href":"http:\/\/www.korhanyilmaz.com\/index.php?rest_route=\/wp\/v2\/posts\/37355","targetHints":{"allow":["GET"]}}],"collection":[{"href":"http:\/\/www.korhanyilmaz.com\/index.php?rest_route=\/wp\/v2\/posts"}],"about":[{"href":"http:\/\/www.korhanyilmaz.com\/index.php?rest_route=\/wp\/v2\/types\/post"}],"author":[{"embeddable":true,"href":"http:\/\/www.korhanyilmaz.com\/index.php?rest_route=\/wp\/v2\/users\/1"}],"replies":[{"embeddable":true,"href":"http:\/\/www.korhanyilmaz.com\/index.php?rest_route=%2Fwp%2Fv2%2Fcomments&post=37355"}],"version-history":[{"count":0,"href":"http:\/\/www.korhanyilmaz.com\/index.php?rest_route=\/wp\/v2\/posts\/37355\/revisions"}],"wp:attachment":[{"href":"http:\/\/www.korhanyilmaz.com\/index.php?rest_route=%2Fwp%2Fv2%2Fmedia&parent=37355"}],"wp:term":[{"taxonomy":"category","embeddable":true,"href":"http:\/\/www.korhanyilmaz.com\/index.php?rest_route=%2Fwp%2Fv2%2Fcategories&post=37355"},{"taxonomy":"post_tag","embeddable":true,"href":"http:\/\/www.korhanyilmaz.com\/index.php?rest_route=%2Fwp%2Fv2%2Ftags&post=37355"}],"curies":[{"name":"wp","href":"https:\/\/api.w.org\/{rel}","templated":true}]}}